{"id":2697,"date":"2021-03-19T10:03:00","date_gmt":"2021-03-19T10:03:00","guid":{"rendered":"http:\/\/www.fpecaixa.info\/limiti-anual-de-aportacions-a-plans-de-pensions\/"},"modified":"2021-10-19T13:52:34","modified_gmt":"2021-10-19T13:52:34","slug":"limiti-anual-de-aportacions-a-plans-de-pensions","status":"publish","type":"post","link":"https:\/\/www.fpecaixa.info\/ca\/limiti-anual-de-aportacions-a-plans-de-pensions\/","title":{"rendered":"L\u00edmit anual d&#8217;aportacions a Plans de Pensions"},"content":{"rendered":"\n<p>Es modifica l&#8217;articulo 52 de la Llei 11\/2020, de 30 de desembre de Pressupostos Generals de l&#8217;Estat per a l&#8217;any 2021, i amb efectes des d&#8217;1 de gener del 2021 i vig\u00e8ncia indefinida canvien els l\u00edmits de reducci\u00f3 i amb aix\u00f2 les aportacions anuals m\u00e0ximes als plans de pensions.<\/p>\n\n<p>El l\u00edmit de deducci\u00f3 per aportacions a plans de pensions individuals es rebaixa de 8.000 a 2.000 euros anuals, aquest l\u00edmit s&#8217;incrementar\u00e0 en 8.000 euros, sempre que tal increment provingui de contribucions empresarials. <\/p>\n\n<p>Aix\u00ed, el l\u00edmit m\u00e0xim d&#8217;aportaci\u00f3 per part de CaixaBank en el Pla de Pensions d&#8217;Ocupaci\u00f3 ser\u00e0 de 10.000 euros, aix\u00f2 \u00e9s, els 2.000 euros del l\u00edmit general i els 8.000 euros d&#8217;increment per contribucions empresarials, computant tant les aportacions per jubilaci\u00f3 com la prima de la cobertura de risc que finan\u00e7a CaixaBank.<\/p>\n\n<p>Remarcar que tot import superior a 8.000 euros realitzat pel promotor, disminuir\u00e0 el l\u00edmit anual de 2.000 euros d&#8217;aportacions del part\u00edcip de qualsevol dels Plans de Pensions Individuals o al Pla de Pensions Associat de CaixaBank (PC2).<\/p>\n\n<p>Si l&#8217;aportaci\u00f3 anual establerta que fa el promotor, al nostre pla d&#8217;ocupaci\u00f3 PC30, super\u00e9s el l\u00edmit financer o fiscal vigent a cada moment, els 10.000\u20ac , l&#8217;exc\u00e9s s&#8217;aportar\u00e0 per l&#8217;empresa a un Segurfon Empresa. <\/p>\n","protected":false},"excerpt":{"rendered":"<p>Es modifica l&#8217;articulo 52 de la Llei 11\/2020, de 30 de desembre de Pressupostos Generals de l&#8217;Estat per a l&#8217;any 2021, i amb efectes des d&#8217;1 de gener del 2021 i vig\u00e8ncia indefinida canvien els l\u00edmits de reducci\u00f3 i amb aix\u00f2 les aportacions anuals m\u00e0ximes als plans de pensions. El l\u00edmit de deducci\u00f3 per aportacions [&hellip;]<\/p>\n","protected":false},"author":2,"featured_media":0,"comment_status":"closed","ping_status":"open","sticky":false,"template":"","format":"standard","meta":{"_acf_changed":false,"_monsterinsights_skip_tracking":false,"_monsterinsights_sitenote_active":false,"_monsterinsights_sitenote_note":"","_monsterinsights_sitenote_category":0,"footnotes":""},"categories":[57],"tags":[],"class_list":["post-2697","post","type-post","status-publish","format-standard","hentry","category-noticies"],"acf":[],"yoast_head":"<!-- This site is optimized with the Yoast SEO plugin v27.5 - https:\/\/yoast.com\/product\/yoast-seo-wordpress\/ -->\n<title>L\u00edmit anual d&#039;aportacions a Plans de Pensions - Plan de Pensiones de Empleo (PC30)<\/title>\n<meta name=\"robots\" content=\"index, follow, max-snippet:-1, max-image-preview:large, max-video-preview:-1\" \/>\n<link rel=\"canonical\" href=\"https:\/\/www.fpecaixa.info\/ca\/limiti-anual-de-aportacions-a-plans-de-pensions\/\" \/>\n<meta property=\"og:locale\" content=\"ca_ES\" \/>\n<meta property=\"og:type\" content=\"article\" \/>\n<meta property=\"og:title\" content=\"L\u00edmit anual d&#039;aportacions a Plans de Pensions - Plan de Pensiones de Empleo (PC30)\" \/>\n<meta property=\"og:description\" content=\"Es modifica l&#8217;articulo 52 de la Llei 11\/2020, de 30 de desembre de Pressupostos Generals de l&#8217;Estat per a l&#8217;any 2021, i amb efectes des d&#8217;1 de gener del 2021 i vig\u00e8ncia indefinida canvien els l\u00edmits de reducci\u00f3 i amb aix\u00f2 les aportacions anuals m\u00e0ximes als plans de pensions. El l\u00edmit de deducci\u00f3 per aportacions [&hellip;]\" \/>\n<meta property=\"og:url\" content=\"https:\/\/www.fpecaixa.info\/ca\/limiti-anual-de-aportacions-a-plans-de-pensions\/\" \/>\n<meta property=\"og:site_name\" content=\"Plan de Pensiones de Empleo (PC30)\" \/>\n<meta property=\"article:published_time\" content=\"2021-03-19T10:03:00+00:00\" \/>\n<meta property=\"article:modified_time\" content=\"2021-10-19T13:52:34+00:00\" \/>\n<meta name=\"twitter:card\" content=\"summary_large_image\" \/>\n<meta name=\"twitter:label1\" content=\"Escrit per\" \/>\n\t<meta name=\"twitter:data1\" content=\"\" \/>\n\t<meta name=\"twitter:label2\" content=\"Temps estimat de lectura\" \/>\n\t<meta name=\"twitter:data2\" content=\"1 minut\" \/>\n<script type=\"application\/ld+json\" class=\"yoast-schema-graph\">{\"@context\":\"https:\\\/\\\/schema.org\",\"@graph\":[{\"@type\":\"Article\",\"@id\":\"https:\\\/\\\/www.fpecaixa.info\\\/ca\\\/limiti-anual-de-aportacions-a-plans-de-pensions\\\/#article\",\"isPartOf\":{\"@id\":\"https:\\\/\\\/www.fpecaixa.info\\\/ca\\\/limiti-anual-de-aportacions-a-plans-de-pensions\\\/\"},\"author\":{\"name\":\"\",\"@id\":\"\"},\"headline\":\"L\u00edmit anual d&#8217;aportacions a Plans de Pensions\",\"datePublished\":\"2021-03-19T10:03:00+00:00\",\"dateModified\":\"2021-10-19T13:52:34+00:00\",\"mainEntityOfPage\":{\"@id\":\"https:\\\/\\\/www.fpecaixa.info\\\/ca\\\/limiti-anual-de-aportacions-a-plans-de-pensions\\\/\"},\"wordCount\":212,\"articleSection\":[\"Not\u00edcies\"],\"inLanguage\":\"ca\"},{\"@type\":\"WebPage\",\"@id\":\"https:\\\/\\\/www.fpecaixa.info\\\/ca\\\/limiti-anual-de-aportacions-a-plans-de-pensions\\\/\",\"url\":\"https:\\\/\\\/www.fpecaixa.info\\\/ca\\\/limiti-anual-de-aportacions-a-plans-de-pensions\\\/\",\"name\":\"L\u00edmit anual d'aportacions a Plans de Pensions - Plan de Pensiones de Empleo (PC30)\",\"isPartOf\":{\"@id\":\"https:\\\/\\\/www.fpecaixa.info\\\/#website\"},\"datePublished\":\"2021-03-19T10:03:00+00:00\",\"dateModified\":\"2021-10-19T13:52:34+00:00\",\"author\":{\"@id\":\"\"},\"breadcrumb\":{\"@id\":\"https:\\\/\\\/www.fpecaixa.info\\\/ca\\\/limiti-anual-de-aportacions-a-plans-de-pensions\\\/#breadcrumb\"},\"inLanguage\":\"ca\",\"potentialAction\":[{\"@type\":\"ReadAction\",\"target\":[\"https:\\\/\\\/www.fpecaixa.info\\\/ca\\\/limiti-anual-de-aportacions-a-plans-de-pensions\\\/\"]}]},{\"@type\":\"BreadcrumbList\",\"@id\":\"https:\\\/\\\/www.fpecaixa.info\\\/ca\\\/limiti-anual-de-aportacions-a-plans-de-pensions\\\/#breadcrumb\",\"itemListElement\":[{\"@type\":\"ListItem\",\"position\":1,\"name\":\"Inici\",\"item\":\"https:\\\/\\\/www.fpecaixa.info\\\/ca\\\/\"},{\"@type\":\"ListItem\",\"position\":2,\"name\":\"Not\u00edcies\",\"item\":\"https:\\\/\\\/www.fpecaixa.info\\\/ca\\\/category\\\/noticies\\\/\"},{\"@type\":\"ListItem\",\"position\":3,\"name\":\"L\u00edmit anual d&#8217;aportacions a Plans de Pensions\"}]},{\"@type\":\"WebSite\",\"@id\":\"https:\\\/\\\/www.fpecaixa.info\\\/#website\",\"url\":\"https:\\\/\\\/www.fpecaixa.info\\\/\",\"name\":\"Plan de Pensiones de Empleo (PC30)\",\"description\":\"Web informativa para el Plan de Pensiones de Empleo (PC30) de trabajadores de Caixabank\",\"potentialAction\":[{\"@type\":\"SearchAction\",\"target\":{\"@type\":\"EntryPoint\",\"urlTemplate\":\"https:\\\/\\\/www.fpecaixa.info\\\/?s={search_term_string}\"},\"query-input\":{\"@type\":\"PropertyValueSpecification\",\"valueRequired\":true,\"valueName\":\"search_term_string\"}}],\"inLanguage\":\"ca\"},{\"@type\":\"Person\",\"@id\":\"\",\"url\":\"https:\\\/\\\/www.fpecaixa.info\\\/ca\\\/author\\\/\"}]}<\/script>\n<!-- \/ Yoast SEO plugin. -->","yoast_head_json":{"title":"L\u00edmit anual d'aportacions a Plans de Pensions - Plan de Pensiones de Empleo (PC30)","robots":{"index":"index","follow":"follow","max-snippet":"max-snippet:-1","max-image-preview":"max-image-preview:large","max-video-preview":"max-video-preview:-1"},"canonical":"https:\/\/www.fpecaixa.info\/ca\/limiti-anual-de-aportacions-a-plans-de-pensions\/","og_locale":"ca_ES","og_type":"article","og_title":"L\u00edmit anual d'aportacions a Plans de Pensions - Plan de Pensiones de Empleo (PC30)","og_description":"Es modifica l&#8217;articulo 52 de la Llei 11\/2020, de 30 de desembre de Pressupostos Generals de l&#8217;Estat per a l&#8217;any 2021, i amb efectes des d&#8217;1 de gener del 2021 i vig\u00e8ncia indefinida canvien els l\u00edmits de reducci\u00f3 i amb aix\u00f2 les aportacions anuals m\u00e0ximes als plans de pensions. El l\u00edmit de deducci\u00f3 per aportacions [&hellip;]","og_url":"https:\/\/www.fpecaixa.info\/ca\/limiti-anual-de-aportacions-a-plans-de-pensions\/","og_site_name":"Plan de Pensiones de Empleo (PC30)","article_published_time":"2021-03-19T10:03:00+00:00","article_modified_time":"2021-10-19T13:52:34+00:00","twitter_card":"summary_large_image","twitter_misc":{"Escrit per":"","Temps estimat de lectura":"1 minut"},"schema":{"@context":"https:\/\/schema.org","@graph":[{"@type":"Article","@id":"https:\/\/www.fpecaixa.info\/ca\/limiti-anual-de-aportacions-a-plans-de-pensions\/#article","isPartOf":{"@id":"https:\/\/www.fpecaixa.info\/ca\/limiti-anual-de-aportacions-a-plans-de-pensions\/"},"author":{"name":"","@id":""},"headline":"L\u00edmit anual d&#8217;aportacions a Plans de Pensions","datePublished":"2021-03-19T10:03:00+00:00","dateModified":"2021-10-19T13:52:34+00:00","mainEntityOfPage":{"@id":"https:\/\/www.fpecaixa.info\/ca\/limiti-anual-de-aportacions-a-plans-de-pensions\/"},"wordCount":212,"articleSection":["Not\u00edcies"],"inLanguage":"ca"},{"@type":"WebPage","@id":"https:\/\/www.fpecaixa.info\/ca\/limiti-anual-de-aportacions-a-plans-de-pensions\/","url":"https:\/\/www.fpecaixa.info\/ca\/limiti-anual-de-aportacions-a-plans-de-pensions\/","name":"L\u00edmit anual d'aportacions a Plans de Pensions - Plan de Pensiones de Empleo (PC30)","isPartOf":{"@id":"https:\/\/www.fpecaixa.info\/#website"},"datePublished":"2021-03-19T10:03:00+00:00","dateModified":"2021-10-19T13:52:34+00:00","author":{"@id":""},"breadcrumb":{"@id":"https:\/\/www.fpecaixa.info\/ca\/limiti-anual-de-aportacions-a-plans-de-pensions\/#breadcrumb"},"inLanguage":"ca","potentialAction":[{"@type":"ReadAction","target":["https:\/\/www.fpecaixa.info\/ca\/limiti-anual-de-aportacions-a-plans-de-pensions\/"]}]},{"@type":"BreadcrumbList","@id":"https:\/\/www.fpecaixa.info\/ca\/limiti-anual-de-aportacions-a-plans-de-pensions\/#breadcrumb","itemListElement":[{"@type":"ListItem","position":1,"name":"Inici","item":"https:\/\/www.fpecaixa.info\/ca\/"},{"@type":"ListItem","position":2,"name":"Not\u00edcies","item":"https:\/\/www.fpecaixa.info\/ca\/category\/noticies\/"},{"@type":"ListItem","position":3,"name":"L\u00edmit anual d&#8217;aportacions a Plans de Pensions"}]},{"@type":"WebSite","@id":"https:\/\/www.fpecaixa.info\/#website","url":"https:\/\/www.fpecaixa.info\/","name":"Plan de Pensiones de Empleo (PC30)","description":"Web informativa para el Plan de Pensiones de Empleo (PC30) de trabajadores de Caixabank","potentialAction":[{"@type":"SearchAction","target":{"@type":"EntryPoint","urlTemplate":"https:\/\/www.fpecaixa.info\/?s={search_term_string}"},"query-input":{"@type":"PropertyValueSpecification","valueRequired":true,"valueName":"search_term_string"}}],"inLanguage":"ca"},{"@type":"Person","@id":"","url":"https:\/\/www.fpecaixa.info\/ca\/author\/"}]}},"_links":{"self":[{"href":"https:\/\/www.fpecaixa.info\/ca\/wp-json\/wp\/v2\/posts\/2697","targetHints":{"allow":["GET"]}}],"collection":[{"href":"https:\/\/www.fpecaixa.info\/ca\/wp-json\/wp\/v2\/posts"}],"about":[{"href":"https:\/\/www.fpecaixa.info\/ca\/wp-json\/wp\/v2\/types\/post"}],"author":[{"embeddable":true,"href":"https:\/\/www.fpecaixa.info\/ca\/wp-json\/wp\/v2\/users\/2"}],"replies":[{"embeddable":true,"href":"https:\/\/www.fpecaixa.info\/ca\/wp-json\/wp\/v2\/comments?post=2697"}],"version-history":[{"count":1,"href":"https:\/\/www.fpecaixa.info\/ca\/wp-json\/wp\/v2\/posts\/2697\/revisions"}],"predecessor-version":[{"id":2698,"href":"https:\/\/www.fpecaixa.info\/ca\/wp-json\/wp\/v2\/posts\/2697\/revisions\/2698"}],"wp:attachment":[{"href":"https:\/\/www.fpecaixa.info\/ca\/wp-json\/wp\/v2\/media?parent=2697"}],"wp:term":[{"taxonomy":"category","embeddable":true,"href":"https:\/\/www.fpecaixa.info\/ca\/wp-json\/wp\/v2\/categories?post=2697"},{"taxonomy":"post_tag","embeddable":true,"href":"https:\/\/www.fpecaixa.info\/ca\/wp-json\/wp\/v2\/tags?post=2697"}],"curies":[{"name":"wp","href":"https:\/\/api.w.org\/{rel}","templated":true}]}}