{"id":2707,"date":"2020-12-02T08:50:00","date_gmt":"2020-12-02T08:50:00","guid":{"rendered":"http:\/\/www.fpecaixa.info\/el-pc30-es-declara-partidari-dels-principis-del-tcfd\/"},"modified":"2021-10-19T13:53:08","modified_gmt":"2021-10-19T13:53:08","slug":"el-pc30-es-declara-partidari-dels-principis-del-tcfd","status":"publish","type":"post","link":"https:\/\/www.fpecaixa.info\/ca\/el-pc30-es-declara-partidari-dels-principis-del-tcfd\/","title":{"rendered":"El PC30 es declara partidari dels principis del TCFD"},"content":{"rendered":"\n<p>El mes de novembre passat el PC30 es va declarar partidari dels principis del TCFD (Task Force on Climate-related Financial Disclosure) per a la publicaci\u00f3 d&#8217;informaci\u00f3 del fons relacionada amb riscos associats al canvi clim\u00e0tic. El TCFD \u00e9s un organisme establert pel Consell d&#8217;Estabilitat Financera amb la finalitat de desenvolupar un est\u00e0ndard d&#8217;informaci\u00f3 associat a aspectes mediambientals que permeti con\u00e8ixer de manera transparent i comparable quines s\u00f3n les implicacions financeres de les decisions corporatives o d&#8217;inversi\u00f3 dels diferents actors econ\u00f2mics.<br\/><br\/>L&#8217;adhesi\u00f3 als principis del TCFD suposa un esfor\u00e7 addicional coherent amb el comprom\u00eds de PC30 amb els aspectes associats a la sostenibilitat i ens permetr\u00e0 aprofundir en el mesurament de riscos i valoraci\u00f3 d&#8217;oportunitats associats a les inversions que realitza el fons.<br\/><br\/>El PC30 \u00e9s el primer fons de pensions d&#8217;Espanya que es compromet a seguir les recomanacions del TCFD.<\/p>\n","protected":false},"excerpt":{"rendered":"<p>El mes de novembre passat el PC30 es va declarar partidari dels principis del TCFD (Task Force on Climate-related Financial Disclosure) per a la publicaci\u00f3 d&#8217;informaci\u00f3 del fons relacionada amb riscos associats al canvi clim\u00e0tic. El TCFD \u00e9s un organisme establert pel Consell d&#8217;Estabilitat Financera amb la finalitat de desenvolupar un est\u00e0ndard d&#8217;informaci\u00f3 associat a [&hellip;]<\/p>\n","protected":false},"author":2,"featured_media":0,"comment_status":"closed","ping_status":"open","sticky":false,"template":"","format":"standard","meta":{"_acf_changed":false,"_monsterinsights_skip_tracking":false,"_monsterinsights_sitenote_active":false,"_monsterinsights_sitenote_note":"","_monsterinsights_sitenote_category":0,"footnotes":""},"categories":[57],"tags":[],"class_list":["post-2707","post","type-post","status-publish","format-standard","hentry","category-noticies"],"acf":[],"yoast_head":"<!-- This site is optimized with the Yoast SEO plugin v27.5 - https:\/\/yoast.com\/product\/yoast-seo-wordpress\/ -->\n<title>El PC30 es declara partidari dels principis del TCFD - Plan de Pensiones de Empleo (PC30)<\/title>\n<meta name=\"robots\" content=\"index, follow, max-snippet:-1, max-image-preview:large, max-video-preview:-1\" \/>\n<link rel=\"canonical\" href=\"https:\/\/www.fpecaixa.info\/el-pc30-se-declara-partidario-de-los-principios-del-tcfd\/\" \/>\n<meta property=\"og:locale\" content=\"ca_ES\" \/>\n<meta property=\"og:type\" content=\"article\" \/>\n<meta property=\"og:title\" content=\"El PC30 es declara partidari dels principis del TCFD - Plan de Pensiones de Empleo (PC30)\" \/>\n<meta property=\"og:description\" content=\"El mes de novembre passat el PC30 es va declarar partidari dels principis del TCFD (Task Force on Climate-related Financial Disclosure) per a la publicaci\u00f3 d&#8217;informaci\u00f3 del fons relacionada amb riscos associats al canvi clim\u00e0tic. El TCFD \u00e9s un organisme establert pel Consell d&#8217;Estabilitat Financera amb la finalitat de desenvolupar un est\u00e0ndard d&#8217;informaci\u00f3 associat a [&hellip;]\" \/>\n<meta property=\"og:url\" content=\"https:\/\/www.fpecaixa.info\/el-pc30-se-declara-partidario-de-los-principios-del-tcfd\/\" \/>\n<meta property=\"og:site_name\" content=\"Plan de Pensiones de Empleo (PC30)\" \/>\n<meta property=\"article:published_time\" content=\"2020-12-02T08:50:00+00:00\" \/>\n<meta property=\"article:modified_time\" content=\"2021-10-19T13:53:08+00:00\" \/>\n<meta name=\"twitter:card\" content=\"summary_large_image\" \/>\n<meta name=\"twitter:label1\" content=\"Escrit per\" \/>\n\t<meta name=\"twitter:data1\" content=\"\" \/>\n\t<meta name=\"twitter:label2\" content=\"Temps estimat de lectura\" \/>\n\t<meta name=\"twitter:data2\" content=\"1 minut\" \/>\n<script type=\"application\/ld+json\" class=\"yoast-schema-graph\">{\"@context\":\"https:\\\/\\\/schema.org\",\"@graph\":[{\"@type\":\"Article\",\"@id\":\"https:\\\/\\\/www.fpecaixa.info\\\/el-pc30-se-declara-partidario-de-los-principios-del-tcfd\\\/#article\",\"isPartOf\":{\"@id\":\"https:\\\/\\\/www.fpecaixa.info\\\/el-pc30-se-declara-partidario-de-los-principios-del-tcfd\\\/\"},\"author\":{\"name\":\"\",\"@id\":\"\"},\"headline\":\"El PC30 es declara partidari dels principis del TCFD\",\"datePublished\":\"2020-12-02T08:50:00+00:00\",\"dateModified\":\"2021-10-19T13:53:08+00:00\",\"mainEntityOfPage\":{\"@id\":\"https:\\\/\\\/www.fpecaixa.info\\\/el-pc30-se-declara-partidario-de-los-principios-del-tcfd\\\/\"},\"wordCount\":155,\"articleSection\":[\"Not\u00edcies\"],\"inLanguage\":\"ca\"},{\"@type\":\"WebPage\",\"@id\":\"https:\\\/\\\/www.fpecaixa.info\\\/el-pc30-se-declara-partidario-de-los-principios-del-tcfd\\\/\",\"url\":\"https:\\\/\\\/www.fpecaixa.info\\\/el-pc30-se-declara-partidario-de-los-principios-del-tcfd\\\/\",\"name\":\"El PC30 es declara partidari dels principis del TCFD - Plan de Pensiones de Empleo (PC30)\",\"isPartOf\":{\"@id\":\"https:\\\/\\\/www.fpecaixa.info\\\/#website\"},\"datePublished\":\"2020-12-02T08:50:00+00:00\",\"dateModified\":\"2021-10-19T13:53:08+00:00\",\"author\":{\"@id\":\"\"},\"breadcrumb\":{\"@id\":\"https:\\\/\\\/www.fpecaixa.info\\\/el-pc30-se-declara-partidario-de-los-principios-del-tcfd\\\/#breadcrumb\"},\"inLanguage\":\"ca\",\"potentialAction\":[{\"@type\":\"ReadAction\",\"target\":[\"https:\\\/\\\/www.fpecaixa.info\\\/el-pc30-se-declara-partidario-de-los-principios-del-tcfd\\\/\"]}]},{\"@type\":\"BreadcrumbList\",\"@id\":\"https:\\\/\\\/www.fpecaixa.info\\\/el-pc30-se-declara-partidario-de-los-principios-del-tcfd\\\/#breadcrumb\",\"itemListElement\":[{\"@type\":\"ListItem\",\"position\":1,\"name\":\"Inici\",\"item\":\"https:\\\/\\\/www.fpecaixa.info\\\/ca\\\/\"},{\"@type\":\"ListItem\",\"position\":2,\"name\":\"Noticias\",\"item\":\"https:\\\/\\\/www.fpecaixa.info\\\/category\\\/noticias\\\/\"},{\"@type\":\"ListItem\",\"position\":3,\"name\":\"El PC30 es declara partidari dels principis del TCFD\"}]},{\"@type\":\"WebSite\",\"@id\":\"https:\\\/\\\/www.fpecaixa.info\\\/#website\",\"url\":\"https:\\\/\\\/www.fpecaixa.info\\\/\",\"name\":\"Plan de Pensiones de Empleo (PC30)\",\"description\":\"Web informativa para el Plan de Pensiones de Empleo (PC30) de trabajadores de Caixabank\",\"potentialAction\":[{\"@type\":\"SearchAction\",\"target\":{\"@type\":\"EntryPoint\",\"urlTemplate\":\"https:\\\/\\\/www.fpecaixa.info\\\/?s={search_term_string}\"},\"query-input\":{\"@type\":\"PropertyValueSpecification\",\"valueRequired\":true,\"valueName\":\"search_term_string\"}}],\"inLanguage\":\"ca\"},{\"@type\":\"Person\",\"@id\":\"\",\"url\":\"https:\\\/\\\/www.fpecaixa.info\\\/ca\\\/author\\\/\"}]}<\/script>\n<!-- \/ Yoast SEO plugin. -->","yoast_head_json":{"title":"El PC30 es declara partidari dels principis del TCFD - Plan de Pensiones de Empleo (PC30)","robots":{"index":"index","follow":"follow","max-snippet":"max-snippet:-1","max-image-preview":"max-image-preview:large","max-video-preview":"max-video-preview:-1"},"canonical":"https:\/\/www.fpecaixa.info\/el-pc30-se-declara-partidario-de-los-principios-del-tcfd\/","og_locale":"ca_ES","og_type":"article","og_title":"El PC30 es declara partidari dels principis del TCFD - Plan de Pensiones de Empleo (PC30)","og_description":"El mes de novembre passat el PC30 es va declarar partidari dels principis del TCFD (Task Force on Climate-related Financial Disclosure) per a la publicaci\u00f3 d&#8217;informaci\u00f3 del fons relacionada amb riscos associats al canvi clim\u00e0tic. El TCFD \u00e9s un organisme establert pel Consell d&#8217;Estabilitat Financera amb la finalitat de desenvolupar un est\u00e0ndard d&#8217;informaci\u00f3 associat a [&hellip;]","og_url":"https:\/\/www.fpecaixa.info\/el-pc30-se-declara-partidario-de-los-principios-del-tcfd\/","og_site_name":"Plan de Pensiones de Empleo (PC30)","article_published_time":"2020-12-02T08:50:00+00:00","article_modified_time":"2021-10-19T13:53:08+00:00","twitter_card":"summary_large_image","twitter_misc":{"Escrit per":"","Temps estimat de lectura":"1 minut"},"schema":{"@context":"https:\/\/schema.org","@graph":[{"@type":"Article","@id":"https:\/\/www.fpecaixa.info\/el-pc30-se-declara-partidario-de-los-principios-del-tcfd\/#article","isPartOf":{"@id":"https:\/\/www.fpecaixa.info\/el-pc30-se-declara-partidario-de-los-principios-del-tcfd\/"},"author":{"name":"","@id":""},"headline":"El PC30 es declara partidari dels principis del TCFD","datePublished":"2020-12-02T08:50:00+00:00","dateModified":"2021-10-19T13:53:08+00:00","mainEntityOfPage":{"@id":"https:\/\/www.fpecaixa.info\/el-pc30-se-declara-partidario-de-los-principios-del-tcfd\/"},"wordCount":155,"articleSection":["Not\u00edcies"],"inLanguage":"ca"},{"@type":"WebPage","@id":"https:\/\/www.fpecaixa.info\/el-pc30-se-declara-partidario-de-los-principios-del-tcfd\/","url":"https:\/\/www.fpecaixa.info\/el-pc30-se-declara-partidario-de-los-principios-del-tcfd\/","name":"El PC30 es declara partidari dels principis del TCFD - Plan de Pensiones de Empleo (PC30)","isPartOf":{"@id":"https:\/\/www.fpecaixa.info\/#website"},"datePublished":"2020-12-02T08:50:00+00:00","dateModified":"2021-10-19T13:53:08+00:00","author":{"@id":""},"breadcrumb":{"@id":"https:\/\/www.fpecaixa.info\/el-pc30-se-declara-partidario-de-los-principios-del-tcfd\/#breadcrumb"},"inLanguage":"ca","potentialAction":[{"@type":"ReadAction","target":["https:\/\/www.fpecaixa.info\/el-pc30-se-declara-partidario-de-los-principios-del-tcfd\/"]}]},{"@type":"BreadcrumbList","@id":"https:\/\/www.fpecaixa.info\/el-pc30-se-declara-partidario-de-los-principios-del-tcfd\/#breadcrumb","itemListElement":[{"@type":"ListItem","position":1,"name":"Inici","item":"https:\/\/www.fpecaixa.info\/ca\/"},{"@type":"ListItem","position":2,"name":"Noticias","item":"https:\/\/www.fpecaixa.info\/category\/noticias\/"},{"@type":"ListItem","position":3,"name":"El PC30 es declara partidari dels principis del TCFD"}]},{"@type":"WebSite","@id":"https:\/\/www.fpecaixa.info\/#website","url":"https:\/\/www.fpecaixa.info\/","name":"Plan de Pensiones de Empleo (PC30)","description":"Web informativa para el Plan de Pensiones de Empleo (PC30) de trabajadores de Caixabank","potentialAction":[{"@type":"SearchAction","target":{"@type":"EntryPoint","urlTemplate":"https:\/\/www.fpecaixa.info\/?s={search_term_string}"},"query-input":{"@type":"PropertyValueSpecification","valueRequired":true,"valueName":"search_term_string"}}],"inLanguage":"ca"},{"@type":"Person","@id":"","url":"https:\/\/www.fpecaixa.info\/ca\/author\/"}]}},"_links":{"self":[{"href":"https:\/\/www.fpecaixa.info\/ca\/wp-json\/wp\/v2\/posts\/2707","targetHints":{"allow":["GET"]}}],"collection":[{"href":"https:\/\/www.fpecaixa.info\/ca\/wp-json\/wp\/v2\/posts"}],"about":[{"href":"https:\/\/www.fpecaixa.info\/ca\/wp-json\/wp\/v2\/types\/post"}],"author":[{"embeddable":true,"href":"https:\/\/www.fpecaixa.info\/ca\/wp-json\/wp\/v2\/users\/2"}],"replies":[{"embeddable":true,"href":"https:\/\/www.fpecaixa.info\/ca\/wp-json\/wp\/v2\/comments?post=2707"}],"version-history":[{"count":1,"href":"https:\/\/www.fpecaixa.info\/ca\/wp-json\/wp\/v2\/posts\/2707\/revisions"}],"predecessor-version":[{"id":2708,"href":"https:\/\/www.fpecaixa.info\/ca\/wp-json\/wp\/v2\/posts\/2707\/revisions\/2708"}],"wp:attachment":[{"href":"https:\/\/www.fpecaixa.info\/ca\/wp-json\/wp\/v2\/media?parent=2707"}],"wp:term":[{"taxonomy":"category","embeddable":true,"href":"https:\/\/www.fpecaixa.info\/ca\/wp-json\/wp\/v2\/categories?post=2707"},{"taxonomy":"post_tag","embeddable":true,"href":"https:\/\/www.fpecaixa.info\/ca\/wp-json\/wp\/v2\/tags?post=2707"}],"curies":[{"name":"wp","href":"https:\/\/api.w.org\/{rel}","templated":true}]}}