{"id":2721,"date":"2020-07-16T13:24:00","date_gmt":"2020-07-16T13:24:00","guid":{"rendered":"http:\/\/www.fpecaixa.info\/mesurament-de-la-petjada-de-carboni-de-pensions-caixa-30\/"},"modified":"2021-10-19T13:53:44","modified_gmt":"2021-10-19T13:53:44","slug":"mesurament-de-la-petjada-de-carboni-de-pensions-caixa-30","status":"publish","type":"post","link":"https:\/\/www.fpecaixa.info\/ca\/mesurament-de-la-petjada-de-carboni-de-pensions-caixa-30\/","title":{"rendered":"Mesurament de la Petjada de Carboni de Pensions Caixa 30"},"content":{"rendered":"\n<h2 class=\"wp-block-heading\"><strong>Petjada de Carboni de l&#8217;any 2019<\/strong><\/h2>\n\n<p>La Petjada de Carboni de Pensions Caixa 30, F.P. (d&#8217;ara endavant PC30) en el any <strong>2019<\/strong> (en termes d&#8217;intensitat, m\u00e8trica que pondera l&#8217;emissi\u00f3 de gasos d&#8217;efecte d&#8217;hivernacle per les vendes de les companyies que integren l&#8217;\u00edndex de refer\u00e8ncia) ha estat de 185 tCO2e\/M$.<\/p>\n\n<p>Respecte a 2018 la lectura ha estat un 30% inferior.<\/p>\n\n<div class=\"wp-block-image\"><figure class=\"aligncenter size-full\"><img loading=\"lazy\" decoding=\"async\" width=\"511\" height=\"233\" src=\"http:\/\/www.fpecaixa.info\/wp-content\/uploads\/2021\/09\/huellacarbono2019.png\" alt=\"\" class=\"wp-image-1595\" srcset=\"https:\/\/www.fpecaixa.info\/wp-content\/uploads\/2021\/09\/huellacarbono2019.png 511w, https:\/\/www.fpecaixa.info\/wp-content\/uploads\/2021\/09\/huellacarbono2019-300x137.png 300w\" sizes=\"auto, (max-width: 511px) 100vw, 511px\" \/><\/figure><\/div>\n\n<p>El <em>di\u00f2xid de carboni equivalent (CO2e) \u00e9s una mesura utilitzada internacionalment per a mostrar l&#8217;efecte de cadascun dels gasos amb efecte d&#8217;hivernacle<\/em>.<\/p>\n\n<h3 class=\"wp-block-heading\"><strong><strong>Pes en cartera sobre el total de les emissions<\/strong><\/strong><\/h3>\n\n<p>M\u00e9s del 50% de les emissions est\u00e0 concentrat en dos tipus d&#8217;actius, Renda Fixa Emergent (35%) i Renda Variable Tem\u00e0tica (15%). No inclou la cartera de private equity.<\/p>\n\n<div class=\"wp-block-image\"><figure class=\"aligncenter size-full\"><img loading=\"lazy\" decoding=\"async\" width=\"710\" height=\"203\" src=\"http:\/\/www.fpecaixa.info\/wp-content\/uploads\/2021\/09\/cartera2019-emisiones.png\" alt=\"\" class=\"wp-image-1598\" srcset=\"https:\/\/www.fpecaixa.info\/wp-content\/uploads\/2021\/09\/cartera2019-emisiones.png 710w, https:\/\/www.fpecaixa.info\/wp-content\/uploads\/2021\/09\/cartera2019-emisiones-300x86.png 300w\" sizes=\"auto, (max-width: 710px) 100vw, 710px\" \/><\/figure><\/div>\n\n<h2 class=\"wp-block-heading\"><strong>Qu\u00e8 \u00e9s la petjada de Carboni?<\/strong><\/h2>\n\n<p>La petjada de carboni \u00e9s una m\u00e8trica que permet avaluar la quantitat d&#8217;emissions de gasos d&#8217;efecte d&#8217;hivernacle atribu\u00efbles a un producte, un servei, un proc\u00e9s o una organitzaci\u00f3.<\/p>\n\n<p>En el cas concret de PC30, es correspon amb la quantitat de gasos d&#8217;efecte d&#8217;hivernacle emesos pel conjunt d&#8217;accions que componen la cartera de renda variable del Fons de Pensions.<\/p>\n\n<h2 class=\"wp-block-heading\"><strong>The Montr\u00e9al Carbon Pledge<\/strong><\/h2>\n\n<p>Es tracta d&#8217;una iniciativa que promou el mesurament de la petjada de carboni en les carteres d&#8217;aquells inversors que decideixen formar part d&#8217;aquesta.<\/p>\n\n<p>Aquesta iniciativa neix el 25 de setembre de 2014 a Mont-real recolzada per els <em>Principis d&#8217;Inversi\u00f3 Responsable de les Nacions Unides (PRI)<\/em>, amb l&#8217;objectiu de permetre una millor comprensi\u00f3 dels riscos i oportunitats que provoca el canvi clim\u00e0tic en la ind\u00fastria, aix\u00ed com de tenir el comprom\u00eds de 3 bilions de d\u00f2lars de fons compromesos per a la <em>Confer\u00e8ncia del Canvi Clim\u00e0tic de Nacions Unides<\/em> celebrada al desembre de 2015 en Paris <em>(COP21)<\/em>. En ella es va aconseguir arribar a un acord mundial per a reduir les emissions de gasos d&#8217;efecte d&#8217;hivernacle.<\/p>\n\n<p>Amb la signatura del<em>Comprom\u00eds de Mont-real,<\/em> els inversors es comprometen (anualment) a mesurar i divulgar p\u00fablicament la petjada de carboni de les seves carteres.<\/p>\n\n<p>Actualment, aquesta iniciativa compta amb m\u00e9s de 120 signants de Nord Am\u00e8rica, Europa i \u00c0sia Pac\u00edfic amb un patrimoni conjunt que supera els 10 bilions de d\u00f2lars (entre altres, PGGM, Calpers, Railpen o VicSuper).<\/p>\n\n<h2 class=\"wp-block-heading\"><strong>Per qu\u00e8 \u00e9s important?<\/strong><\/h2>\n\n<p>L&#8217;Informe <em>Riscos Globals<\/em> publicat en 2016 pel <em>F\u00f2rum Econ\u00f2mic Mundial<\/em> identifica el canvi clim\u00e0tic com el risc amb el major impacte econ\u00f2mic potencial. Des que es va comen\u00e7ar a publicar l&#8217;informe en 2006 \u00e9s la primera vegada que un risc mediambiental lidera aquesta classificaci\u00f3.<\/p>\n\n<p>A conseq\u00fc\u00e8ncia de la major rellev\u00e0ncia d&#8217;aquest problema, els inversors institucionals a nivell global estan treballant per a afrontar aquest nou repte a trav\u00e9s d&#8217;organitzacions com el <em>Institutional Investors Group on Climate Change<\/em>, iniciatives com el <em>Comprom\u00eds de Mont-real de Carboni<\/em> o la signatura de els <em>Principis d&#8217;Inversi\u00f3 Responsable de les Nacions Unides (PRI)<\/em>.<\/p>\n\n<h2 class=\"wp-block-heading\"><strong>Per qu\u00e8 \u00e9s important per a PC30?<\/strong><\/h2>\n\n<p>Com a membre signant dels <em>PRI<\/em>, les q\u00fcestions mediambientals, socials i de bon govern (ASG) estan incorporades en el proc\u00e9s d&#8217;inversi\u00f3 del nostre Fons de Pensions. Per tant, tenir una m\u00e8trica que ens permeti determinar l&#8217;impacte mediambiental de les nostres inversions ens ajuda a avaluar la nostra cartera respecte als compromisos ASG adquirits com a signants dels <em>PRI<\/em>.<\/p>\n\n<p>El canvi clim\u00e0tic suposa un risc i alhora una oportunitat per als inversors a llarg termini com PC30. Mesurar la petjada de carboni del nostre fons ens permet tenir un major coneixement del potencial impacte mediambiental que pogu\u00e9s tenir la nostra cartera.<\/p>\n\n<p>Podeu consultar les publicacions d&#8217;anys anteriors en els seg\u00fcents enlla\u00e7os:<\/p>\n\n<p><a href=\"https:\/\/www.fpecaixa.info\/documents\/esp\/ISR\/2015%20Medici%C3%B3n%20Huella%20de%20Carbono%20PC30.pdf\" target=\"_blank\" rel=\"noreferrer noopener\">2015 Mesurament Petjada de Carboni PC30<\/a><\/p>\n\n<p><a href=\"https:\/\/www.fpecaixa.info\/documents\/esp\/ISR\/2016%20Medici%C3%B3n%20Huella%20de%20Carbono%20PC30.pdf\" target=\"_blank\" rel=\"noreferrer noopener\">2016 Mesurament Petjada de Carboni PC30<\/a><\/p>\n\n<p><a href=\"\/wp-content\/uploads\/2021\/09\/2017-Huella-de-carbono-PC30.pdf\" target=\"_blank\" rel=\"noreferrer noopener\">2017 Mesurament Petjada de Carboni PC30<\/a><\/p>\n\n<p><a href=\"\/wp-content\/uploads\/2021\/09\/2018-Huella-de-carbono-PC30.pdf\" target=\"_blank\" rel=\"noreferrer noopener\">2018 Mesurament Petjada de Carboni PC30<\/a><\/p>\n\n<p><\/p>\n\n<p><\/p>\n\n<p><strong>Comissi\u00f3 de Control de PC30 i del Pla de Pensions d&#8217;Ocupaci\u00f3 de CaixaBank.<\/strong><\/p>\n\n<p>Barcelona, juliol de 2020.<\/p>\n","protected":false},"excerpt":{"rendered":"<p>Petjada de Carboni de l&#8217;any 2019 La Petjada de Carboni de Pensions Caixa 30, F.P. (d&#8217;ara endavant PC30) en el any 2019 (en termes d&#8217;intensitat, m\u00e8trica que pondera l&#8217;emissi\u00f3 de gasos d&#8217;efecte d&#8217;hivernacle per les vendes de les companyies que integren l&#8217;\u00edndex de refer\u00e8ncia) ha estat de 185 tCO2e\/M$. Respecte a 2018 la lectura ha [&hellip;]<\/p>\n","protected":false},"author":2,"featured_media":0,"comment_status":"closed","ping_status":"open","sticky":false,"template":"","format":"standard","meta":{"_acf_changed":false,"_monsterinsights_skip_tracking":false,"_monsterinsights_sitenote_active":false,"_monsterinsights_sitenote_note":"","_monsterinsights_sitenote_category":0,"footnotes":""},"categories":[57],"tags":[],"class_list":["post-2721","post","type-post","status-publish","format-standard","hentry","category-noticies"],"acf":[],"yoast_head":"<!-- This site is optimized with the Yoast SEO plugin v27.5 - https:\/\/yoast.com\/product\/yoast-seo-wordpress\/ -->\n<title>Mesurament de la Petjada de Carboni de Pensions Caixa 30 - Plan de Pensiones de Empleo (PC30)<\/title>\n<meta name=\"robots\" content=\"index, follow, max-snippet:-1, max-image-preview:large, max-video-preview:-1\" \/>\n<link rel=\"canonical\" href=\"https:\/\/www.fpecaixa.info\/medicion-de-la-huella-de-carbono-de-pensions-caixa-30\/\" \/>\n<meta property=\"og:locale\" content=\"ca_ES\" \/>\n<meta property=\"og:type\" content=\"article\" \/>\n<meta property=\"og:title\" content=\"Mesurament de la Petjada de Carboni de Pensions Caixa 30 - Plan de Pensiones de Empleo (PC30)\" \/>\n<meta property=\"og:description\" content=\"Petjada de Carboni de l&#8217;any 2019 La Petjada de Carboni de Pensions Caixa 30, F.P. (d&#8217;ara endavant PC30) en el any 2019 (en termes d&#8217;intensitat, m\u00e8trica que pondera l&#8217;emissi\u00f3 de gasos d&#8217;efecte d&#8217;hivernacle per les vendes de les companyies que integren l&#8217;\u00edndex de refer\u00e8ncia) ha estat de 185 tCO2e\/M$. Respecte a 2018 la lectura ha [&hellip;]\" \/>\n<meta property=\"og:url\" content=\"https:\/\/www.fpecaixa.info\/medicion-de-la-huella-de-carbono-de-pensions-caixa-30\/\" \/>\n<meta property=\"og:site_name\" content=\"Plan de Pensiones de Empleo (PC30)\" \/>\n<meta property=\"article:published_time\" content=\"2020-07-16T13:24:00+00:00\" \/>\n<meta property=\"article:modified_time\" content=\"2021-10-19T13:53:44+00:00\" \/>\n<meta property=\"og:image\" content=\"http:\/\/www.fpecaixa.info\/wp-content\/uploads\/2021\/09\/huellacarbono2019.png\" \/>\n<meta name=\"twitter:card\" content=\"summary_large_image\" \/>\n<meta name=\"twitter:label1\" content=\"Escrit per\" \/>\n\t<meta name=\"twitter:data1\" content=\"\" \/>\n\t<meta name=\"twitter:label2\" content=\"Temps estimat de lectura\" \/>\n\t<meta name=\"twitter:data2\" content=\"3 minuts\" \/>\n<script type=\"application\/ld+json\" class=\"yoast-schema-graph\">{\"@context\":\"https:\\\/\\\/schema.org\",\"@graph\":[{\"@type\":\"Article\",\"@id\":\"https:\\\/\\\/www.fpecaixa.info\\\/medicion-de-la-huella-de-carbono-de-pensions-caixa-30\\\/#article\",\"isPartOf\":{\"@id\":\"https:\\\/\\\/www.fpecaixa.info\\\/medicion-de-la-huella-de-carbono-de-pensions-caixa-30\\\/\"},\"author\":{\"name\":\"\",\"@id\":\"\"},\"headline\":\"Mesurament de la Petjada de Carboni de Pensions Caixa 30\",\"datePublished\":\"2020-07-16T13:24:00+00:00\",\"dateModified\":\"2021-10-19T13:53:44+00:00\",\"mainEntityOfPage\":{\"@id\":\"https:\\\/\\\/www.fpecaixa.info\\\/medicion-de-la-huella-de-carbono-de-pensions-caixa-30\\\/\"},\"wordCount\":648,\"image\":{\"@id\":\"https:\\\/\\\/www.fpecaixa.info\\\/medicion-de-la-huella-de-carbono-de-pensions-caixa-30\\\/#primaryimage\"},\"thumbnailUrl\":\"http:\\\/\\\/www.fpecaixa.info\\\/wp-content\\\/uploads\\\/2021\\\/09\\\/huellacarbono2019.png\",\"articleSection\":[\"Not\u00edcies\"],\"inLanguage\":\"ca\"},{\"@type\":\"WebPage\",\"@id\":\"https:\\\/\\\/www.fpecaixa.info\\\/medicion-de-la-huella-de-carbono-de-pensions-caixa-30\\\/\",\"url\":\"https:\\\/\\\/www.fpecaixa.info\\\/medicion-de-la-huella-de-carbono-de-pensions-caixa-30\\\/\",\"name\":\"Mesurament de la Petjada de Carboni de Pensions Caixa 30 - Plan de Pensiones de Empleo (PC30)\",\"isPartOf\":{\"@id\":\"https:\\\/\\\/www.fpecaixa.info\\\/#website\"},\"primaryImageOfPage\":{\"@id\":\"https:\\\/\\\/www.fpecaixa.info\\\/medicion-de-la-huella-de-carbono-de-pensions-caixa-30\\\/#primaryimage\"},\"image\":{\"@id\":\"https:\\\/\\\/www.fpecaixa.info\\\/medicion-de-la-huella-de-carbono-de-pensions-caixa-30\\\/#primaryimage\"},\"thumbnailUrl\":\"http:\\\/\\\/www.fpecaixa.info\\\/wp-content\\\/uploads\\\/2021\\\/09\\\/huellacarbono2019.png\",\"datePublished\":\"2020-07-16T13:24:00+00:00\",\"dateModified\":\"2021-10-19T13:53:44+00:00\",\"author\":{\"@id\":\"\"},\"breadcrumb\":{\"@id\":\"https:\\\/\\\/www.fpecaixa.info\\\/medicion-de-la-huella-de-carbono-de-pensions-caixa-30\\\/#breadcrumb\"},\"inLanguage\":\"ca\",\"potentialAction\":[{\"@type\":\"ReadAction\",\"target\":[\"https:\\\/\\\/www.fpecaixa.info\\\/medicion-de-la-huella-de-carbono-de-pensions-caixa-30\\\/\"]}]},{\"@type\":\"ImageObject\",\"inLanguage\":\"ca\",\"@id\":\"https:\\\/\\\/www.fpecaixa.info\\\/medicion-de-la-huella-de-carbono-de-pensions-caixa-30\\\/#primaryimage\",\"url\":\"http:\\\/\\\/www.fpecaixa.info\\\/wp-content\\\/uploads\\\/2021\\\/09\\\/huellacarbono2019.png\",\"contentUrl\":\"http:\\\/\\\/www.fpecaixa.info\\\/wp-content\\\/uploads\\\/2021\\\/09\\\/huellacarbono2019.png\"},{\"@type\":\"BreadcrumbList\",\"@id\":\"https:\\\/\\\/www.fpecaixa.info\\\/medicion-de-la-huella-de-carbono-de-pensions-caixa-30\\\/#breadcrumb\",\"itemListElement\":[{\"@type\":\"ListItem\",\"position\":1,\"name\":\"Inici\",\"item\":\"https:\\\/\\\/www.fpecaixa.info\\\/ca\\\/\"},{\"@type\":\"ListItem\",\"position\":2,\"name\":\"Noticias\",\"item\":\"https:\\\/\\\/www.fpecaixa.info\\\/category\\\/noticias\\\/\"},{\"@type\":\"ListItem\",\"position\":3,\"name\":\"Mesurament de la Petjada de Carboni de Pensions Caixa 30\"}]},{\"@type\":\"WebSite\",\"@id\":\"https:\\\/\\\/www.fpecaixa.info\\\/#website\",\"url\":\"https:\\\/\\\/www.fpecaixa.info\\\/\",\"name\":\"Plan de Pensiones de Empleo (PC30)\",\"description\":\"Web informativa para el Plan de Pensiones de Empleo (PC30) de trabajadores de Caixabank\",\"potentialAction\":[{\"@type\":\"SearchAction\",\"target\":{\"@type\":\"EntryPoint\",\"urlTemplate\":\"https:\\\/\\\/www.fpecaixa.info\\\/?s={search_term_string}\"},\"query-input\":{\"@type\":\"PropertyValueSpecification\",\"valueRequired\":true,\"valueName\":\"search_term_string\"}}],\"inLanguage\":\"ca\"},{\"@type\":\"Person\",\"@id\":\"\",\"url\":\"https:\\\/\\\/www.fpecaixa.info\\\/ca\\\/author\\\/\"}]}<\/script>\n<!-- \/ Yoast SEO plugin. -->","yoast_head_json":{"title":"Mesurament de la Petjada de Carboni de Pensions Caixa 30 - Plan de Pensiones de Empleo (PC30)","robots":{"index":"index","follow":"follow","max-snippet":"max-snippet:-1","max-image-preview":"max-image-preview:large","max-video-preview":"max-video-preview:-1"},"canonical":"https:\/\/www.fpecaixa.info\/medicion-de-la-huella-de-carbono-de-pensions-caixa-30\/","og_locale":"ca_ES","og_type":"article","og_title":"Mesurament de la Petjada de Carboni de Pensions Caixa 30 - Plan de Pensiones de Empleo (PC30)","og_description":"Petjada de Carboni de l&#8217;any 2019 La Petjada de Carboni de Pensions Caixa 30, F.P. (d&#8217;ara endavant PC30) en el any 2019 (en termes d&#8217;intensitat, m\u00e8trica que pondera l&#8217;emissi\u00f3 de gasos d&#8217;efecte d&#8217;hivernacle per les vendes de les companyies que integren l&#8217;\u00edndex de refer\u00e8ncia) ha estat de 185 tCO2e\/M$. Respecte a 2018 la lectura ha [&hellip;]","og_url":"https:\/\/www.fpecaixa.info\/medicion-de-la-huella-de-carbono-de-pensions-caixa-30\/","og_site_name":"Plan de Pensiones de Empleo (PC30)","article_published_time":"2020-07-16T13:24:00+00:00","article_modified_time":"2021-10-19T13:53:44+00:00","og_image":[{"url":"http:\/\/www.fpecaixa.info\/wp-content\/uploads\/2021\/09\/huellacarbono2019.png","type":"","width":"","height":""}],"twitter_card":"summary_large_image","twitter_misc":{"Escrit per":"","Temps estimat de lectura":"3 minuts"},"schema":{"@context":"https:\/\/schema.org","@graph":[{"@type":"Article","@id":"https:\/\/www.fpecaixa.info\/medicion-de-la-huella-de-carbono-de-pensions-caixa-30\/#article","isPartOf":{"@id":"https:\/\/www.fpecaixa.info\/medicion-de-la-huella-de-carbono-de-pensions-caixa-30\/"},"author":{"name":"","@id":""},"headline":"Mesurament de la Petjada de Carboni de Pensions Caixa 30","datePublished":"2020-07-16T13:24:00+00:00","dateModified":"2021-10-19T13:53:44+00:00","mainEntityOfPage":{"@id":"https:\/\/www.fpecaixa.info\/medicion-de-la-huella-de-carbono-de-pensions-caixa-30\/"},"wordCount":648,"image":{"@id":"https:\/\/www.fpecaixa.info\/medicion-de-la-huella-de-carbono-de-pensions-caixa-30\/#primaryimage"},"thumbnailUrl":"http:\/\/www.fpecaixa.info\/wp-content\/uploads\/2021\/09\/huellacarbono2019.png","articleSection":["Not\u00edcies"],"inLanguage":"ca"},{"@type":"WebPage","@id":"https:\/\/www.fpecaixa.info\/medicion-de-la-huella-de-carbono-de-pensions-caixa-30\/","url":"https:\/\/www.fpecaixa.info\/medicion-de-la-huella-de-carbono-de-pensions-caixa-30\/","name":"Mesurament de la Petjada de Carboni de Pensions Caixa 30 - Plan de Pensiones de Empleo (PC30)","isPartOf":{"@id":"https:\/\/www.fpecaixa.info\/#website"},"primaryImageOfPage":{"@id":"https:\/\/www.fpecaixa.info\/medicion-de-la-huella-de-carbono-de-pensions-caixa-30\/#primaryimage"},"image":{"@id":"https:\/\/www.fpecaixa.info\/medicion-de-la-huella-de-carbono-de-pensions-caixa-30\/#primaryimage"},"thumbnailUrl":"http:\/\/www.fpecaixa.info\/wp-content\/uploads\/2021\/09\/huellacarbono2019.png","datePublished":"2020-07-16T13:24:00+00:00","dateModified":"2021-10-19T13:53:44+00:00","author":{"@id":""},"breadcrumb":{"@id":"https:\/\/www.fpecaixa.info\/medicion-de-la-huella-de-carbono-de-pensions-caixa-30\/#breadcrumb"},"inLanguage":"ca","potentialAction":[{"@type":"ReadAction","target":["https:\/\/www.fpecaixa.info\/medicion-de-la-huella-de-carbono-de-pensions-caixa-30\/"]}]},{"@type":"ImageObject","inLanguage":"ca","@id":"https:\/\/www.fpecaixa.info\/medicion-de-la-huella-de-carbono-de-pensions-caixa-30\/#primaryimage","url":"http:\/\/www.fpecaixa.info\/wp-content\/uploads\/2021\/09\/huellacarbono2019.png","contentUrl":"http:\/\/www.fpecaixa.info\/wp-content\/uploads\/2021\/09\/huellacarbono2019.png"},{"@type":"BreadcrumbList","@id":"https:\/\/www.fpecaixa.info\/medicion-de-la-huella-de-carbono-de-pensions-caixa-30\/#breadcrumb","itemListElement":[{"@type":"ListItem","position":1,"name":"Inici","item":"https:\/\/www.fpecaixa.info\/ca\/"},{"@type":"ListItem","position":2,"name":"Noticias","item":"https:\/\/www.fpecaixa.info\/category\/noticias\/"},{"@type":"ListItem","position":3,"name":"Mesurament de la Petjada de Carboni de Pensions Caixa 30"}]},{"@type":"WebSite","@id":"https:\/\/www.fpecaixa.info\/#website","url":"https:\/\/www.fpecaixa.info\/","name":"Plan de Pensiones de Empleo (PC30)","description":"Web informativa para el Plan de Pensiones de Empleo (PC30) de trabajadores de Caixabank","potentialAction":[{"@type":"SearchAction","target":{"@type":"EntryPoint","urlTemplate":"https:\/\/www.fpecaixa.info\/?s={search_term_string}"},"query-input":{"@type":"PropertyValueSpecification","valueRequired":true,"valueName":"search_term_string"}}],"inLanguage":"ca"},{"@type":"Person","@id":"","url":"https:\/\/www.fpecaixa.info\/ca\/author\/"}]}},"_links":{"self":[{"href":"https:\/\/www.fpecaixa.info\/ca\/wp-json\/wp\/v2\/posts\/2721","targetHints":{"allow":["GET"]}}],"collection":[{"href":"https:\/\/www.fpecaixa.info\/ca\/wp-json\/wp\/v2\/posts"}],"about":[{"href":"https:\/\/www.fpecaixa.info\/ca\/wp-json\/wp\/v2\/types\/post"}],"author":[{"embeddable":true,"href":"https:\/\/www.fpecaixa.info\/ca\/wp-json\/wp\/v2\/users\/2"}],"replies":[{"embeddable":true,"href":"https:\/\/www.fpecaixa.info\/ca\/wp-json\/wp\/v2\/comments?post=2721"}],"version-history":[{"count":2,"href":"https:\/\/www.fpecaixa.info\/ca\/wp-json\/wp\/v2\/posts\/2721\/revisions"}],"predecessor-version":[{"id":2903,"href":"https:\/\/www.fpecaixa.info\/ca\/wp-json\/wp\/v2\/posts\/2721\/revisions\/2903"}],"wp:attachment":[{"href":"https:\/\/www.fpecaixa.info\/ca\/wp-json\/wp\/v2\/media?parent=2721"}],"wp:term":[{"taxonomy":"category","embeddable":true,"href":"https:\/\/www.fpecaixa.info\/ca\/wp-json\/wp\/v2\/categories?post=2721"},{"taxonomy":"post_tag","embeddable":true,"href":"https:\/\/www.fpecaixa.info\/ca\/wp-json\/wp\/v2\/tags?post=2721"}],"curies":[{"name":"wp","href":"https:\/\/api.w.org\/{rel}","templated":true}]}}