{"id":2729,"date":"2020-02-12T13:53:00","date_gmt":"2020-02-12T13:53:00","guid":{"rendered":"http:\/\/www.fpecaixa.info\/resum-de-premsa\/"},"modified":"2021-10-19T13:54:07","modified_gmt":"2021-10-19T13:54:07","slug":"resum-de-premsa","status":"publish","type":"post","link":"https:\/\/www.fpecaixa.info\/ca\/resum-de-premsa\/","title":{"rendered":"Resum de Premsa"},"content":{"rendered":"\n<ul class=\"wp-block-list\"><li><strong>Expansi\u00f3 del dimecres 12 de febrer de 2020<\/strong><\/li><\/ul>\n<p><strong><a href=\"https:\/\/www.fpecaixa.info\/documents\/esp\/Not%C3%ADcies\/20200212%20Expansi%C3%B3n.pdf\" target=\"_blank\" rel=\"noreferrer noopener\">El pla dels empleats de CaixaBank invertir\u00e0 directament en borsa per a influir en les empreses<\/a><\/strong><\/p>\n\n<ul class=\"wp-block-list\"><li><strong>Expansi\u00f3 del dimarts 4 de febrer de 2020<\/strong><\/li><\/ul>\n<p><strong><a href=\"https:\/\/www.fpecaixa.info\/documents\/esp\/Not%C3%ADcies\/20200204%20Expansi%C3%B3n.pdf\" target=\"_blank\" rel=\"noreferrer noopener\">El Govern transposa les directives de distribuci\u00f3 d&#8217;assegurances i de fons de pensions d&#8217;ocupaci\u00f3<\/a><\/strong><\/p>\n\n<ul class=\"wp-block-list\"><li><strong>Expansi\u00f3 del dissabte 11 de gener de 2020<\/strong><\/li><\/ul>\n<p><strong><a href=\"https:\/\/www.fpecaixa.info\/documents\/esp\/Not%C3%ADcies\/20200111%20Expansi%C3%B3n.pdf\" target=\"_blank\" rel=\"noreferrer noopener\">El pla d&#8217;empleats de CaixaBank aconsegueix un guany hist\u00f2ric del 12%<\/a><\/strong><\/p>\n\n<ul class=\"wp-block-list\"><li><strong>Europa Press del dijous 19 de desembre de 2019<\/strong><\/li><\/ul>\n<p><strong><a href=\"https:\/\/www.fpecaixa.info\/documents\/esp\/Not%C3%ADcies\/20191219%20Europa%20Press.pdf\" target=\"_blank\" rel=\"noreferrer noopener\">Un pla de pensions de CaixaBank, millor fons de pensions europeu<\/a><\/strong><\/p>\n\n<ul class=\"wp-block-list\"><li><strong>elEconomista.es del dimecres 16 d&#8217;octubre de 2019<\/strong><\/li><\/ul>\n<p><strong><a href=\"https:\/\/www.fpecaixa.info\/documents\/esp\/Not%C3%ADcies\/20191016%20elEconomista.pdf\" target=\"_blank\" rel=\"noreferrer noopener\">V edici\u00f3 dels premis Inversi\u00f3 a fons<\/a><\/strong><\/p>\n\n<ul class=\"wp-block-list\"><li><strong>Expansi\u00f3 del diumenge 23 de juny de 2019<\/strong><\/li><\/ul>\n<p><strong><a href=\"https:\/\/www.fpecaixa.info\/documents\/esp\/Not%C3%ADcies\/20190623%20Expansi%C3%B3n.pdf\" target=\"_blank\" rel=\"noreferrer noopener\">Les pensions dels empleats de Bankia, BBVA i CaixaBank sota la lupa del supervisor europeu<\/a><\/strong><strong><\/strong><\/p>\n\n<ul class=\"wp-block-list\"><li><strong>Funds People del dimecres 19 de juny de 2019<\/strong><\/li><\/ul>\n<p><strong><a href=\"https:\/\/www.fpecaixa.info\/documents\/esp\/Not%C3%ADcies\/20190619%20Funds%20People.pdf\" target=\"_blank\" rel=\"noreferrer noopener\">Com ent\u00e9n Pensions Caixa 30 la ISR?<\/a><\/strong><\/p>\n\n<ul class=\"wp-block-list\"><li><strong>Responsible Investor del dimarts 18 de juny de 2019<\/strong><\/li><\/ul>\n<p><strong><a href=\"https:\/\/www.fpecaixa.info\/documents\/eng\/20190618%20Responsible%20Investor.pdf\" target=\"_blank\" rel=\"noreferrer noopener\">Interview &#8211; Chairman of the Board of Trustees at PC30<\/a><\/strong><\/p>\n\n<ul class=\"wp-block-list\"><li><strong>Top1000 Funds del dimarts 4 de juny de 2019<\/strong><\/li><\/ul>\n<p><strong><a href=\"https:\/\/www.fpecaixa.info\/documents\/esp\/Not%C3%ADcies\/20190604%20Top%201000%20Funds.pdf\" target=\"_blank\" rel=\"noreferrer noopener\">Spain&#8217;s Caixa boosts risk off allocation<\/a><\/strong><\/p>\n\n<ul class=\"wp-block-list\"><li><strong>El Economista del dimarts 28 de maig de 2019<\/strong><\/li><\/ul>\n<p><strong><a href=\"https:\/\/www.fpecaixa.info\/documents\/esp\/Not%C3%ADcies\/20190528%20El%20Economista.pdf\" target=\"_blank\" rel=\"noreferrer noopener\">En l&#8217;\u00faltim any nom\u00e9s un 20% dels plans d&#8217;ocupaci\u00f3 bat a la inflaci\u00f3<\/a><\/strong><\/p>\n\n<ul class=\"wp-block-list\"><li><strong>Doni el mandat Wire (Financial Times) del dijous 9 de maig de 2019<\/strong><\/li><\/ul>\n<p><strong><a href=\"https:\/\/www.fpecaixa.info\/documents\/eng\/20190509%20Financial%20Times%20(Mandate%20Wire).pdf\" target=\"_blank\" rel=\"noreferrer noopener\">Pensions Caixa 30 reviews strategy, focuses en ESG<\/a><\/strong><\/p>\n\n<ul class=\"wp-block-list\"><li><strong>Investment &amp; Pensions Europe IPE del dimecres 1 de maig de 2019<\/strong><\/li><\/ul>\n<p><strong><a href=\"https:\/\/www.fpecaixa.info\/documents\/eng\/20190501%20IPE.pdf\" target=\"_blank\" rel=\"noreferrer noopener\">Els fons de pensions espanyols redueixen l&#8217;exposici\u00f3 a renda variable despr\u00e9s de les p\u00e8rdues de 2018<\/a><\/strong><strong><\/strong><\/p>\n\n<ul class=\"wp-block-list\"><li><strong>Cinc Dies del dimecres 24 d&#8217;abril de 2019<\/strong><\/li><\/ul>\n<p><strong><a href=\"https:\/\/www.fpecaixa.info\/documents\/esp\/Not%C3%ADcies\/20190424%20Cinco%20D%C3%ADas.pdf\" target=\"_blank\" rel=\"noreferrer noopener\">Els empleats fan sostenible l&#8217;estalvi per a la jubilaci\u00f3<\/a><\/strong><\/p>\n\n<ul class=\"wp-block-list\"><li><strong>Funds People del dilluns 18 de mar\u00e7 de 2019<\/strong><\/li><\/ul>\n<p><strong><a href=\"https:\/\/www.fpecaixa.info\/documents\/esp\/Not%C3%ADcies\/20190320%20Funds%20People.pdf\" target=\"_blank\" rel=\"noreferrer noopener\">Per qu\u00e8 com m\u00e9s aviat millor inverteixi amb criteris ISR millor li anir\u00e0 en rendibilitat<\/a><\/strong><\/p>\n\n<ul class=\"wp-block-list\"><li><strong>Expansi\u00f3 del dilluns 18 de mar\u00e7 de 2019<\/strong><\/li><\/ul>\n<p><strong><a href=\"https:\/\/www.fpecaixa.info\/documents\/esp\/Not%C3%ADcies\/20190318%20Expansi%C3%B3n.pdf\" target=\"_blank\" rel=\"noreferrer noopener\">Els empleats d&#8217;Endesa i CaixaBank acumulen la major pensi\u00f3 privada<\/a><\/strong><\/p>\n\n<ul class=\"wp-block-list\"><li><strong>Expansi\u00f3 del dilluns 29 d&#8217;octubre de 2018<\/strong><\/li><\/ul>\n<p><strong><a href=\"https:\/\/www.fpecaixa.info\/documents\/esp\/Not%C3%ADcies\/20181029%20Expansi%C3%B3n.pdf\" target=\"_blank\" rel=\"noreferrer noopener\">VidaCaixa aconsegueix la major nota en la seva inversi\u00f3 responsable<\/a><\/strong><\/p>\n\n<p><strong> <a href=\"https:\/\/www.fpecaixa.info\/documents\/esp\/Not%C3%ADcies\/20180919%20Expansi%C3%B3n.pdf\" target=\"_blank\" rel=\"noreferrer noopener\"><\/a><\/strong><\/p>\n\n<ul class=\"wp-block-list\"><li><strong>El Economista del dilluns 29 d&#8217;octubre de 2018<\/strong><\/li><\/ul>\n<p><strong><a href=\"https:\/\/www.fpecaixa.info\/documents\/esp\/Not%C3%ADcies\/20181029%20El%20Economista.pdf\" target=\"_blank\" rel=\"noreferrer noopener\">CaixaBank<strong>supera en rendibilitat a BBVA en plans d&#8217;ocupaci\u00f3 a un any<\/strong><\/a><\/strong><\/p>\n\n<ul class=\"wp-block-list\"><li><strong>Expansi\u00f3 del dimecres 24 d&#8217;octubre de 2018<\/strong><\/li><\/ul>\n<p><strong><a href=\"https:\/\/www.fpecaixa.info\/documents\/esp\/Not%C3%ADcies\/20181024%20Expansi%C3%B3n.pdf\" target=\"_blank\" rel=\"noreferrer noopener\">CaixaBank, la major gestora de pensions d&#8217;ocupaci\u00f3<\/a><\/strong><\/p>\n\n<ul class=\"wp-block-list\"><li><strong>Expansi\u00f3 del dimecres 19 de setembre de 2018<\/strong><\/li><\/ul>\n<p><strong><a href=\"https:\/\/www.fpecaixa.info\/documents\/esp\/Not%C3%ADcies\/20180919%20Expansi%C3%B3n.pdf\" target=\"_blank\" rel=\"noreferrer noopener\">El fons de pensions de la plantilla de CaixaBank, el m\u00e9s rendible entre els grans<\/a><a href=\"https:\/\/www.fpecaixa.info\/documents\/esp\/Not%C3%ADcies\/20180919%20Expansi%C3%B3n.pdf\" target=\"_blank\" rel=\"noreferrer noopener\"><\/a><\/strong><\/p>\n\n<ul class=\"wp-block-list\"><li><strong>Responsible Investor del dimecres 5 de setembre de 2018<\/strong><\/li><\/ul>\n<p><strong><a href=\"https:\/\/www.fpecaixa.info\/documents\/esp\/Not%C3%ADcies\/20180905%20RI.pdf\" target=\"_blank\" rel=\"noreferrer noopener\">ESG Country Snapshot: Spain&#8217;s quixotic journey<\/a><\/strong><\/p>\n\n<ul class=\"wp-block-list\"><li><strong>El Economista del dilluns 30 de juliol de 2018<\/strong><\/li><\/ul>\n<p><strong><a href=\"https:\/\/www.fpecaixa.info\/documents\/esp\/Not%C3%ADcies\/20180730%20El%20Economista.pdf\" target=\"_blank\" rel=\"noreferrer noopener\">M\u00e9s de la meitat dels plans d&#8217;empresa perd diners l&#8217;\u00faltim any<\/a><\/strong><\/p>\n\n<ul class=\"wp-block-list\"><li><strong>Expansi\u00f3 del dilluns 4 d&#8217;abril de 2018<\/strong><\/li><\/ul>\n<p><strong><a href=\"https:\/\/www.fpecaixa.info\/documents\/esp\/Not%C3%ADcies\/20180111%20Expansi%C3%B3n.pdf\" target=\"_blank\" rel=\"noreferrer noopener\"><\/a><\/strong><a href=\"https:\/\/www.fpecaixa.info\/documents\/esp\/Not%C3%ADcies\/20180402%20Expansi%C3%B3n.pdf\" target=\"_blank\" rel=\"noreferrer noopener\">El pla de pensions dels empleats de CaixaBank es fixa en Calpers per a ser refer\u00e8ncia internacional<\/a><\/p>\n\n<ul class=\"wp-block-list\"><li><strong>Expansi\u00f3 del dijous 11 de gener de 2018<\/strong><\/li><\/ul>\n<p><strong><a href=\"https:\/\/www.fpecaixa.info\/documents\/esp\/Not%C3%ADcies\/20180111%20Expansi%C3%B3n.pdf\" target=\"_blank\" rel=\"noreferrer noopener\">El d\u00f2lar frena la rendibilitat del pla de pensions dels empleats de CaixaBank<\/a><\/strong><\/p>\n\n<ul class=\"wp-block-list\"><li><strong>L&#8217;Economista del dimarts 16 de maig de 2017<\/strong><\/li><\/ul>\n<p><strong><a href=\"https:\/\/www.fpecaixa.info\/documents\/esp\/Not%C3%ADcies\/20170516%20El%20Economista.pdf\" target=\"_blank\" rel=\"noreferrer noopener\">Els millors plans d&#8217;\u00fas de les empreses<\/a><\/strong><\/p>\n\n<ul class=\"wp-block-list\"><li><strong>Expansi\u00f3 del dissabte 7 de gener de 2017<\/strong><\/li><\/ul>\n<p><a href=\"https:\/\/www.fpecaixa.info\/documents\/esp\/Not%C3%ADcies\/20170107%20Expansi%C3%B3n.pdf\" target=\"_blank\" rel=\"noreferrer noopener\">La pensi\u00f3 de la plantilla de CaixaBank guanya un 4,17%<\/a><\/p>\n\n<ul class=\"wp-block-list\"><li><strong>Expansi\u00f3 del dijous 29 de setembre de 2016<\/strong><\/li><\/ul>\n<p><strong><a href=\"https:\/\/www.fpecaixa.info\/documents\/esp\/Not%C3%ADcies\/20160929%20Expansi%C3%B3n.pdf\" target=\"_blank\" rel=\"noreferrer noopener\">Els &#8216;millennials&#8217;, la generaci\u00f3 de l&#8217;estalvi<\/a><\/strong><\/p>\n\n<ul class=\"wp-block-list\"><li><strong>Expansi\u00f3 del dimecres 28 de setembre de 2016<\/strong><\/li><\/ul>\n<p><strong><a href=\"https:\/\/www.fpecaixa.info\/documents\/esp\/Not%C3%ADcies\/20160928%20Expansi%C3%B3n.pdf\" target=\"_blank\" rel=\"noreferrer noopener\">Radiografia de les pensions per comunitats<\/a><\/strong><\/p>\n\n<ul class=\"wp-block-list\"><li><strong>Cinc Dies del diumenge 28 d&#8217;agost de 2016<\/strong><\/li><\/ul>\n<p><strong><a href=\"https:\/\/www.fpecaixa.info\/documents\/esp\/Not%C3%ADcies\/20160828%20Cinco%20D%C3%ADas.pdf\" target=\"_blank\" rel=\"noreferrer noopener\">Solidaritat intergeneracional i reforma de les pensions<\/a><\/strong><\/p>\n\n<ul class=\"wp-block-list\"><li><strong>Cinc Dies del divendres 26 d&#8217;agost de 2016<\/strong><\/li><\/ul>\n<p><strong><a href=\"https:\/\/www.fpecaixa.info\/documents\/esp\/Not%C3%ADcies\/20160826%20Cinco%20D%C3%ADas.pdf\" target=\"_blank\" rel=\"noreferrer noopener\">Les pensions de jubilaci\u00f3 ja depassen els 6.000 milions<\/a><br\/><\/strong><\/p>\n\n<ul class=\"wp-block-list\"><li><strong>ABC del dimarts 16 d&#8217;agost de 2016<\/strong><\/li><\/ul>\n<p><strong><a href=\"https:\/\/www.fpecaixa.info\/documents\/esp\/Not%C3%ADcies\/20160816%20ABC.pdf\" target=\"_blank\" rel=\"noreferrer noopener\">El Bundesbank recomana elevar la jubilaci\u00f3 a Alemanya als 69 anys<\/a><\/strong><\/p>\n\n<ul class=\"wp-block-list\"><li><strong>Cinc Dies del dimarts 9 d&#8217;agost de 2016<\/strong><\/li><\/ul>\n<p><strong><a href=\"https:\/\/www.fpecaixa.info\/documents\/esp\/Not%C3%ADcies\/20160809%20Cinco%20D%C3%ADas.pdf\" target=\"_blank\" rel=\"noreferrer noopener\">Nom\u00e9s una minoria es dedueix per aportacions a un pla de pensions<\/a><\/strong><\/p>\n\n<ul class=\"wp-block-list\"><li><strong>Cinc Dies del dimarts 26 de juliol de 2016<\/strong><\/li><\/ul>\n<p><strong><a href=\"https:\/\/www.fpecaixa.info\/documents\/esp\/Not%C3%ADcies\/20160726%20Cinco%20D%C3%ADas.pdf\" target=\"_blank\" rel=\"noreferrer noopener\">Com tenir una &#8216;bona&#8217; jubilaci\u00f3 estalviant 1.500 euros a l&#8217;any?<\/a><\/strong><\/p>\n\n<ul class=\"wp-block-list\"><li><strong>Cinc Dies del dilluns 18 de juliol de 2016<\/strong><\/li><\/ul>\n<p><strong><a href=\"http:\/\/www.fpecaixa.info\/documents\/esp\/Not%C3%ADcies\/20160718%20Cinco%20D%C3%ADas.pdf\" target=\"_blank\" rel=\"noreferrer noopener\">Espanya necessita 2,2 milions d&#8217;ocupacions per a equilibrar les pensions<\/a><\/strong><\/p>\n\n<ul class=\"wp-block-list\"><li><strong>Expansi\u00f3 del diumenge 10 de juliol de 2016<\/strong><\/li><\/ul>\n<p><strong><a href=\"https:\/\/www.fpecaixa.info\/documents\/esp\/Not%C3%ADcies\/20160711%20Expansi%C3%B3n.pdf\" target=\"_blank\" rel=\"noreferrer noopener\">Ja van 3.000 milions rescatats en pensions privades per atur<\/a><\/strong><\/p>\n\n<ul class=\"wp-block-list\"><li><strong>Expansi\u00f3 del diumenge 10 de juliol de 2016<\/strong><\/li><\/ul>\n<p><strong><a href=\"https:\/\/www.fpecaixa.info\/documents\/esp\/Not%C3%ADcies\/20160710%20Expansi%C3%B3n.pdf\" target=\"_blank\" rel=\"noreferrer noopener\">Cada vegada es paguen m\u00e9s i majors pensions, \u00e9s sostenible?<\/a><\/strong><\/p>\n\n<ul class=\"wp-block-list\"><li><strong>Expansi\u00f3 del diumenge 29 de maig de 2016<\/strong><\/li><\/ul>\n<p><strong><a href=\"https:\/\/www.fpecaixa.info\/documents\/esp\/Not%C3%ADcies\/20160529%20Expansi%C3%B3n.pdf\" target=\"_blank\" rel=\"noreferrer noopener\">La jubilaci\u00f3 del &#8216;baby boom&#8217; sumar\u00e0 15 milions de pensionistes en 2042<\/a><\/strong><\/p>\n\n<ul class=\"wp-block-list\"><li><strong>Cinco Dies del dimarts 24 de maig de 2016<\/strong><\/li><\/ul>\n<p><strong><a href=\"https:\/\/www.fpecaixa.info\/documents\/esp\/Not%C3%ADcies\/20160524%20Cinco%20D%C3%ADas.pdf\" target=\"_blank\" rel=\"noreferrer noopener\">Que alg\u00fa s&#8217;ocupi de les pensions<\/a><\/strong><\/p>\n\n<ul class=\"wp-block-list\"><li><strong>Cinc Dies del dimarts 17 de maig de 2016<\/strong><\/li><\/ul>\n<p><strong><a href=\"https:\/\/www.fpecaixa.info\/documents\/esp\/Not%C3%ADcies\/20160517%20Cinco%20D%C3%ADas.pdf\" target=\"_blank\" rel=\"noreferrer noopener\">Les reformes no aconsegueixen elevar l&#8217;edat real de jubilaci\u00f3<\/a><\/strong><\/p>\n\n<ul class=\"wp-block-list\"><li><strong>Expansi\u00f3 del dijous 5 de maig de 2016<\/strong><\/li><\/ul>\n<p><strong><a href=\"https:\/\/www.fpecaixa.info\/documents\/esp\/Not%C3%ADcies\/20160505%20Expansi%C3%B3n.pdf\" target=\"_blank\" rel=\"noreferrer noopener\">El 70% dels treballadors creu que seguir\u00e0 empleat amb m\u00e9s de 65 anys<\/a><\/strong><\/p>\n\n<ul class=\"wp-block-list\"><li><strong>Cinc Dies del dimecres 27 d&#8217;abril de 2016<\/strong><\/li><\/ul>\n<p><strong><a href=\"https:\/\/www.fpecaixa.info\/documents\/esp\/Not%C3%ADcies\/20160427%20Cinco%20D%C3%ADas.pdf\" target=\"_blank\" rel=\"noreferrer noopener\">Ning\u00fa vol pujar les cotitzacions per a pagar les pensions<\/a><\/strong><\/p>\n\n<ul class=\"wp-block-list\"><li><strong>elEconomista.es del divendres 15 d&#8217;abril de 2016<\/strong><\/li><\/ul>\n<p><strong><a href=\"https:\/\/www.fpecaixa.info\/documents\/esp\/Not%C3%ADcies\/20160415%20elEconomista.es.pdf\" target=\"_blank\" rel=\"noreferrer noopener\">L&#8217;altre problema de la guardiola de les pensions: la seva rendibilitat tendeix al 0%<\/a><\/strong><\/p>\n\n<ul class=\"wp-block-list\"><li><strong>Expansi\u00f3 del dimecres 6 d&#8217;abril de 2016<\/strong><\/li><\/ul>\n<p><strong><a href=\"https:\/\/www.fpecaixa.info\/documents\/esp\/Not%C3%ADcies\/20160406%20Expansi%C3%B3n.pdf\" target=\"_blank\" rel=\"noreferrer noopener\">La Seguretat Social t\u00e9 un d\u00e8ficit &#8216;ocult&#8217; de 17.000 milions<\/a><br\/><\/strong><\/p>\n\n<ul class=\"wp-block-list\"><li><strong>Cinc Dies del dilluns 4 d&#8217;abril de 2016<\/strong><\/li><\/ul>\n<p><strong><a href=\"https:\/\/www.fpecaixa.info\/documents\/esp\/Not%C3%ADcies\/20160404%20Cinco%20D%C3%ADas.pdf\" target=\"_blank\" rel=\"noreferrer noopener\">A la guardiola de les pensions li queden tres anys<\/a><\/strong><\/p>\n\n<ul class=\"wp-block-list\"><li><strong>Cinc Dies del dilluns 28 de mar\u00e7 de 2016<\/strong><\/li><\/ul>\n<p><strong><a href=\"https:\/\/www.fpecaixa.info\/documents\/esp\/Not%C3%ADcies\/20160328%20Cinco%20D%C3%ADas.pdf\" target=\"_blank\" rel=\"noreferrer noopener\">Les pensions del futur<\/a><\/strong><\/p>\n\n<ul class=\"wp-block-list\"><li><strong>Cinc Dies del dijous 17 de mar\u00e7 de 2016<\/strong><\/li><\/ul>\n<p><strong><a href=\"https:\/\/www.fpecaixa.info\/documents\/esp\/Not%C3%ADcies\/20160317%20Cinco%20D%C3%ADas.pdf\" target=\"_blank\" rel=\"noreferrer noopener\">L&#8217;esperan\u00e7a de vida dels majors creix durant la crisi<\/a><\/strong><\/p>\n\n<ul class=\"wp-block-list\"><li><strong>Cinc Dies del dimarts 15 de mar\u00e7 de 2016<\/strong><\/li><\/ul>\n<p><strong><a href=\"https:\/\/www.fpecaixa.info\/documents\/esp\/Not%C3%ADcies\/20160315%20Cinco%20D%C3%ADas.pdf\" target=\"_blank\" rel=\"noreferrer noopener\">Llangueixen els plans d&#8217;ocupaci\u00f3<\/a><\/strong><\/p>\n\n<ul class=\"wp-block-list\"><li><strong>Cinc Dies del dimecres 2 de mar\u00e7 de 2016<\/strong><\/li><\/ul>\n<p><strong><a href=\"https:\/\/www.fpecaixa.info\/documents\/esp\/Not%C3%ADcies\/20160302%20Cinco%20D%C3%ADas.pdf\" target=\"_blank\" rel=\"noreferrer noopener\">Rescatar el pla de pensions no impedir\u00e0 cobrar l&#8217;atur<\/a><\/strong><\/p>\n\n<ul class=\"wp-block-list\"><li><strong>Cinc Dies del dilluns 22 de febrer de 2016<\/strong><\/li><\/ul>\n<p><strong><a href=\"https:\/\/www.fpecaixa.info\/documents\/esp\/Not%C3%ADcies\/20160222%20Cinco%20D%C3%ADas.pdf\" target=\"_blank\" rel=\"noreferrer noopener\">Taxa de cobertura: 1,5 cotitzadors per cada passiu<\/a><\/strong><\/p>\n\n<ul class=\"wp-block-list\"><li><strong>Expansi\u00f3 del diumenge 14 de febrer de 2016<\/strong><\/li><\/ul>\n<p><strong><a href=\"https:\/\/www.fpecaixa.info\/documents\/esp\/Not%C3%ADcies\/20160214%20Expansi%C3%B3n.pdf\" target=\"_blank\" rel=\"noreferrer noopener\">Quants espanyols estalvien ja per a la seva jubilaci\u00f3?<\/a><br\/><\/strong><\/p>\n\n<ul class=\"wp-block-list\"><li><strong>Cinc Dies del dilluns 8 de febrer de 2016<\/strong><\/li><\/ul>\n<p><strong><a href=\"https:\/\/www.fpecaixa.info\/documents\/esp\/Not%C3%ADcies\/20160208%20Cinco%20D%C3%ADas.pdf\" target=\"_blank\" rel=\"noreferrer noopener\">Pensions un 30% m\u00e9s baixes en 2050<\/a><br\/><\/strong><\/p>\n\n<ul class=\"wp-block-list\"><li><strong>elEconomista.es del divendres 5 de febrer de 2016<\/strong><\/li><\/ul>\n<p><strong><a href=\"https:\/\/www.fpecaixa.info\/documents\/esp\/Not%C3%ADcies\/20160205%20elEconomista.es.pdf\" target=\"_blank\" rel=\"noreferrer noopener\">La reforma de Montoro retalla un 7% les aportacions a plans de pensions<\/a><br\/><\/strong><\/p>\n\n<ul class=\"wp-block-list\"><li><strong>Nota de premsa de Willis Towers Watson del dimecres 3 de febrer de 2016<\/strong><\/li><\/ul>\n<p><strong><a href=\"https:\/\/www.fpecaixa.info\/documents\/esp\/Not%C3%ADcies\/20160203%20WTW.pdf\" target=\"_blank\" rel=\"noreferrer noopener\">El patrimoni dels fons de pensions es mant\u00e9 estable en 2015<\/a><br\/><\/strong><\/p>\n\n<ul class=\"wp-block-list\"><li><strong>Suplemento Diners de La Vanguardia del diumenge 31 de gener de 2016<\/strong><\/li><\/ul>\n<p><strong><a href=\"https:\/\/www.fpecaixa.info\/documents\/esp\/Not%C3%ADcies\/20160131%20LV%20Dinero.pdf\" target=\"_blank\" rel=\"noreferrer noopener\">Els plans de pensions de les empreses guanyen m\u00e9s que els del sistema individual<\/a><br\/><\/strong><\/p>\n\n<ul class=\"wp-block-list\"><li><strong>Expansi\u00f3 del dilluns 18 de gener de 2016<\/strong><\/li><\/ul>\n<p><strong><a href=\"https:\/\/www.fpecaixa.info\/documents\/esp\/Not%C3%ADcies\/20160118%20Expansi%C3%B3n.pdf\" target=\"_blank\" rel=\"noreferrer noopener\">El Pla dels empleats de CaixaBank va guanyar un 3% en 2015<\/a><br\/><\/strong><\/p>\n\n<ul class=\"wp-block-list\"><li><strong>elEconomista.es del dimecres 23 de desembre de 2015<\/strong><\/li><\/ul>\n<p><strong><a href=\"https:\/\/www.fpecaixa.info\/documents\/esp\/Not%C3%ADcies\/20151223%20elEconomista.es.pdf\" target=\"_blank\" rel=\"noreferrer noopener\">El 46% de les empreses consideren la planificaci\u00f3 de la jubilaci\u00f3 un tema prioritari<\/a><br\/><\/strong><\/p>\n\n<ul class=\"wp-block-list\"><li><strong>elEconomista.es del dimarts 15 de desembre de 2015<\/strong><\/li><\/ul>\n<p><strong><a href=\"https:\/\/www.fpecaixa.info\/documents\/esp\/Not%C3%ADcies\/20151215%20elEconomista.es.pdf\" target=\"_blank\" rel=\"noreferrer noopener\">El IEE advoca per una nova reforma de les pensions per a augmentar l&#8217;edat de la jubilaci\u00f3<\/a><br\/><\/strong><\/p>\n\n<ul class=\"wp-block-list\"><li><strong>elEconomista.es del dijous 3 de desembre de 2015<\/strong><\/li><\/ul>\n<p><strong><a href=\"https:\/\/www.fpecaixa.info\/documents\/esp\/Not%C3%ADcies\/20151203%20elEconomista.es.pdf\" target=\"_blank\" rel=\"noreferrer noopener\">Algunes conclusions sobre les pensions<\/a><br\/><\/strong><\/p>\n\n<ul class=\"wp-block-list\"><li><strong>Cinc Dies del dimecres 25 de novembre de 2015<\/strong><\/li><\/ul>\n<p><strong><a href=\"https:\/\/www.fpecaixa.info\/documents\/esp\/Not%C3%ADcies\/20151125%20Cinco%20D%C3%ADas.pdf\" target=\"_blank\" rel=\"noreferrer noopener\">Objectiu: reformar (una vegada m\u00e9s) les pensions<\/a><\/strong><\/p>\n\n<ul class=\"wp-block-list\"><li><strong>Expansi\u00f3 del dimarts 24 de novembre de 2015<\/strong><\/li><\/ul>\n<p><strong><a href=\"https:\/\/www.fpecaixa.info\/documents\/esp\/Not%C3%ADcies\/20151124%20Expansi%C3%B3n.pdf\" target=\"_blank\" rel=\"noreferrer noopener\">El 89% dels espanyols creu que necessitar\u00e0 complementar la seva pensi\u00f3 p\u00fablica<\/a><\/strong><\/p>\n\n<ul class=\"wp-block-list\"><li><strong>Cinc Dies del dimecres 11 de novembre de 2015<\/strong><\/li><\/ul>\n<p><strong><a href=\"https:\/\/www.fpecaixa.info\/documents\/esp\/Not%C3%ADcies\/20151111%20Cinco%20D%C3%ADas.pdf\" target=\"_blank\" rel=\"noreferrer noopener\">Com calcular la pensi\u00f3 amb el nou simulador en tres passos<\/a><\/strong><\/p>\n\n<ul class=\"wp-block-list\"><li><strong>Cinc Dies del dimecres 4 de novembre de 2015<\/strong><\/li><\/ul>\n<p><strong><a href=\"https:\/\/www.fpecaixa.info\/documents\/esp\/Not%C3%ADcies\/20151104%20Cinco%20D%C3%ADas.pdf\" target=\"_blank\" rel=\"noreferrer noopener\">El govern informar\u00e0 des de dem\u00e0 sobre l&#8217;estimaci\u00f3 de pensi\u00f3 p\u00fablica<\/a><\/strong><\/p>\n\n<ul class=\"wp-block-list\"><li><strong>La Vanguardia del dilluns 2 de novembre de 2015<\/strong><\/li><\/ul>\n<p><strong><a href=\"https:\/\/www.fpecaixa.info\/documents\/esp\/Not%C3%ADcies\/20151102%20La%20Vanguardia.pdf\" target=\"_blank\" rel=\"noreferrer noopener\">Als jubilats els espanta la bossa<\/a><br\/><\/strong><\/p>\n\n<ul class=\"wp-block-list\"><li><strong>Cinc Dies del dimarts 20 d&#8217;octubre de 2015<\/strong><\/li><\/ul>\n<p><strong><a href=\"https:\/\/www.fpecaixa.info\/documents\/esp\/Not%C3%ADcies\/20151020%20Cinco%20D%C3%ADas.pdf\" target=\"_blank\" rel=\"noreferrer noopener\">Pensions, aquestes grans desconegudes<\/a><br\/><\/strong><\/p>\n\n<ul class=\"wp-block-list\"><li><strong>elEconomista.es del dimecres 14 d&#8217;octubre de 2015<\/strong><\/li><\/ul>\n<p><strong><a href=\"https:\/\/www.fpecaixa.info\/documents\/esp\/Not%C3%ADcies\/20151014%20elEconomista.es.pdf\" target=\"_blank\" rel=\"noreferrer noopener\">Pla de pensions d&#8217;ocupaci\u00f3: tasca clau<\/a><br\/><\/strong><\/p>\n\n<ul class=\"wp-block-list\"><li><strong>El Confidencial del dimecres 7 d&#8217;octubre de 2015<\/strong><\/li><\/ul>\n<p><strong><a href=\"https:\/\/www.fpecaixa.info\/documents\/esp\/Not%C3%ADcies\/20151007%20El%20Confidencial.pdf\" target=\"_blank\" rel=\"noreferrer noopener\">Espanya \u00e9s el segon pa\u00eds amb la pensi\u00f3 m\u00e0xima m\u00e9s alta, per darrere de Luxemburg<\/a><br\/><\/strong><\/p>\n\n<ul class=\"wp-block-list\"><li><strong>El Pa\u00eds del diumenge 27 de setembre de 2015<\/strong><\/li><\/ul>\n<p><strong><a href=\"https:\/\/www.fpecaixa.info\/documents\/esp\/Not%C3%ADcies\/20150927%20El%20Pa%C3%ADs.pdf\" target=\"_blank\" rel=\"noreferrer noopener\">Pensions per a una segona vellesa<\/a><br\/><\/strong><\/p>\n\n<ul class=\"wp-block-list\"><li><strong>Cinc Dies del dijous 20 d&#8217;agost de 2015<\/strong><\/li><\/ul>\n<p><strong><a href=\"https:\/\/www.fpecaixa.info\/documents\/esp\/Not%C3%ADcies\/20150820%20Cinco%20D%C3%ADas.pdf\" target=\"_blank\" rel=\"noreferrer noopener\">Govern i oposici\u00f3 coincideixen a pagar amb impostos parteix de les pensions<\/a><br\/><\/strong><\/p>\n\n<ul class=\"wp-block-list\"><li><strong>Cinc Dies del dilluns 17 d&#8217;agost de 2015<\/strong><\/li><\/ul>\n<p><strong><a href=\"https:\/\/www.fpecaixa.info\/documents\/esp\/Not%C3%ADcies\/20150817%20Cinco%20D%C3%ADas.pdf\" target=\"_blank\" rel=\"noreferrer noopener\">Els empleats espanyols, els que menys cotitzen per a la seva pensi\u00f3<\/a><br\/><\/strong><\/p>\n\n<ul class=\"wp-block-list\"><li><strong>elEconomista.es del dilluns 17 d&#8217;agost de 2015<\/strong><\/li><\/ul>\n<p><strong><a href=\"https:\/\/www.fpecaixa.info\/documents\/esp\/Not%C3%ADcies\/20150817%20elEconomista.es.pdf\" target=\"_blank\" rel=\"noreferrer noopener\">Espanya t\u00e9 2,26 afiliats per pensionista, menys encara que a l&#8217;inici de la legislatura<\/a><br\/><\/strong><\/p>\n\n<ul class=\"wp-block-list\"><li><strong>Cinco D\u00edas del dimecres 12 d&#8217;agost de 2015<\/strong><\/li><\/ul>\n<p><strong><a href=\"https:\/\/www.fpecaixa.info\/documents\/esp\/Not%C3%ADcies\/20150812%20Cinco%20D%C3%ADas.pdf\" target=\"_blank\" rel=\"noreferrer noopener\">Els nous jubilats, cada vegada m\u00e9s cars<\/a><br\/><\/strong><\/p>\n\n<ul class=\"wp-block-list\"><li><strong>Expansi\u00f3 del divendres 7 d&#8217;agost de 2015<\/strong><\/li><\/ul>\n<p><strong><a href=\"https:\/\/www.fpecaixa.info\/documents\/esp\/Not%C3%ADcies\/20150807%20Expansion.pdf\" target=\"_blank\" rel=\"noreferrer noopener\">La reordenaci\u00f3 banc\u00e0ria ha tancat 150 plans de pensions d&#8217;ocupaci\u00f3<\/a><br\/><\/strong><\/p>\n\n<ul class=\"wp-block-list\"><li><strong>Cinc Dies del divendres 24 de juliol de 2015<\/strong><\/li><\/ul>\n<p><strong><a href=\"https:\/\/www.fpecaixa.info\/documents\/esp\/Not%C3%ADcies\/20150724%20Cinco%20D%C3%ADas.pdf\" target=\"_blank\" rel=\"noreferrer noopener\">S&#8217;ha perdut la por a la Borsa en les pensions<\/a><br\/><\/strong><\/p>\n\n<ul class=\"wp-block-list\"><li><strong>Cinc Dies del dijous 23 de juliol de 2015<\/strong><\/li><\/ul>\n<p><strong><a href=\"https:\/\/www.fpecaixa.info\/documents\/esp\/Not%C3%ADcies\/20150723%20Cinco%20D%C3%ADas.pdf\" target=\"_blank\" rel=\"noreferrer noopener\">Els plans de pensions signen la seva millor arrencada en cinc anys<\/a><br\/><\/strong><\/p>\n\n<ul class=\"wp-block-list\"><li><strong>elEconomista.es del dijous 23 de juliol de 2015<\/strong><\/li><\/ul>\n<p><strong><a href=\"https:\/\/www.fpecaixa.info\/documents\/esp\/Not%C3%ADcies\/20150723%20elEconomista.es.pdf\" target=\"_blank\" rel=\"noreferrer noopener\">Nou r\u00e8cord en la despesa en pensions: puja un 2,9% interanual al juliol<\/a><br\/><\/strong><\/p>\n\n<ul class=\"wp-block-list\"><li><strong>elEconomista.es del dilluns 6 de juliol de 2015<\/strong><\/li><\/ul>\n<p><strong><a href=\"https:\/\/www.fpecaixa.info\/documents\/esp\/Not%C3%ADcies\/20150706%20elEconomista.es.pdf\" target=\"_blank\" rel=\"noreferrer noopener\">Ocupaci\u00f3 posposa indefinidament l&#8217;enviament de les cartes de la jubilaci\u00f3<\/a><br\/><\/strong><\/p>\n\n<ul class=\"wp-block-list\"><li><strong>Morningstar.es del dijous 25 de juny de 2015<\/strong><\/li><\/ul>\n<p><strong><a href=\"https:\/\/www.fpecaixa.info\/documents\/esp\/Not%C3%ADcies\/20150625%20Morningstar.es.pdf\" target=\"_blank\" rel=\"noreferrer noopener\">Perspectives: Nom\u00e9s el 28% dels espanyols estalvia per a la seva jubilaci\u00f3<\/a><br\/><\/strong><\/p>\n\n<ul class=\"wp-block-list\"><li><strong>Morningstar.es del dimarts 16 de juny de 2015<\/strong><\/li><\/ul>\n<p><strong><a href=\"https:\/\/www.fpecaixa.info\/documents\/esp\/Not%C3%ADcies\/20150616%20Morningstar.es.pdf\" target=\"_blank\" rel=\"noreferrer noopener\">Invertir per a la jubilaci\u00f3: Qu\u00e8 preocupa els inversors?<\/a><br\/><\/strong><\/p>\n\n<ul class=\"wp-block-list\"><li><strong>elEconomista.es del dimecres 10 de juny de 2015<\/strong><\/li><\/ul>\n<p><strong><a href=\"https:\/\/www.fpecaixa.info\/documents\/esp\/Not%C3%ADcies\/20150610%20elEconomista.es.pdf\" target=\"_blank\" rel=\"noreferrer noopener\">Espanya, entre els pa\u00efsos que pitjor planifica la jubilaci\u00f3<\/a><br\/><\/strong><\/p>\n\n<ul class=\"wp-block-list\"><li><strong>El Pa\u00eds del dilluns 18 de maig de 2015<\/strong><\/li><\/ul>\n<p><strong><a href=\"https:\/\/www.fpecaixa.info\/documents\/esp\/Not%C3%ADcies\/20150518%20El%20Pa%C3%ADs.pdf\" target=\"_blank\" rel=\"noreferrer noopener\">La guardiola de les pensions s&#8217;esgotar\u00e0 en 2024, segons un estudi<\/a><br\/><\/strong><\/p>\n\n<ul class=\"wp-block-list\"><li><strong>Expansi\u00f3 del diumenge 17 de maig de 2015<\/strong><\/li><\/ul>\n<p><strong><a href=\"https:\/\/www.fpecaixa.info\/documents\/esp\/Not%C3%ADcies\/20150517%20Expansi%C3%B3n.pdf\" target=\"_blank\" rel=\"noreferrer noopener\">De cada 100 euros en plans de pensions, CaixaBank i BBVA gestionen 40<\/a><br\/><\/strong><\/p>\n\n<ul class=\"wp-block-list\"><li><strong>elEconomista.es del diumenge 17 de maig de 2015<\/strong><\/li><\/ul>\n<p><strong><a href=\"https:\/\/www.fpecaixa.info\/documents\/esp\/Not%C3%ADcies\/20150517%20elEconomista.es.pdf\" target=\"_blank\" rel=\"noreferrer noopener\">Europa davant el repte de l&#8217;envelliment: en 50 anys hi haur\u00e0 dos empleats per pensionista<\/a><br\/><\/strong><\/p>\n\n<ul class=\"wp-block-list\"><li><strong>Expansi\u00f3 del dissabte 18 d&#8217;abril de 2015<\/strong><\/li><\/ul>\n<p><strong><a href=\"https:\/\/www.fpecaixa.info\/documents\/esp\/Not%C3%ADcies\/20150418%20Expansi%C3%B3n.pdf\" target=\"_blank\" rel=\"noreferrer noopener\">CaixaBank s&#8217;erigeix en la major gestora de fons de pensions<\/a><br\/><\/strong><\/p>\n\n<ul class=\"wp-block-list\"><li><strong>elEconomista.es del dijous 2 d&#8217;abril de 2015<\/strong><\/li><\/ul>\n<p><strong><a href=\"https:\/\/www.fpecaixa.info\/documents\/esp\/Not%C3%ADcies\/20150402%20elEconomista.es.pdf\" target=\"_blank\" rel=\"noreferrer noopener\">Com s\u00f3n els nous jubilats? Turistes m\u00e9s sans i m\u00e9s rics<\/a><br\/><\/strong><\/p>\n\n<ul class=\"wp-block-list\"><li><strong>Expansi\u00f3 del dilluns 2 de mar\u00e7 de 2015<\/strong><\/li><\/ul>\n<p><strong><a href=\"https:\/\/www.fpecaixa.info\/documents\/esp\/Not%C3%ADcies\/20150302%20Expansi%C3%B3n.pdf\" target=\"_blank\" rel=\"noreferrer noopener\">El pla de pensions de CaixaBank es planteja sortir del deute euro<\/a><br\/><\/strong><\/p>\n\n<ul class=\"wp-block-list\"><li><strong>Morningstar.es del dimecres 14 de maig de 2014<\/strong><\/li><\/ul>\n<p><strong><a href=\"https:\/\/www.fpecaixa.info\/documents\/esp\/Not%C3%ADcies\/20140514%20Morningstar.es.pdf\" target=\"_blank\" rel=\"noreferrer noopener\">Apostar per un fons concentrat o molt diversificat?<\/a><br\/><\/strong><\/p>\n\n<ul class=\"wp-block-list\"><li><strong>Expansi\u00f3 del dimarts 18 de febrer de 2014<\/strong><\/li><\/ul>\n<p><strong><a href=\"https:\/\/www.fpecaixa.info\/documents\/esp\/Not%C3%ADcies\/20140218%20Expansi%C3%B3n.pdf\" target=\"_blank\" rel=\"noreferrer noopener\">Els part\u00edcips paguen 950 milions per la gesti\u00f3 dels seus plans<\/a><br\/><\/strong><\/p>\n\n<ul class=\"wp-block-list\"><li><strong>Expansi\u00f3 del dilluns 13 de gener de 2014<\/strong><\/li><\/ul>\n<p><strong><a href=\"https:\/\/www.fpecaixa.info\/documents\/esp\/Not%C3%ADcies\/20140113%20Expansi%C3%B3n.pdf\" target=\"_blank\" rel=\"noreferrer noopener\">CaixaBank cedeix a CecaBank el dip\u00f2sit dels seus Plans d&#8217;Ocupaci\u00f3<\/a><br\/><\/strong><\/p>\n\n<ul class=\"wp-block-list\"><li><strong>Suplemento Diners de La Vanguardia del diumenge 12 de gener de 2014<\/strong><\/li><\/ul>\n<p><strong><a href=\"https:\/\/www.fpecaixa.info\/documents\/esp\/Not%C3%ADcies\/20140112%20LV%20Dinero.pdf\" target=\"_blank\" rel=\"noreferrer noopener\">&#8220;la Caixa&#8221;, el l\u00edder, guanya un 10%<\/a><br\/><\/strong><\/p>\n\n<ul class=\"wp-block-list\"><li><strong>Expansi\u00f3 del dimarts 7 de gener de 2014<\/strong><\/li><\/ul>\n<p><strong><a href=\"https:\/\/www.fpecaixa.info\/documents\/esp\/Not%C3%ADcies\/20140107%20Expansi%C3%B3n.pdf\" target=\"_blank\" rel=\"noreferrer noopener\">El Pla de Pensions d&#8217;Ocupaci\u00f3 de CaixaBank guanya un 9,39% en 2013<\/a><br\/><\/strong><\/p>\n\n<ul class=\"wp-block-list\"><li><strong>Suplemento Diners de La Vanguardia del diumenge 4 de novembre de 2012<\/strong><\/li><\/ul>\n<p><strong><a href=\"https:\/\/www.fpecaixa.info\/documents\/esp\/Not%C3%ADcies\/20121104%20LV%20Dinero.pdf\" target=\"_blank\" rel=\"noreferrer noopener\">Estalviar per a la jubilaci\u00f3<\/a><\/strong><\/p>\n","protected":false},"excerpt":{"rendered":"<p>Expansi\u00f3 del dimecres 12 de febrer de 2020 El pla dels empleats de CaixaBank invertir\u00e0 directament en borsa per a influir en les empreses Expansi\u00f3 del dimarts 4 de febrer de 2020 El Govern transposa les directives de distribuci\u00f3 d&#8217;assegurances i de fons de pensions d&#8217;ocupaci\u00f3 Expansi\u00f3 del dissabte 11 de gener de 2020 El [&hellip;]<\/p>\n","protected":false},"author":2,"featured_media":0,"comment_status":"closed","ping_status":"open","sticky":false,"template":"","format":"standard","meta":{"_acf_changed":false,"_monsterinsights_skip_tracking":false,"_monsterinsights_sitenote_active":false,"_monsterinsights_sitenote_note":"","_monsterinsights_sitenote_category":0,"footnotes":""},"categories":[57],"tags":[],"class_list":["post-2729","post","type-post","status-publish","format-standard","hentry","category-noticies"],"acf":[],"yoast_head":"<!-- This site is optimized with the Yoast SEO plugin v27.5 - https:\/\/yoast.com\/product\/yoast-seo-wordpress\/ -->\n<title>Resum de Premsa - Plan de Pensiones de Empleo (PC30)<\/title>\n<meta name=\"robots\" content=\"index, follow, max-snippet:-1, max-image-preview:large, max-video-preview:-1\" \/>\n<link rel=\"canonical\" href=\"https:\/\/www.fpecaixa.info\/resumen-de-prensa\/\" \/>\n<meta property=\"og:locale\" content=\"ca_ES\" \/>\n<meta property=\"og:type\" content=\"article\" \/>\n<meta property=\"og:title\" content=\"Resum de Premsa - Plan de Pensiones de Empleo (PC30)\" \/>\n<meta property=\"og:description\" content=\"Expansi\u00f3 del dimecres 12 de febrer de 2020 El pla dels empleats de CaixaBank invertir\u00e0 directament en borsa per a influir en les empreses Expansi\u00f3 del dimarts 4 de febrer de 2020 El Govern transposa les directives de distribuci\u00f3 d&#8217;assegurances i de fons de pensions d&#8217;ocupaci\u00f3 Expansi\u00f3 del dissabte 11 de gener de 2020 El [&hellip;]\" \/>\n<meta property=\"og:url\" content=\"https:\/\/www.fpecaixa.info\/resumen-de-prensa\/\" \/>\n<meta property=\"og:site_name\" content=\"Plan de Pensiones de Empleo (PC30)\" \/>\n<meta property=\"article:published_time\" content=\"2020-02-12T13:53:00+00:00\" \/>\n<meta property=\"article:modified_time\" content=\"2021-10-19T13:54:07+00:00\" \/>\n<meta name=\"twitter:card\" content=\"summary_large_image\" \/>\n<meta name=\"twitter:label1\" content=\"Escrit per\" \/>\n\t<meta name=\"twitter:data1\" content=\"\" \/>\n\t<meta name=\"twitter:label2\" content=\"Temps estimat de lectura\" \/>\n\t<meta name=\"twitter:data2\" content=\"8 minuts\" \/>\n<script type=\"application\/ld+json\" class=\"yoast-schema-graph\">{\"@context\":\"https:\\\/\\\/schema.org\",\"@graph\":[{\"@type\":\"Article\",\"@id\":\"https:\\\/\\\/www.fpecaixa.info\\\/resumen-de-prensa\\\/#article\",\"isPartOf\":{\"@id\":\"https:\\\/\\\/www.fpecaixa.info\\\/resumen-de-prensa\\\/\"},\"author\":{\"name\":\"\",\"@id\":\"\"},\"headline\":\"Resum de Premsa\",\"datePublished\":\"2020-02-12T13:53:00+00:00\",\"dateModified\":\"2021-10-19T13:54:07+00:00\",\"mainEntityOfPage\":{\"@id\":\"https:\\\/\\\/www.fpecaixa.info\\\/resumen-de-prensa\\\/\"},\"wordCount\":1521,\"articleSection\":[\"Not\u00edcies\"],\"inLanguage\":\"ca\"},{\"@type\":\"WebPage\",\"@id\":\"https:\\\/\\\/www.fpecaixa.info\\\/resumen-de-prensa\\\/\",\"url\":\"https:\\\/\\\/www.fpecaixa.info\\\/resumen-de-prensa\\\/\",\"name\":\"Resum de Premsa - Plan de Pensiones de Empleo (PC30)\",\"isPartOf\":{\"@id\":\"https:\\\/\\\/www.fpecaixa.info\\\/#website\"},\"datePublished\":\"2020-02-12T13:53:00+00:00\",\"dateModified\":\"2021-10-19T13:54:07+00:00\",\"author\":{\"@id\":\"\"},\"breadcrumb\":{\"@id\":\"https:\\\/\\\/www.fpecaixa.info\\\/resumen-de-prensa\\\/#breadcrumb\"},\"inLanguage\":\"ca\",\"potentialAction\":[{\"@type\":\"ReadAction\",\"target\":[\"https:\\\/\\\/www.fpecaixa.info\\\/resumen-de-prensa\\\/\"]}]},{\"@type\":\"BreadcrumbList\",\"@id\":\"https:\\\/\\\/www.fpecaixa.info\\\/resumen-de-prensa\\\/#breadcrumb\",\"itemListElement\":[{\"@type\":\"ListItem\",\"position\":1,\"name\":\"Inici\",\"item\":\"https:\\\/\\\/www.fpecaixa.info\\\/ca\\\/\"},{\"@type\":\"ListItem\",\"position\":2,\"name\":\"Noticias\",\"item\":\"https:\\\/\\\/www.fpecaixa.info\\\/category\\\/noticias\\\/\"},{\"@type\":\"ListItem\",\"position\":3,\"name\":\"Resum de Premsa\"}]},{\"@type\":\"WebSite\",\"@id\":\"https:\\\/\\\/www.fpecaixa.info\\\/#website\",\"url\":\"https:\\\/\\\/www.fpecaixa.info\\\/\",\"name\":\"Plan de Pensiones de Empleo (PC30)\",\"description\":\"Web informativa para el Plan de Pensiones de Empleo (PC30) de trabajadores de Caixabank\",\"potentialAction\":[{\"@type\":\"SearchAction\",\"target\":{\"@type\":\"EntryPoint\",\"urlTemplate\":\"https:\\\/\\\/www.fpecaixa.info\\\/?s={search_term_string}\"},\"query-input\":{\"@type\":\"PropertyValueSpecification\",\"valueRequired\":true,\"valueName\":\"search_term_string\"}}],\"inLanguage\":\"ca\"},{\"@type\":\"Person\",\"@id\":\"\",\"url\":\"https:\\\/\\\/www.fpecaixa.info\\\/ca\\\/author\\\/\"}]}<\/script>\n<!-- \/ Yoast SEO plugin. -->","yoast_head_json":{"title":"Resum de Premsa - Plan de Pensiones de Empleo (PC30)","robots":{"index":"index","follow":"follow","max-snippet":"max-snippet:-1","max-image-preview":"max-image-preview:large","max-video-preview":"max-video-preview:-1"},"canonical":"https:\/\/www.fpecaixa.info\/resumen-de-prensa\/","og_locale":"ca_ES","og_type":"article","og_title":"Resum de Premsa - Plan de Pensiones de Empleo (PC30)","og_description":"Expansi\u00f3 del dimecres 12 de febrer de 2020 El pla dels empleats de CaixaBank invertir\u00e0 directament en borsa per a influir en les empreses Expansi\u00f3 del dimarts 4 de febrer de 2020 El Govern transposa les directives de distribuci\u00f3 d&#8217;assegurances i de fons de pensions d&#8217;ocupaci\u00f3 Expansi\u00f3 del dissabte 11 de gener de 2020 El [&hellip;]","og_url":"https:\/\/www.fpecaixa.info\/resumen-de-prensa\/","og_site_name":"Plan de Pensiones de Empleo (PC30)","article_published_time":"2020-02-12T13:53:00+00:00","article_modified_time":"2021-10-19T13:54:07+00:00","twitter_card":"summary_large_image","twitter_misc":{"Escrit per":"","Temps estimat de lectura":"8 minuts"},"schema":{"@context":"https:\/\/schema.org","@graph":[{"@type":"Article","@id":"https:\/\/www.fpecaixa.info\/resumen-de-prensa\/#article","isPartOf":{"@id":"https:\/\/www.fpecaixa.info\/resumen-de-prensa\/"},"author":{"name":"","@id":""},"headline":"Resum de Premsa","datePublished":"2020-02-12T13:53:00+00:00","dateModified":"2021-10-19T13:54:07+00:00","mainEntityOfPage":{"@id":"https:\/\/www.fpecaixa.info\/resumen-de-prensa\/"},"wordCount":1521,"articleSection":["Not\u00edcies"],"inLanguage":"ca"},{"@type":"WebPage","@id":"https:\/\/www.fpecaixa.info\/resumen-de-prensa\/","url":"https:\/\/www.fpecaixa.info\/resumen-de-prensa\/","name":"Resum de Premsa - Plan de Pensiones de Empleo (PC30)","isPartOf":{"@id":"https:\/\/www.fpecaixa.info\/#website"},"datePublished":"2020-02-12T13:53:00+00:00","dateModified":"2021-10-19T13:54:07+00:00","author":{"@id":""},"breadcrumb":{"@id":"https:\/\/www.fpecaixa.info\/resumen-de-prensa\/#breadcrumb"},"inLanguage":"ca","potentialAction":[{"@type":"ReadAction","target":["https:\/\/www.fpecaixa.info\/resumen-de-prensa\/"]}]},{"@type":"BreadcrumbList","@id":"https:\/\/www.fpecaixa.info\/resumen-de-prensa\/#breadcrumb","itemListElement":[{"@type":"ListItem","position":1,"name":"Inici","item":"https:\/\/www.fpecaixa.info\/ca\/"},{"@type":"ListItem","position":2,"name":"Noticias","item":"https:\/\/www.fpecaixa.info\/category\/noticias\/"},{"@type":"ListItem","position":3,"name":"Resum de Premsa"}]},{"@type":"WebSite","@id":"https:\/\/www.fpecaixa.info\/#website","url":"https:\/\/www.fpecaixa.info\/","name":"Plan de Pensiones de Empleo (PC30)","description":"Web informativa para el Plan de Pensiones de Empleo (PC30) de trabajadores de Caixabank","potentialAction":[{"@type":"SearchAction","target":{"@type":"EntryPoint","urlTemplate":"https:\/\/www.fpecaixa.info\/?s={search_term_string}"},"query-input":{"@type":"PropertyValueSpecification","valueRequired":true,"valueName":"search_term_string"}}],"inLanguage":"ca"},{"@type":"Person","@id":"","url":"https:\/\/www.fpecaixa.info\/ca\/author\/"}]}},"_links":{"self":[{"href":"https:\/\/www.fpecaixa.info\/ca\/wp-json\/wp\/v2\/posts\/2729","targetHints":{"allow":["GET"]}}],"collection":[{"href":"https:\/\/www.fpecaixa.info\/ca\/wp-json\/wp\/v2\/posts"}],"about":[{"href":"https:\/\/www.fpecaixa.info\/ca\/wp-json\/wp\/v2\/types\/post"}],"author":[{"embeddable":true,"href":"https:\/\/www.fpecaixa.info\/ca\/wp-json\/wp\/v2\/users\/2"}],"replies":[{"embeddable":true,"href":"https:\/\/www.fpecaixa.info\/ca\/wp-json\/wp\/v2\/comments?post=2729"}],"version-history":[{"count":1,"href":"https:\/\/www.fpecaixa.info\/ca\/wp-json\/wp\/v2\/posts\/2729\/revisions"}],"predecessor-version":[{"id":2730,"href":"https:\/\/www.fpecaixa.info\/ca\/wp-json\/wp\/v2\/posts\/2729\/revisions\/2730"}],"wp:attachment":[{"href":"https:\/\/www.fpecaixa.info\/ca\/wp-json\/wp\/v2\/media?parent=2729"}],"wp:term":[{"taxonomy":"category","embeddable":true,"href":"https:\/\/www.fpecaixa.info\/ca\/wp-json\/wp\/v2\/categories?post=2729"},{"taxonomy":"post_tag","embeddable":true,"href":"https:\/\/www.fpecaixa.info\/ca\/wp-json\/wp\/v2\/tags?post=2729"}],"curies":[{"name":"wp","href":"https:\/\/api.w.org\/{rel}","templated":true}]}}