{"id":3961,"date":"2022-01-14T14:40:11","date_gmt":"2022-01-14T14:40:11","guid":{"rendered":"https:\/\/www.fpecaixa.info\/pc30-en-el-diario-expansion\/"},"modified":"2022-01-17T11:50:43","modified_gmt":"2022-01-17T11:50:43","slug":"pc30-en-el-diario-expansion","status":"publish","type":"post","link":"https:\/\/www.fpecaixa.info\/ca\/pc30-en-el-diario-expansion\/","title":{"rendered":"El PC30 al diari Expansi\u00f3n"},"content":{"rendered":"\n<h2 class=\"wp-block-heading\">El diari destaca l&#8217;evoluci\u00f3 del Fons d&#8217;Ocupaci\u00f3 de CaixaBank durant el 2021. <\/h2>\n\n\n\n<p>El diari Expansi\u00f3n ha publicat avui, 14 de gener de 2022, una not\u00edcia amb el t\u00edtol: : \u201c\u00bfQu\u00e9 ganancia r\u00e9cord logra el plan de empleados de CaixaBank?\u201d on es resumeix el comportament del PC30 durant el passat 2021. A l\u2019article es destaca l\u2019evoluci\u00f3 del fons en els darrers exercicis i, tal com declara Eduardo Mart\u00ednez de Arag\u00f3n, director d\u2019inversions de VidaCaixa, el paper fonamental que la diversificaci\u00f3 de la cartera del PC30 ha tingut en la rendibilitat a llarg termini del fons, caracter\u00edstica coherent amb l\u2019horitz\u00f3 temporal d\u2019un pla de pensions.<\/p>\n\n\n\n<p>Tanmateix, es destaca el nivell de la rendibilitat hist\u00f2rica del pla (4,40%) en comparaci\u00f3 amb el nivell d\u2019inflaci\u00f3 en el mateix per\u00edode (2,33%). Aquesta difer\u00e8ncia suposa que els part\u00edcips han millorat de manera significativa el poder adquisitiu de les aportacions que han rebut durant la seva vida professional.<\/p>\n\n\n\n<p>Adjuntem l\u2019enlla\u00e7 de la not\u00edcia.<\/p>\n\n\n\n<p><a href=\"https:\/\/www.expansion.com\/empresas\/banca\/2022\/01\/14\/61e0a3cf468aeb5f538b460b.html\">https:\/\/www.expansion.com\/empresas\/banca\/2022\/01\/14\/61e0a3cf468aeb5f538b460b.html<\/a><\/p>\n\n\n\n<p><\/p>\n","protected":false},"excerpt":{"rendered":"<p>El diari destaca l&#8217;evoluci\u00f3 del Fons d&#8217;Ocupaci\u00f3 de CaixaBank durant el 2021. El diari Expansi\u00f3n ha publicat avui, 14 de gener de 2022, una not\u00edcia amb el t\u00edtol: : \u201c\u00bfQu\u00e9 ganancia r\u00e9cord logra el plan de empleados de CaixaBank?\u201d on es resumeix el comportament del PC30 durant el passat 2021. A l\u2019article es destaca l\u2019evoluci\u00f3 [&hellip;]<\/p>\n","protected":false},"author":6,"featured_media":3958,"comment_status":"closed","ping_status":"open","sticky":false,"template":"","format":"standard","meta":{"_acf_changed":false,"_monsterinsights_skip_tracking":false,"_monsterinsights_sitenote_active":false,"_monsterinsights_sitenote_note":"","_monsterinsights_sitenote_category":0,"footnotes":""},"categories":[56,57,21],"tags":[],"class_list":["post-3961","post","type-post","status-publish","format-standard","has-post-thumbnail","hentry","category-destacades","category-noticies","category-sense-categoria"],"acf":[],"yoast_head":"<!-- This site is optimized with the Yoast SEO plugin v27.5 - https:\/\/yoast.com\/product\/yoast-seo-wordpress\/ -->\n<title>El PC30 al diari Expansi\u00f3n - Plan de Pensiones de Empleo (PC30)<\/title>\n<meta name=\"robots\" content=\"index, follow, max-snippet:-1, max-image-preview:large, max-video-preview:-1\" \/>\n<link rel=\"canonical\" href=\"https:\/\/www.fpecaixa.info\/pc30-en-el-diario-expansion\/\" \/>\n<meta property=\"og:locale\" content=\"ca_ES\" \/>\n<meta property=\"og:type\" content=\"article\" \/>\n<meta property=\"og:title\" content=\"El PC30 al diari Expansi\u00f3n - Plan de Pensiones de Empleo (PC30)\" \/>\n<meta property=\"og:description\" content=\"El diari destaca l&#8217;evoluci\u00f3 del Fons d&#8217;Ocupaci\u00f3 de CaixaBank durant el 2021. El diari Expansi\u00f3n ha publicat avui, 14 de gener de 2022, una not\u00edcia amb el t\u00edtol: : \u201c\u00bfQu\u00e9 ganancia r\u00e9cord logra el plan de empleados de CaixaBank?\u201d on es resumeix el comportament del PC30 durant el passat 2021. A l\u2019article es destaca l\u2019evoluci\u00f3 [&hellip;]\" \/>\n<meta property=\"og:url\" content=\"https:\/\/www.fpecaixa.info\/pc30-en-el-diario-expansion\/\" \/>\n<meta property=\"og:site_name\" content=\"Plan de Pensiones de Empleo (PC30)\" \/>\n<meta property=\"article:published_time\" content=\"2022-01-14T14:40:11+00:00\" \/>\n<meta property=\"article:modified_time\" content=\"2022-01-17T11:50:43+00:00\" \/>\n<meta property=\"og:image\" content=\"https:\/\/www.fpecaixa.info\/wp-content\/uploads\/2022\/01\/5537894072_c4e46bfce1_b.jpg\" \/>\n\t<meta property=\"og:image:width\" content=\"1024\" \/>\n\t<meta property=\"og:image:height\" content=\"683\" \/>\n\t<meta property=\"og:image:type\" content=\"image\/jpeg\" \/>\n<meta name=\"author\" content=\"ijhernandez\" \/>\n<meta name=\"twitter:card\" content=\"summary_large_image\" \/>\n<meta name=\"twitter:label1\" content=\"Escrit per\" \/>\n\t<meta name=\"twitter:data1\" content=\"ijhernandez\" \/>\n\t<meta name=\"twitter:label2\" content=\"Temps estimat de lectura\" \/>\n\t<meta name=\"twitter:data2\" content=\"1 minut\" \/>\n<script type=\"application\/ld+json\" class=\"yoast-schema-graph\">{\"@context\":\"https:\\\/\\\/schema.org\",\"@graph\":[{\"@type\":\"Article\",\"@id\":\"https:\\\/\\\/www.fpecaixa.info\\\/pc30-en-el-diario-expansion\\\/#article\",\"isPartOf\":{\"@id\":\"https:\\\/\\\/www.fpecaixa.info\\\/pc30-en-el-diario-expansion\\\/\"},\"author\":{\"name\":\"ijhernandez\",\"@id\":\"https:\\\/\\\/www.fpecaixa.info\\\/#\\\/schema\\\/person\\\/aa69608ee32bb66f1154144f2e88b216\"},\"headline\":\"El PC30 al diari Expansi\u00f3n\",\"datePublished\":\"2022-01-14T14:40:11+00:00\",\"dateModified\":\"2022-01-17T11:50:43+00:00\",\"mainEntityOfPage\":{\"@id\":\"https:\\\/\\\/www.fpecaixa.info\\\/pc30-en-el-diario-expansion\\\/\"},\"wordCount\":188,\"image\":{\"@id\":\"https:\\\/\\\/www.fpecaixa.info\\\/pc30-en-el-diario-expansion\\\/#primaryimage\"},\"thumbnailUrl\":\"https:\\\/\\\/www.fpecaixa.info\\\/wp-content\\\/uploads\\\/2022\\\/01\\\/5537894072_c4e46bfce1_b.jpg\",\"articleSection\":[\"Destacades\",\"Not\u00edcies\"],\"inLanguage\":\"ca\"},{\"@type\":\"WebPage\",\"@id\":\"https:\\\/\\\/www.fpecaixa.info\\\/pc30-en-el-diario-expansion\\\/\",\"url\":\"https:\\\/\\\/www.fpecaixa.info\\\/pc30-en-el-diario-expansion\\\/\",\"name\":\"El PC30 al diari Expansi\u00f3n - Plan de Pensiones de Empleo (PC30)\",\"isPartOf\":{\"@id\":\"https:\\\/\\\/www.fpecaixa.info\\\/#website\"},\"primaryImageOfPage\":{\"@id\":\"https:\\\/\\\/www.fpecaixa.info\\\/pc30-en-el-diario-expansion\\\/#primaryimage\"},\"image\":{\"@id\":\"https:\\\/\\\/www.fpecaixa.info\\\/pc30-en-el-diario-expansion\\\/#primaryimage\"},\"thumbnailUrl\":\"https:\\\/\\\/www.fpecaixa.info\\\/wp-content\\\/uploads\\\/2022\\\/01\\\/5537894072_c4e46bfce1_b.jpg\",\"datePublished\":\"2022-01-14T14:40:11+00:00\",\"dateModified\":\"2022-01-17T11:50:43+00:00\",\"author\":{\"@id\":\"https:\\\/\\\/www.fpecaixa.info\\\/#\\\/schema\\\/person\\\/aa69608ee32bb66f1154144f2e88b216\"},\"breadcrumb\":{\"@id\":\"https:\\\/\\\/www.fpecaixa.info\\\/pc30-en-el-diario-expansion\\\/#breadcrumb\"},\"inLanguage\":\"ca\",\"potentialAction\":[{\"@type\":\"ReadAction\",\"target\":[\"https:\\\/\\\/www.fpecaixa.info\\\/pc30-en-el-diario-expansion\\\/\"]}]},{\"@type\":\"ImageObject\",\"inLanguage\":\"ca\",\"@id\":\"https:\\\/\\\/www.fpecaixa.info\\\/pc30-en-el-diario-expansion\\\/#primaryimage\",\"url\":\"https:\\\/\\\/www.fpecaixa.info\\\/wp-content\\\/uploads\\\/2022\\\/01\\\/5537894072_c4e46bfce1_b.jpg\",\"contentUrl\":\"https:\\\/\\\/www.fpecaixa.info\\\/wp-content\\\/uploads\\\/2022\\\/01\\\/5537894072_c4e46bfce1_b.jpg\",\"width\":1024,\"height\":683},{\"@type\":\"BreadcrumbList\",\"@id\":\"https:\\\/\\\/www.fpecaixa.info\\\/pc30-en-el-diario-expansion\\\/#breadcrumb\",\"itemListElement\":[{\"@type\":\"ListItem\",\"position\":1,\"name\":\"Inici\",\"item\":\"https:\\\/\\\/www.fpecaixa.info\\\/ca\\\/\"},{\"@type\":\"ListItem\",\"position\":2,\"name\":\"Destacadas\",\"item\":\"https:\\\/\\\/www.fpecaixa.info\\\/category\\\/destacadas\\\/\"},{\"@type\":\"ListItem\",\"position\":3,\"name\":\"El PC30 al diari Expansi\u00f3n\"}]},{\"@type\":\"WebSite\",\"@id\":\"https:\\\/\\\/www.fpecaixa.info\\\/#website\",\"url\":\"https:\\\/\\\/www.fpecaixa.info\\\/\",\"name\":\"Plan de Pensiones de Empleo (PC30)\",\"description\":\"Web informativa para el Plan de Pensiones de Empleo (PC30) de trabajadores de Caixabank\",\"potentialAction\":[{\"@type\":\"SearchAction\",\"target\":{\"@type\":\"EntryPoint\",\"urlTemplate\":\"https:\\\/\\\/www.fpecaixa.info\\\/?s={search_term_string}\"},\"query-input\":{\"@type\":\"PropertyValueSpecification\",\"valueRequired\":true,\"valueName\":\"search_term_string\"}}],\"inLanguage\":\"ca\"},{\"@type\":\"Person\",\"@id\":\"https:\\\/\\\/www.fpecaixa.info\\\/#\\\/schema\\\/person\\\/aa69608ee32bb66f1154144f2e88b216\",\"name\":\"ijhernandez\",\"image\":{\"@type\":\"ImageObject\",\"inLanguage\":\"ca\",\"@id\":\"https:\\\/\\\/secure.gravatar.com\\\/avatar\\\/fc12ba80fe04063a2c363a116cf1b94dc0270db700aa98301e2345b84be9a049?s=96&d=mm&r=g\",\"url\":\"https:\\\/\\\/secure.gravatar.com\\\/avatar\\\/fc12ba80fe04063a2c363a116cf1b94dc0270db700aa98301e2345b84be9a049?s=96&d=mm&r=g\",\"contentUrl\":\"https:\\\/\\\/secure.gravatar.com\\\/avatar\\\/fc12ba80fe04063a2c363a116cf1b94dc0270db700aa98301e2345b84be9a049?s=96&d=mm&r=g\",\"caption\":\"ijhernandez\"},\"url\":\"https:\\\/\\\/www.fpecaixa.info\\\/ca\\\/author\\\/ijhernandez\\\/\"}]}<\/script>\n<!-- \/ Yoast SEO plugin. -->","yoast_head_json":{"title":"El PC30 al diari Expansi\u00f3n - Plan de Pensiones de Empleo (PC30)","robots":{"index":"index","follow":"follow","max-snippet":"max-snippet:-1","max-image-preview":"max-image-preview:large","max-video-preview":"max-video-preview:-1"},"canonical":"https:\/\/www.fpecaixa.info\/pc30-en-el-diario-expansion\/","og_locale":"ca_ES","og_type":"article","og_title":"El PC30 al diari Expansi\u00f3n - Plan de Pensiones de Empleo (PC30)","og_description":"El diari destaca l&#8217;evoluci\u00f3 del Fons d&#8217;Ocupaci\u00f3 de CaixaBank durant el 2021. El diari Expansi\u00f3n ha publicat avui, 14 de gener de 2022, una not\u00edcia amb el t\u00edtol: : \u201c\u00bfQu\u00e9 ganancia r\u00e9cord logra el plan de empleados de CaixaBank?\u201d on es resumeix el comportament del PC30 durant el passat 2021. A l\u2019article es destaca l\u2019evoluci\u00f3 [&hellip;]","og_url":"https:\/\/www.fpecaixa.info\/pc30-en-el-diario-expansion\/","og_site_name":"Plan de Pensiones de Empleo (PC30)","article_published_time":"2022-01-14T14:40:11+00:00","article_modified_time":"2022-01-17T11:50:43+00:00","og_image":[{"width":1024,"height":683,"url":"https:\/\/www.fpecaixa.info\/wp-content\/uploads\/2022\/01\/5537894072_c4e46bfce1_b.jpg","type":"image\/jpeg"}],"author":"ijhernandez","twitter_card":"summary_large_image","twitter_misc":{"Escrit per":"ijhernandez","Temps estimat de lectura":"1 minut"},"schema":{"@context":"https:\/\/schema.org","@graph":[{"@type":"Article","@id":"https:\/\/www.fpecaixa.info\/pc30-en-el-diario-expansion\/#article","isPartOf":{"@id":"https:\/\/www.fpecaixa.info\/pc30-en-el-diario-expansion\/"},"author":{"name":"ijhernandez","@id":"https:\/\/www.fpecaixa.info\/#\/schema\/person\/aa69608ee32bb66f1154144f2e88b216"},"headline":"El PC30 al diari Expansi\u00f3n","datePublished":"2022-01-14T14:40:11+00:00","dateModified":"2022-01-17T11:50:43+00:00","mainEntityOfPage":{"@id":"https:\/\/www.fpecaixa.info\/pc30-en-el-diario-expansion\/"},"wordCount":188,"image":{"@id":"https:\/\/www.fpecaixa.info\/pc30-en-el-diario-expansion\/#primaryimage"},"thumbnailUrl":"https:\/\/www.fpecaixa.info\/wp-content\/uploads\/2022\/01\/5537894072_c4e46bfce1_b.jpg","articleSection":["Destacades","Not\u00edcies"],"inLanguage":"ca"},{"@type":"WebPage","@id":"https:\/\/www.fpecaixa.info\/pc30-en-el-diario-expansion\/","url":"https:\/\/www.fpecaixa.info\/pc30-en-el-diario-expansion\/","name":"El PC30 al diari Expansi\u00f3n - Plan de Pensiones de Empleo (PC30)","isPartOf":{"@id":"https:\/\/www.fpecaixa.info\/#website"},"primaryImageOfPage":{"@id":"https:\/\/www.fpecaixa.info\/pc30-en-el-diario-expansion\/#primaryimage"},"image":{"@id":"https:\/\/www.fpecaixa.info\/pc30-en-el-diario-expansion\/#primaryimage"},"thumbnailUrl":"https:\/\/www.fpecaixa.info\/wp-content\/uploads\/2022\/01\/5537894072_c4e46bfce1_b.jpg","datePublished":"2022-01-14T14:40:11+00:00","dateModified":"2022-01-17T11:50:43+00:00","author":{"@id":"https:\/\/www.fpecaixa.info\/#\/schema\/person\/aa69608ee32bb66f1154144f2e88b216"},"breadcrumb":{"@id":"https:\/\/www.fpecaixa.info\/pc30-en-el-diario-expansion\/#breadcrumb"},"inLanguage":"ca","potentialAction":[{"@type":"ReadAction","target":["https:\/\/www.fpecaixa.info\/pc30-en-el-diario-expansion\/"]}]},{"@type":"ImageObject","inLanguage":"ca","@id":"https:\/\/www.fpecaixa.info\/pc30-en-el-diario-expansion\/#primaryimage","url":"https:\/\/www.fpecaixa.info\/wp-content\/uploads\/2022\/01\/5537894072_c4e46bfce1_b.jpg","contentUrl":"https:\/\/www.fpecaixa.info\/wp-content\/uploads\/2022\/01\/5537894072_c4e46bfce1_b.jpg","width":1024,"height":683},{"@type":"BreadcrumbList","@id":"https:\/\/www.fpecaixa.info\/pc30-en-el-diario-expansion\/#breadcrumb","itemListElement":[{"@type":"ListItem","position":1,"name":"Inici","item":"https:\/\/www.fpecaixa.info\/ca\/"},{"@type":"ListItem","position":2,"name":"Destacadas","item":"https:\/\/www.fpecaixa.info\/category\/destacadas\/"},{"@type":"ListItem","position":3,"name":"El PC30 al diari Expansi\u00f3n"}]},{"@type":"WebSite","@id":"https:\/\/www.fpecaixa.info\/#website","url":"https:\/\/www.fpecaixa.info\/","name":"Plan de Pensiones de Empleo (PC30)","description":"Web informativa para el Plan de Pensiones de Empleo (PC30) de trabajadores de Caixabank","potentialAction":[{"@type":"SearchAction","target":{"@type":"EntryPoint","urlTemplate":"https:\/\/www.fpecaixa.info\/?s={search_term_string}"},"query-input":{"@type":"PropertyValueSpecification","valueRequired":true,"valueName":"search_term_string"}}],"inLanguage":"ca"},{"@type":"Person","@id":"https:\/\/www.fpecaixa.info\/#\/schema\/person\/aa69608ee32bb66f1154144f2e88b216","name":"ijhernandez","image":{"@type":"ImageObject","inLanguage":"ca","@id":"https:\/\/secure.gravatar.com\/avatar\/fc12ba80fe04063a2c363a116cf1b94dc0270db700aa98301e2345b84be9a049?s=96&d=mm&r=g","url":"https:\/\/secure.gravatar.com\/avatar\/fc12ba80fe04063a2c363a116cf1b94dc0270db700aa98301e2345b84be9a049?s=96&d=mm&r=g","contentUrl":"https:\/\/secure.gravatar.com\/avatar\/fc12ba80fe04063a2c363a116cf1b94dc0270db700aa98301e2345b84be9a049?s=96&d=mm&r=g","caption":"ijhernandez"},"url":"https:\/\/www.fpecaixa.info\/ca\/author\/ijhernandez\/"}]}},"_links":{"self":[{"href":"https:\/\/www.fpecaixa.info\/ca\/wp-json\/wp\/v2\/posts\/3961","targetHints":{"allow":["GET"]}}],"collection":[{"href":"https:\/\/www.fpecaixa.info\/ca\/wp-json\/wp\/v2\/posts"}],"about":[{"href":"https:\/\/www.fpecaixa.info\/ca\/wp-json\/wp\/v2\/types\/post"}],"author":[{"embeddable":true,"href":"https:\/\/www.fpecaixa.info\/ca\/wp-json\/wp\/v2\/users\/6"}],"replies":[{"embeddable":true,"href":"https:\/\/www.fpecaixa.info\/ca\/wp-json\/wp\/v2\/comments?post=3961"}],"version-history":[{"count":9,"href":"https:\/\/www.fpecaixa.info\/ca\/wp-json\/wp\/v2\/posts\/3961\/revisions"}],"predecessor-version":[{"id":3978,"href":"https:\/\/www.fpecaixa.info\/ca\/wp-json\/wp\/v2\/posts\/3961\/revisions\/3978"}],"wp:featuredmedia":[{"embeddable":true,"href":"https:\/\/www.fpecaixa.info\/ca\/wp-json\/wp\/v2\/media\/3958"}],"wp:attachment":[{"href":"https:\/\/www.fpecaixa.info\/ca\/wp-json\/wp\/v2\/media?parent=3961"}],"wp:term":[{"taxonomy":"category","embeddable":true,"href":"https:\/\/www.fpecaixa.info\/ca\/wp-json\/wp\/v2\/categories?post=3961"},{"taxonomy":"post_tag","embeddable":true,"href":"https:\/\/www.fpecaixa.info\/ca\/wp-json\/wp\/v2\/tags?post=3961"}],"curies":[{"name":"wp","href":"https:\/\/api.w.org\/{rel}","templated":true}]}}