{"id":4302,"date":"2022-06-02T10:41:57","date_gmt":"2022-06-02T10:41:57","guid":{"rendered":"https:\/\/www.fpecaixa.info\/evento-online-del-pc30-para-participes-y-beneficiarios\/"},"modified":"2022-06-21T09:03:36","modified_gmt":"2022-06-21T09:03:36","slug":"evento-online-del-pc30-para-participes-y-beneficiarios","status":"publish","type":"post","link":"https:\/\/www.fpecaixa.info\/ca\/evento-online-del-pc30-para-participes-y-beneficiarios\/","title":{"rendered":"Esdeveniment online del PC30 per a part\u00edcips i beneficiaris"},"content":{"rendered":"\n<h2 class=\"wp-block-heading\">7 de juliol a les 17.00 &#8230; save the date.<\/h2>\n\n<p>Et convidem a participar al primer esdeveniment anual per a part\u00edcips i beneficiaris que gestionar\u00e0 el nostre Pla de Pensions d&#8217;Ocupaci\u00f3 de CaixaBank (PC30), i que tindr\u00e0 lloc el proper 7 de juliol a les 17.00 format online<\/p>\n\n<p>L&#8217;acte se centrar\u00e0 en la presentaci\u00f3 del \u201cPensions Caixa 30, Fons de Pensions\u201d. El principal objectiu de la sessi\u00f3 \u00e9s respondre, de manera din\u00e0mica i did\u00e0ctica, a les preguntes Qu\u00e8 fem? y \u00bfPer qu\u00e8 fem el que fem?<\/p>\n\n<p>A la sessi\u00f3 es tractaran, entre altres temes, els objectius del fons, els motius de lestrat\u00e8gia dinversi\u00f3 i la gesti\u00f3 dels compromisos del Pla de Pensions a trav\u00e9s de lOficina del Part\u00edcip. Hi haur\u00e0 tamb\u00e9 espai per comentar el context actual de les pensions p\u00fabliques i la import\u00e0ncia dels sistemes de previsi\u00f3 social complement\u00e0ria.<\/p>\n\n<p>\u00c9s una oportunitat \u00fanica perqu\u00e8 els part\u00edcips i beneficiaris puguem tenir informaci\u00f3 de primera m\u00e0 sobre el funcionament del nostre Pla de Pensions d&#8217;Ocupaci\u00f3, aix\u00ed com per plantejar preguntes o inquietuds directament a un espai destinat a aix\u00f2.<\/p>\n\n<hr class=\"wp-block-separator\" \/>\n\n<p class=\"has-text-align-center\"> <strong>7 de juliol las 17.00 hores<\/strong> <strong>(format online)<\/strong><\/p>\n\n<p class=\"has-text-align-center\">Reserva la data <strong>\u00a1T&#8217; esperem!<\/strong><\/p>\n\n<hr class=\"wp-block-separator\" \/>\n\n<p><\/p>\n","protected":false},"excerpt":{"rendered":"<p>7 de juliol a les 17.00 &#8230; save the date. Et convidem a participar al primer esdeveniment anual per a part\u00edcips i beneficiaris que gestionar\u00e0 el nostre Pla de Pensions d&#8217;Ocupaci\u00f3 de CaixaBank (PC30), i que tindr\u00e0 lloc el proper 7 de juliol a les 17.00 format online L&#8217;acte se centrar\u00e0 en la presentaci\u00f3 del [&hellip;]<\/p>\n","protected":false},"author":11,"featured_media":4320,"comment_status":"closed","ping_status":"open","sticky":false,"template":"","format":"standard","meta":{"_acf_changed":false,"_monsterinsights_skip_tracking":false,"_monsterinsights_sitenote_active":false,"_monsterinsights_sitenote_note":"","_monsterinsights_sitenote_category":0,"footnotes":""},"categories":[56,57,21],"tags":[],"class_list":["post-4302","post","type-post","status-publish","format-standard","has-post-thumbnail","hentry","category-destacades","category-noticies","category-sense-categoria"],"acf":[],"yoast_head":"<!-- This site is optimized with the Yoast SEO plugin v27.5 - https:\/\/yoast.com\/product\/yoast-seo-wordpress\/ -->\n<title>Esdeveniment online del PC30 per a part\u00edcips i beneficiaris - Plan de Pensiones de Empleo (PC30)<\/title>\n<meta name=\"robots\" content=\"index, follow, max-snippet:-1, max-image-preview:large, max-video-preview:-1\" \/>\n<link rel=\"canonical\" href=\"https:\/\/www.fpecaixa.info\/ca\/evento-online-del-pc30-para-participes-y-beneficiarios\/\" \/>\n<meta property=\"og:locale\" content=\"ca_ES\" \/>\n<meta property=\"og:type\" content=\"article\" \/>\n<meta property=\"og:title\" content=\"Esdeveniment online del PC30 per a part\u00edcips i beneficiaris - Plan de Pensiones de Empleo (PC30)\" \/>\n<meta property=\"og:description\" content=\"7 de juliol a les 17.00 &#8230; save the date. Et convidem a participar al primer esdeveniment anual per a part\u00edcips i beneficiaris que gestionar\u00e0 el nostre Pla de Pensions d&#8217;Ocupaci\u00f3 de CaixaBank (PC30), i que tindr\u00e0 lloc el proper 7 de juliol a les 17.00 format online L&#8217;acte se centrar\u00e0 en la presentaci\u00f3 del [&hellip;]\" \/>\n<meta property=\"og:url\" content=\"https:\/\/www.fpecaixa.info\/ca\/evento-online-del-pc30-para-participes-y-beneficiarios\/\" \/>\n<meta property=\"og:site_name\" content=\"Plan de Pensiones de Empleo (PC30)\" \/>\n<meta property=\"article:published_time\" content=\"2022-06-02T10:41:57+00:00\" \/>\n<meta property=\"article:modified_time\" content=\"2022-06-21T09:03:36+00:00\" \/>\n<meta property=\"og:image\" content=\"https:\/\/www.fpecaixa.info\/wp-content\/uploads\/2022\/06\/mar.webp\" \/>\n\t<meta property=\"og:image:width\" content=\"600\" \/>\n\t<meta property=\"og:image:height\" content=\"436\" \/>\n\t<meta property=\"og:image:type\" content=\"image\/webp\" \/>\n<meta name=\"author\" content=\"yblanch\" \/>\n<meta name=\"twitter:card\" content=\"summary_large_image\" \/>\n<meta name=\"twitter:label1\" content=\"Escrit per\" \/>\n\t<meta name=\"twitter:data1\" content=\"yblanch\" \/>\n\t<meta name=\"twitter:label2\" content=\"Temps estimat de lectura\" \/>\n\t<meta name=\"twitter:data2\" content=\"1 minut\" \/>\n<script type=\"application\/ld+json\" class=\"yoast-schema-graph\">{\"@context\":\"https:\\\/\\\/schema.org\",\"@graph\":[{\"@type\":\"Article\",\"@id\":\"https:\\\/\\\/www.fpecaixa.info\\\/ca\\\/evento-online-del-pc30-para-participes-y-beneficiarios\\\/#article\",\"isPartOf\":{\"@id\":\"https:\\\/\\\/www.fpecaixa.info\\\/ca\\\/evento-online-del-pc30-para-participes-y-beneficiarios\\\/\"},\"author\":{\"name\":\"yblanch\",\"@id\":\"https:\\\/\\\/www.fpecaixa.info\\\/#\\\/schema\\\/person\\\/276aa8e6247bc28c8f474b3e30c15c99\"},\"headline\":\"Esdeveniment online del PC30 per a part\u00edcips i beneficiaris\",\"datePublished\":\"2022-06-02T10:41:57+00:00\",\"dateModified\":\"2022-06-21T09:03:36+00:00\",\"mainEntityOfPage\":{\"@id\":\"https:\\\/\\\/www.fpecaixa.info\\\/ca\\\/evento-online-del-pc30-para-participes-y-beneficiarios\\\/\"},\"wordCount\":203,\"image\":{\"@id\":\"https:\\\/\\\/www.fpecaixa.info\\\/ca\\\/evento-online-del-pc30-para-participes-y-beneficiarios\\\/#primaryimage\"},\"thumbnailUrl\":\"https:\\\/\\\/www.fpecaixa.info\\\/wp-content\\\/uploads\\\/2022\\\/06\\\/mar.webp\",\"articleSection\":[\"Destacades\",\"Not\u00edcies\"],\"inLanguage\":\"ca\"},{\"@type\":\"WebPage\",\"@id\":\"https:\\\/\\\/www.fpecaixa.info\\\/ca\\\/evento-online-del-pc30-para-participes-y-beneficiarios\\\/\",\"url\":\"https:\\\/\\\/www.fpecaixa.info\\\/ca\\\/evento-online-del-pc30-para-participes-y-beneficiarios\\\/\",\"name\":\"Esdeveniment online del PC30 per a part\u00edcips i beneficiaris - Plan de Pensiones de Empleo (PC30)\",\"isPartOf\":{\"@id\":\"https:\\\/\\\/www.fpecaixa.info\\\/#website\"},\"primaryImageOfPage\":{\"@id\":\"https:\\\/\\\/www.fpecaixa.info\\\/ca\\\/evento-online-del-pc30-para-participes-y-beneficiarios\\\/#primaryimage\"},\"image\":{\"@id\":\"https:\\\/\\\/www.fpecaixa.info\\\/ca\\\/evento-online-del-pc30-para-participes-y-beneficiarios\\\/#primaryimage\"},\"thumbnailUrl\":\"https:\\\/\\\/www.fpecaixa.info\\\/wp-content\\\/uploads\\\/2022\\\/06\\\/mar.webp\",\"datePublished\":\"2022-06-02T10:41:57+00:00\",\"dateModified\":\"2022-06-21T09:03:36+00:00\",\"author\":{\"@id\":\"https:\\\/\\\/www.fpecaixa.info\\\/#\\\/schema\\\/person\\\/276aa8e6247bc28c8f474b3e30c15c99\"},\"breadcrumb\":{\"@id\":\"https:\\\/\\\/www.fpecaixa.info\\\/ca\\\/evento-online-del-pc30-para-participes-y-beneficiarios\\\/#breadcrumb\"},\"inLanguage\":\"ca\",\"potentialAction\":[{\"@type\":\"ReadAction\",\"target\":[\"https:\\\/\\\/www.fpecaixa.info\\\/ca\\\/evento-online-del-pc30-para-participes-y-beneficiarios\\\/\"]}]},{\"@type\":\"ImageObject\",\"inLanguage\":\"ca\",\"@id\":\"https:\\\/\\\/www.fpecaixa.info\\\/ca\\\/evento-online-del-pc30-para-participes-y-beneficiarios\\\/#primaryimage\",\"url\":\"https:\\\/\\\/www.fpecaixa.info\\\/wp-content\\\/uploads\\\/2022\\\/06\\\/mar.webp\",\"contentUrl\":\"https:\\\/\\\/www.fpecaixa.info\\\/wp-content\\\/uploads\\\/2022\\\/06\\\/mar.webp\",\"width\":600,\"height\":436},{\"@type\":\"BreadcrumbList\",\"@id\":\"https:\\\/\\\/www.fpecaixa.info\\\/ca\\\/evento-online-del-pc30-para-participes-y-beneficiarios\\\/#breadcrumb\",\"itemListElement\":[{\"@type\":\"ListItem\",\"position\":1,\"name\":\"Inici\",\"item\":\"https:\\\/\\\/www.fpecaixa.info\\\/ca\\\/\"},{\"@type\":\"ListItem\",\"position\":2,\"name\":\"Destacades\",\"item\":\"https:\\\/\\\/www.fpecaixa.info\\\/ca\\\/category\\\/destacades\\\/\"},{\"@type\":\"ListItem\",\"position\":3,\"name\":\"Esdeveniment online del PC30 per a part\u00edcips i beneficiaris\"}]},{\"@type\":\"WebSite\",\"@id\":\"https:\\\/\\\/www.fpecaixa.info\\\/#website\",\"url\":\"https:\\\/\\\/www.fpecaixa.info\\\/\",\"name\":\"Plan de Pensiones de Empleo (PC30)\",\"description\":\"Web informativa para el Plan de Pensiones de Empleo (PC30) de trabajadores de Caixabank\",\"potentialAction\":[{\"@type\":\"SearchAction\",\"target\":{\"@type\":\"EntryPoint\",\"urlTemplate\":\"https:\\\/\\\/www.fpecaixa.info\\\/?s={search_term_string}\"},\"query-input\":{\"@type\":\"PropertyValueSpecification\",\"valueRequired\":true,\"valueName\":\"search_term_string\"}}],\"inLanguage\":\"ca\"},{\"@type\":\"Person\",\"@id\":\"https:\\\/\\\/www.fpecaixa.info\\\/#\\\/schema\\\/person\\\/276aa8e6247bc28c8f474b3e30c15c99\",\"name\":\"yblanch\",\"image\":{\"@type\":\"ImageObject\",\"inLanguage\":\"ca\",\"@id\":\"https:\\\/\\\/secure.gravatar.com\\\/avatar\\\/cf47a2caaa03985056d0c2f0c334709ce05432979b4a5332a281a6514e472491?s=96&d=mm&r=g\",\"url\":\"https:\\\/\\\/secure.gravatar.com\\\/avatar\\\/cf47a2caaa03985056d0c2f0c334709ce05432979b4a5332a281a6514e472491?s=96&d=mm&r=g\",\"contentUrl\":\"https:\\\/\\\/secure.gravatar.com\\\/avatar\\\/cf47a2caaa03985056d0c2f0c334709ce05432979b4a5332a281a6514e472491?s=96&d=mm&r=g\",\"caption\":\"yblanch\"},\"url\":\"https:\\\/\\\/www.fpecaixa.info\\\/ca\\\/author\\\/yblanch\\\/\"}]}<\/script>\n<!-- \/ Yoast SEO plugin. -->","yoast_head_json":{"title":"Esdeveniment online del PC30 per a part\u00edcips i beneficiaris - Plan de Pensiones de Empleo (PC30)","robots":{"index":"index","follow":"follow","max-snippet":"max-snippet:-1","max-image-preview":"max-image-preview:large","max-video-preview":"max-video-preview:-1"},"canonical":"https:\/\/www.fpecaixa.info\/ca\/evento-online-del-pc30-para-participes-y-beneficiarios\/","og_locale":"ca_ES","og_type":"article","og_title":"Esdeveniment online del PC30 per a part\u00edcips i beneficiaris - Plan de Pensiones de Empleo (PC30)","og_description":"7 de juliol a les 17.00 &#8230; save the date. Et convidem a participar al primer esdeveniment anual per a part\u00edcips i beneficiaris que gestionar\u00e0 el nostre Pla de Pensions d&#8217;Ocupaci\u00f3 de CaixaBank (PC30), i que tindr\u00e0 lloc el proper 7 de juliol a les 17.00 format online L&#8217;acte se centrar\u00e0 en la presentaci\u00f3 del [&hellip;]","og_url":"https:\/\/www.fpecaixa.info\/ca\/evento-online-del-pc30-para-participes-y-beneficiarios\/","og_site_name":"Plan de Pensiones de Empleo (PC30)","article_published_time":"2022-06-02T10:41:57+00:00","article_modified_time":"2022-06-21T09:03:36+00:00","og_image":[{"width":600,"height":436,"url":"https:\/\/www.fpecaixa.info\/wp-content\/uploads\/2022\/06\/mar.webp","type":"image\/webp"}],"author":"yblanch","twitter_card":"summary_large_image","twitter_misc":{"Escrit per":"yblanch","Temps estimat de lectura":"1 minut"},"schema":{"@context":"https:\/\/schema.org","@graph":[{"@type":"Article","@id":"https:\/\/www.fpecaixa.info\/ca\/evento-online-del-pc30-para-participes-y-beneficiarios\/#article","isPartOf":{"@id":"https:\/\/www.fpecaixa.info\/ca\/evento-online-del-pc30-para-participes-y-beneficiarios\/"},"author":{"name":"yblanch","@id":"https:\/\/www.fpecaixa.info\/#\/schema\/person\/276aa8e6247bc28c8f474b3e30c15c99"},"headline":"Esdeveniment online del PC30 per a part\u00edcips i beneficiaris","datePublished":"2022-06-02T10:41:57+00:00","dateModified":"2022-06-21T09:03:36+00:00","mainEntityOfPage":{"@id":"https:\/\/www.fpecaixa.info\/ca\/evento-online-del-pc30-para-participes-y-beneficiarios\/"},"wordCount":203,"image":{"@id":"https:\/\/www.fpecaixa.info\/ca\/evento-online-del-pc30-para-participes-y-beneficiarios\/#primaryimage"},"thumbnailUrl":"https:\/\/www.fpecaixa.info\/wp-content\/uploads\/2022\/06\/mar.webp","articleSection":["Destacades","Not\u00edcies"],"inLanguage":"ca"},{"@type":"WebPage","@id":"https:\/\/www.fpecaixa.info\/ca\/evento-online-del-pc30-para-participes-y-beneficiarios\/","url":"https:\/\/www.fpecaixa.info\/ca\/evento-online-del-pc30-para-participes-y-beneficiarios\/","name":"Esdeveniment online del PC30 per a part\u00edcips i beneficiaris - Plan de Pensiones de Empleo (PC30)","isPartOf":{"@id":"https:\/\/www.fpecaixa.info\/#website"},"primaryImageOfPage":{"@id":"https:\/\/www.fpecaixa.info\/ca\/evento-online-del-pc30-para-participes-y-beneficiarios\/#primaryimage"},"image":{"@id":"https:\/\/www.fpecaixa.info\/ca\/evento-online-del-pc30-para-participes-y-beneficiarios\/#primaryimage"},"thumbnailUrl":"https:\/\/www.fpecaixa.info\/wp-content\/uploads\/2022\/06\/mar.webp","datePublished":"2022-06-02T10:41:57+00:00","dateModified":"2022-06-21T09:03:36+00:00","author":{"@id":"https:\/\/www.fpecaixa.info\/#\/schema\/person\/276aa8e6247bc28c8f474b3e30c15c99"},"breadcrumb":{"@id":"https:\/\/www.fpecaixa.info\/ca\/evento-online-del-pc30-para-participes-y-beneficiarios\/#breadcrumb"},"inLanguage":"ca","potentialAction":[{"@type":"ReadAction","target":["https:\/\/www.fpecaixa.info\/ca\/evento-online-del-pc30-para-participes-y-beneficiarios\/"]}]},{"@type":"ImageObject","inLanguage":"ca","@id":"https:\/\/www.fpecaixa.info\/ca\/evento-online-del-pc30-para-participes-y-beneficiarios\/#primaryimage","url":"https:\/\/www.fpecaixa.info\/wp-content\/uploads\/2022\/06\/mar.webp","contentUrl":"https:\/\/www.fpecaixa.info\/wp-content\/uploads\/2022\/06\/mar.webp","width":600,"height":436},{"@type":"BreadcrumbList","@id":"https:\/\/www.fpecaixa.info\/ca\/evento-online-del-pc30-para-participes-y-beneficiarios\/#breadcrumb","itemListElement":[{"@type":"ListItem","position":1,"name":"Inici","item":"https:\/\/www.fpecaixa.info\/ca\/"},{"@type":"ListItem","position":2,"name":"Destacades","item":"https:\/\/www.fpecaixa.info\/ca\/category\/destacades\/"},{"@type":"ListItem","position":3,"name":"Esdeveniment online del PC30 per a part\u00edcips i beneficiaris"}]},{"@type":"WebSite","@id":"https:\/\/www.fpecaixa.info\/#website","url":"https:\/\/www.fpecaixa.info\/","name":"Plan de Pensiones de Empleo (PC30)","description":"Web informativa para el Plan de Pensiones de Empleo (PC30) de trabajadores de Caixabank","potentialAction":[{"@type":"SearchAction","target":{"@type":"EntryPoint","urlTemplate":"https:\/\/www.fpecaixa.info\/?s={search_term_string}"},"query-input":{"@type":"PropertyValueSpecification","valueRequired":true,"valueName":"search_term_string"}}],"inLanguage":"ca"},{"@type":"Person","@id":"https:\/\/www.fpecaixa.info\/#\/schema\/person\/276aa8e6247bc28c8f474b3e30c15c99","name":"yblanch","image":{"@type":"ImageObject","inLanguage":"ca","@id":"https:\/\/secure.gravatar.com\/avatar\/cf47a2caaa03985056d0c2f0c334709ce05432979b4a5332a281a6514e472491?s=96&d=mm&r=g","url":"https:\/\/secure.gravatar.com\/avatar\/cf47a2caaa03985056d0c2f0c334709ce05432979b4a5332a281a6514e472491?s=96&d=mm&r=g","contentUrl":"https:\/\/secure.gravatar.com\/avatar\/cf47a2caaa03985056d0c2f0c334709ce05432979b4a5332a281a6514e472491?s=96&d=mm&r=g","caption":"yblanch"},"url":"https:\/\/www.fpecaixa.info\/ca\/author\/yblanch\/"}]}},"_links":{"self":[{"href":"https:\/\/www.fpecaixa.info\/ca\/wp-json\/wp\/v2\/posts\/4302","targetHints":{"allow":["GET"]}}],"collection":[{"href":"https:\/\/www.fpecaixa.info\/ca\/wp-json\/wp\/v2\/posts"}],"about":[{"href":"https:\/\/www.fpecaixa.info\/ca\/wp-json\/wp\/v2\/types\/post"}],"author":[{"embeddable":true,"href":"https:\/\/www.fpecaixa.info\/ca\/wp-json\/wp\/v2\/users\/11"}],"replies":[{"embeddable":true,"href":"https:\/\/www.fpecaixa.info\/ca\/wp-json\/wp\/v2\/comments?post=4302"}],"version-history":[{"count":5,"href":"https:\/\/www.fpecaixa.info\/ca\/wp-json\/wp\/v2\/posts\/4302\/revisions"}],"predecessor-version":[{"id":4307,"href":"https:\/\/www.fpecaixa.info\/ca\/wp-json\/wp\/v2\/posts\/4302\/revisions\/4307"}],"wp:featuredmedia":[{"embeddable":true,"href":"https:\/\/www.fpecaixa.info\/ca\/wp-json\/wp\/v2\/media\/4320"}],"wp:attachment":[{"href":"https:\/\/www.fpecaixa.info\/ca\/wp-json\/wp\/v2\/media?parent=4302"}],"wp:term":[{"taxonomy":"category","embeddable":true,"href":"https:\/\/www.fpecaixa.info\/ca\/wp-json\/wp\/v2\/categories?post=4302"},{"taxonomy":"post_tag","embeddable":true,"href":"https:\/\/www.fpecaixa.info\/ca\/wp-json\/wp\/v2\/tags?post=4302"}],"curies":[{"name":"wp","href":"https:\/\/api.w.org\/{rel}","templated":true}]}}