{"id":4457,"date":"2022-09-26T10:59:15","date_gmt":"2022-09-26T10:59:15","guid":{"rendered":"https:\/\/www.fpecaixa.info\/pc30-y-su-adaptacion-al-entorno-de-mercado\/"},"modified":"2022-09-29T11:55:11","modified_gmt":"2022-09-29T11:55:11","slug":"pc30-y-su-adaptacion-al-entorno-de-mercado","status":"publish","type":"post","link":"https:\/\/www.fpecaixa.info\/ca\/pc30-y-su-adaptacion-al-entorno-de-mercado\/","title":{"rendered":"PC30 i la seva adaptaci\u00f3 a l&#8217;entorn de mercat"},"content":{"rendered":"\n<h2 class=\"wp-block-heading\">Publicaci\u00f3 per a la revista IPE Setembre 2022<\/h2>\n\n\n\n<p>En el n\u00famero de setembre de la revista\u00a0Investments\u00a0&amp; Pensions\u00a0Europe\u00a0s&#8217;ha publicat un article en el qual es pregunta a diversos fons europeus com estan afrontant l&#8217;entorn d&#8217;incertesa que caracteritza als mercats financers des de fa ja un temps.\u00a0Entre els entrevistats est\u00e0\u00a0Nacho\u00a0Hern\u00e1ndez\u00a0Vali\u00f1ani, president del PC30, que comenta com el Fons de Pensions est\u00e0\u00a0afrontant l&#8217;actual situaci\u00f3. Els actius privats han estat, durant els \u00faltims anys, el factor diferencial del fons a l&#8217;hora d&#8217;explicar la\u00a0seva rendibilitat. Els baixos tipus del deute p\u00fablic van portar al fons a reduir l&#8217;exposici\u00f3 a aquests actius i augmentar la inversi\u00f3 en actius reals\u00a0que\u00a0permetessin, en certa manera, protegir-se de possibles repunts d&#8217;inflaci\u00f3. De cara als pr\u00f2xims\u00a0anys,\u00a0el repunt dels tipus d&#8217;inter\u00e8s permetr\u00e0 que els bons sobirans reprenguin el seu paper d&#8217;actiu refugi i aquest canvi ser\u00e0 recollit en els pr\u00f2xims mandats. D&#8217;altra banda, la previsible volatilitat que presentaran els actius financers en mesos esdevenidors\u00a0haur\u00e0 d&#8217;abordar-se mitjan\u00e7ant estrat\u00e8gies que permetin reduir l&#8217;impacte de moviments bruscos de mercat. En\u00a0qualsevol cas, des del PC30 recorden que el focus temporal del fons, el llarg termini, \u00e9s la millor eina davant aquests temps convulsos.<\/p>\n\n\n\n<p> <\/p>\n\n\n\n<p><a rel=\"noreferrer noopener\" href=\"https:\/\/www.ipe.com\/interviews\/pension-funds-on-the-record-bracing-for-uncertain-times\/10061822.article\" target=\"_blank\">Llegeix l&#8217;article aqu\u00ed<\/a><\/p>\n\n\n\n<div class=\"wp-block-image\"><figure class=\"alignleft size-full is-resized\"><img loading=\"lazy\" decoding=\"async\" src=\"http:\/\/www.fpecaixa.info\/wp-content\/uploads\/2022\/09\/image-2.png\" alt=\"\" class=\"wp-image-4474\" width=\"418\" height=\"295\" srcset=\"https:\/\/www.fpecaixa.info\/wp-content\/uploads\/2022\/09\/image-2.png 378w, https:\/\/www.fpecaixa.info\/wp-content\/uploads\/2022\/09\/image-2-300x213.png 300w\" sizes=\"auto, (max-width: 418px) 100vw, 418px\" \/><\/figure><\/div>\n\n\n\n<p><\/p>\n","protected":false},"excerpt":{"rendered":"<p>Publicaci\u00f3 per a la revista IPE Setembre 2022 En el n\u00famero de setembre de la revista\u00a0Investments\u00a0&amp; Pensions\u00a0Europe\u00a0s&#8217;ha publicat un article en el qual es pregunta a diversos fons europeus com estan afrontant l&#8217;entorn d&#8217;incertesa que caracteritza als mercats financers des de fa ja un temps.\u00a0Entre els entrevistats est\u00e0\u00a0Nacho\u00a0Hern\u00e1ndez\u00a0Vali\u00f1ani, president del PC30, que comenta com el [&hellip;]<\/p>\n","protected":false},"author":11,"featured_media":0,"comment_status":"closed","ping_status":"open","sticky":false,"template":"","format":"standard","meta":{"_acf_changed":false,"_monsterinsights_skip_tracking":false,"_monsterinsights_sitenote_active":false,"_monsterinsights_sitenote_note":"","_monsterinsights_sitenote_category":0,"footnotes":""},"categories":[56,57,21],"tags":[],"class_list":["post-4457","post","type-post","status-publish","format-standard","hentry","category-destacades","category-noticies","category-sense-categoria"],"acf":[],"yoast_head":"<!-- This site is optimized with the Yoast SEO plugin v27.5 - https:\/\/yoast.com\/product\/yoast-seo-wordpress\/ -->\n<title>PC30 i la seva adaptaci\u00f3 a l&#039;entorn de mercat - Plan de Pensiones de Empleo (PC30)<\/title>\n<meta name=\"robots\" content=\"index, follow, max-snippet:-1, max-image-preview:large, max-video-preview:-1\" \/>\n<link rel=\"canonical\" href=\"https:\/\/www.fpecaixa.info\/pc30-y-su-adaptacion-al-entorno-de-mercado\/\" \/>\n<meta property=\"og:locale\" content=\"ca_ES\" \/>\n<meta property=\"og:type\" content=\"article\" \/>\n<meta property=\"og:title\" content=\"PC30 i la seva adaptaci\u00f3 a l&#039;entorn de mercat - Plan de Pensiones de Empleo (PC30)\" \/>\n<meta property=\"og:description\" content=\"Publicaci\u00f3 per a la revista IPE Setembre 2022 En el n\u00famero de setembre de la revista\u00a0Investments\u00a0&amp; Pensions\u00a0Europe\u00a0s&#8217;ha publicat un article en el qual es pregunta a diversos fons europeus com estan afrontant l&#8217;entorn d&#8217;incertesa que caracteritza als mercats financers des de fa ja un temps.\u00a0Entre els entrevistats est\u00e0\u00a0Nacho\u00a0Hern\u00e1ndez\u00a0Vali\u00f1ani, president del PC30, que comenta com el [&hellip;]\" \/>\n<meta property=\"og:url\" content=\"https:\/\/www.fpecaixa.info\/pc30-y-su-adaptacion-al-entorno-de-mercado\/\" \/>\n<meta property=\"og:site_name\" content=\"Plan de Pensiones de Empleo (PC30)\" \/>\n<meta property=\"article:published_time\" content=\"2022-09-26T10:59:15+00:00\" \/>\n<meta property=\"article:modified_time\" content=\"2022-09-29T11:55:11+00:00\" \/>\n<meta property=\"og:image\" content=\"http:\/\/www.fpecaixa.info\/wp-content\/uploads\/2022\/09\/image-2.png\" \/>\n<meta name=\"author\" content=\"yblanch\" \/>\n<meta name=\"twitter:card\" content=\"summary_large_image\" \/>\n<meta name=\"twitter:label1\" content=\"Escrit per\" \/>\n\t<meta name=\"twitter:data1\" content=\"yblanch\" \/>\n\t<meta name=\"twitter:label2\" content=\"Temps estimat de lectura\" \/>\n\t<meta name=\"twitter:data2\" content=\"1 minut\" \/>\n<script type=\"application\/ld+json\" class=\"yoast-schema-graph\">{\"@context\":\"https:\\\/\\\/schema.org\",\"@graph\":[{\"@type\":\"Article\",\"@id\":\"https:\\\/\\\/www.fpecaixa.info\\\/pc30-y-su-adaptacion-al-entorno-de-mercado\\\/#article\",\"isPartOf\":{\"@id\":\"https:\\\/\\\/www.fpecaixa.info\\\/pc30-y-su-adaptacion-al-entorno-de-mercado\\\/\"},\"author\":{\"name\":\"yblanch\",\"@id\":\"https:\\\/\\\/www.fpecaixa.info\\\/#\\\/schema\\\/person\\\/276aa8e6247bc28c8f474b3e30c15c99\"},\"headline\":\"PC30 i la seva adaptaci\u00f3 a l&#8217;entorn de mercat\",\"datePublished\":\"2022-09-26T10:59:15+00:00\",\"dateModified\":\"2022-09-29T11:55:11+00:00\",\"mainEntityOfPage\":{\"@id\":\"https:\\\/\\\/www.fpecaixa.info\\\/pc30-y-su-adaptacion-al-entorno-de-mercado\\\/\"},\"wordCount\":223,\"image\":{\"@id\":\"https:\\\/\\\/www.fpecaixa.info\\\/pc30-y-su-adaptacion-al-entorno-de-mercado\\\/#primaryimage\"},\"thumbnailUrl\":\"http:\\\/\\\/www.fpecaixa.info\\\/wp-content\\\/uploads\\\/2022\\\/09\\\/image-2.png\",\"articleSection\":[\"Destacades\",\"Not\u00edcies\"],\"inLanguage\":\"ca\"},{\"@type\":\"WebPage\",\"@id\":\"https:\\\/\\\/www.fpecaixa.info\\\/pc30-y-su-adaptacion-al-entorno-de-mercado\\\/\",\"url\":\"https:\\\/\\\/www.fpecaixa.info\\\/pc30-y-su-adaptacion-al-entorno-de-mercado\\\/\",\"name\":\"PC30 i la seva adaptaci\u00f3 a l'entorn de mercat - Plan de Pensiones de Empleo (PC30)\",\"isPartOf\":{\"@id\":\"https:\\\/\\\/www.fpecaixa.info\\\/#website\"},\"primaryImageOfPage\":{\"@id\":\"https:\\\/\\\/www.fpecaixa.info\\\/pc30-y-su-adaptacion-al-entorno-de-mercado\\\/#primaryimage\"},\"image\":{\"@id\":\"https:\\\/\\\/www.fpecaixa.info\\\/pc30-y-su-adaptacion-al-entorno-de-mercado\\\/#primaryimage\"},\"thumbnailUrl\":\"http:\\\/\\\/www.fpecaixa.info\\\/wp-content\\\/uploads\\\/2022\\\/09\\\/image-2.png\",\"datePublished\":\"2022-09-26T10:59:15+00:00\",\"dateModified\":\"2022-09-29T11:55:11+00:00\",\"author\":{\"@id\":\"https:\\\/\\\/www.fpecaixa.info\\\/#\\\/schema\\\/person\\\/276aa8e6247bc28c8f474b3e30c15c99\"},\"breadcrumb\":{\"@id\":\"https:\\\/\\\/www.fpecaixa.info\\\/pc30-y-su-adaptacion-al-entorno-de-mercado\\\/#breadcrumb\"},\"inLanguage\":\"ca\",\"potentialAction\":[{\"@type\":\"ReadAction\",\"target\":[\"https:\\\/\\\/www.fpecaixa.info\\\/pc30-y-su-adaptacion-al-entorno-de-mercado\\\/\"]}]},{\"@type\":\"ImageObject\",\"inLanguage\":\"ca\",\"@id\":\"https:\\\/\\\/www.fpecaixa.info\\\/pc30-y-su-adaptacion-al-entorno-de-mercado\\\/#primaryimage\",\"url\":\"http:\\\/\\\/www.fpecaixa.info\\\/wp-content\\\/uploads\\\/2022\\\/09\\\/image-2.png\",\"contentUrl\":\"http:\\\/\\\/www.fpecaixa.info\\\/wp-content\\\/uploads\\\/2022\\\/09\\\/image-2.png\"},{\"@type\":\"BreadcrumbList\",\"@id\":\"https:\\\/\\\/www.fpecaixa.info\\\/pc30-y-su-adaptacion-al-entorno-de-mercado\\\/#breadcrumb\",\"itemListElement\":[{\"@type\":\"ListItem\",\"position\":1,\"name\":\"Inici\",\"item\":\"https:\\\/\\\/www.fpecaixa.info\\\/ca\\\/\"},{\"@type\":\"ListItem\",\"position\":2,\"name\":\"Destacadas\",\"item\":\"https:\\\/\\\/www.fpecaixa.info\\\/category\\\/destacadas\\\/\"},{\"@type\":\"ListItem\",\"position\":3,\"name\":\"PC30 i la seva adaptaci\u00f3 a l&#8217;entorn de mercat\"}]},{\"@type\":\"WebSite\",\"@id\":\"https:\\\/\\\/www.fpecaixa.info\\\/#website\",\"url\":\"https:\\\/\\\/www.fpecaixa.info\\\/\",\"name\":\"Plan de Pensiones de Empleo (PC30)\",\"description\":\"Web informativa para el Plan de Pensiones de Empleo (PC30) de trabajadores de Caixabank\",\"potentialAction\":[{\"@type\":\"SearchAction\",\"target\":{\"@type\":\"EntryPoint\",\"urlTemplate\":\"https:\\\/\\\/www.fpecaixa.info\\\/?s={search_term_string}\"},\"query-input\":{\"@type\":\"PropertyValueSpecification\",\"valueRequired\":true,\"valueName\":\"search_term_string\"}}],\"inLanguage\":\"ca\"},{\"@type\":\"Person\",\"@id\":\"https:\\\/\\\/www.fpecaixa.info\\\/#\\\/schema\\\/person\\\/276aa8e6247bc28c8f474b3e30c15c99\",\"name\":\"yblanch\",\"image\":{\"@type\":\"ImageObject\",\"inLanguage\":\"ca\",\"@id\":\"https:\\\/\\\/secure.gravatar.com\\\/avatar\\\/cf47a2caaa03985056d0c2f0c334709ce05432979b4a5332a281a6514e472491?s=96&d=mm&r=g\",\"url\":\"https:\\\/\\\/secure.gravatar.com\\\/avatar\\\/cf47a2caaa03985056d0c2f0c334709ce05432979b4a5332a281a6514e472491?s=96&d=mm&r=g\",\"contentUrl\":\"https:\\\/\\\/secure.gravatar.com\\\/avatar\\\/cf47a2caaa03985056d0c2f0c334709ce05432979b4a5332a281a6514e472491?s=96&d=mm&r=g\",\"caption\":\"yblanch\"},\"url\":\"https:\\\/\\\/www.fpecaixa.info\\\/ca\\\/author\\\/yblanch\\\/\"}]}<\/script>\n<!-- \/ Yoast SEO plugin. -->","yoast_head_json":{"title":"PC30 i la seva adaptaci\u00f3 a l'entorn de mercat - Plan de Pensiones de Empleo (PC30)","robots":{"index":"index","follow":"follow","max-snippet":"max-snippet:-1","max-image-preview":"max-image-preview:large","max-video-preview":"max-video-preview:-1"},"canonical":"https:\/\/www.fpecaixa.info\/pc30-y-su-adaptacion-al-entorno-de-mercado\/","og_locale":"ca_ES","og_type":"article","og_title":"PC30 i la seva adaptaci\u00f3 a l'entorn de mercat - Plan de Pensiones de Empleo (PC30)","og_description":"Publicaci\u00f3 per a la revista IPE Setembre 2022 En el n\u00famero de setembre de la revista\u00a0Investments\u00a0&amp; Pensions\u00a0Europe\u00a0s&#8217;ha publicat un article en el qual es pregunta a diversos fons europeus com estan afrontant l&#8217;entorn d&#8217;incertesa que caracteritza als mercats financers des de fa ja un temps.\u00a0Entre els entrevistats est\u00e0\u00a0Nacho\u00a0Hern\u00e1ndez\u00a0Vali\u00f1ani, president del PC30, que comenta com el [&hellip;]","og_url":"https:\/\/www.fpecaixa.info\/pc30-y-su-adaptacion-al-entorno-de-mercado\/","og_site_name":"Plan de Pensiones de Empleo (PC30)","article_published_time":"2022-09-26T10:59:15+00:00","article_modified_time":"2022-09-29T11:55:11+00:00","og_image":[{"url":"http:\/\/www.fpecaixa.info\/wp-content\/uploads\/2022\/09\/image-2.png","type":"","width":"","height":""}],"author":"yblanch","twitter_card":"summary_large_image","twitter_misc":{"Escrit per":"yblanch","Temps estimat de lectura":"1 minut"},"schema":{"@context":"https:\/\/schema.org","@graph":[{"@type":"Article","@id":"https:\/\/www.fpecaixa.info\/pc30-y-su-adaptacion-al-entorno-de-mercado\/#article","isPartOf":{"@id":"https:\/\/www.fpecaixa.info\/pc30-y-su-adaptacion-al-entorno-de-mercado\/"},"author":{"name":"yblanch","@id":"https:\/\/www.fpecaixa.info\/#\/schema\/person\/276aa8e6247bc28c8f474b3e30c15c99"},"headline":"PC30 i la seva adaptaci\u00f3 a l&#8217;entorn de mercat","datePublished":"2022-09-26T10:59:15+00:00","dateModified":"2022-09-29T11:55:11+00:00","mainEntityOfPage":{"@id":"https:\/\/www.fpecaixa.info\/pc30-y-su-adaptacion-al-entorno-de-mercado\/"},"wordCount":223,"image":{"@id":"https:\/\/www.fpecaixa.info\/pc30-y-su-adaptacion-al-entorno-de-mercado\/#primaryimage"},"thumbnailUrl":"http:\/\/www.fpecaixa.info\/wp-content\/uploads\/2022\/09\/image-2.png","articleSection":["Destacades","Not\u00edcies"],"inLanguage":"ca"},{"@type":"WebPage","@id":"https:\/\/www.fpecaixa.info\/pc30-y-su-adaptacion-al-entorno-de-mercado\/","url":"https:\/\/www.fpecaixa.info\/pc30-y-su-adaptacion-al-entorno-de-mercado\/","name":"PC30 i la seva adaptaci\u00f3 a l'entorn de mercat - Plan de Pensiones de Empleo (PC30)","isPartOf":{"@id":"https:\/\/www.fpecaixa.info\/#website"},"primaryImageOfPage":{"@id":"https:\/\/www.fpecaixa.info\/pc30-y-su-adaptacion-al-entorno-de-mercado\/#primaryimage"},"image":{"@id":"https:\/\/www.fpecaixa.info\/pc30-y-su-adaptacion-al-entorno-de-mercado\/#primaryimage"},"thumbnailUrl":"http:\/\/www.fpecaixa.info\/wp-content\/uploads\/2022\/09\/image-2.png","datePublished":"2022-09-26T10:59:15+00:00","dateModified":"2022-09-29T11:55:11+00:00","author":{"@id":"https:\/\/www.fpecaixa.info\/#\/schema\/person\/276aa8e6247bc28c8f474b3e30c15c99"},"breadcrumb":{"@id":"https:\/\/www.fpecaixa.info\/pc30-y-su-adaptacion-al-entorno-de-mercado\/#breadcrumb"},"inLanguage":"ca","potentialAction":[{"@type":"ReadAction","target":["https:\/\/www.fpecaixa.info\/pc30-y-su-adaptacion-al-entorno-de-mercado\/"]}]},{"@type":"ImageObject","inLanguage":"ca","@id":"https:\/\/www.fpecaixa.info\/pc30-y-su-adaptacion-al-entorno-de-mercado\/#primaryimage","url":"http:\/\/www.fpecaixa.info\/wp-content\/uploads\/2022\/09\/image-2.png","contentUrl":"http:\/\/www.fpecaixa.info\/wp-content\/uploads\/2022\/09\/image-2.png"},{"@type":"BreadcrumbList","@id":"https:\/\/www.fpecaixa.info\/pc30-y-su-adaptacion-al-entorno-de-mercado\/#breadcrumb","itemListElement":[{"@type":"ListItem","position":1,"name":"Inici","item":"https:\/\/www.fpecaixa.info\/ca\/"},{"@type":"ListItem","position":2,"name":"Destacadas","item":"https:\/\/www.fpecaixa.info\/category\/destacadas\/"},{"@type":"ListItem","position":3,"name":"PC30 i la seva adaptaci\u00f3 a l&#8217;entorn de mercat"}]},{"@type":"WebSite","@id":"https:\/\/www.fpecaixa.info\/#website","url":"https:\/\/www.fpecaixa.info\/","name":"Plan de Pensiones de Empleo (PC30)","description":"Web informativa para el Plan de Pensiones de Empleo (PC30) de trabajadores de Caixabank","potentialAction":[{"@type":"SearchAction","target":{"@type":"EntryPoint","urlTemplate":"https:\/\/www.fpecaixa.info\/?s={search_term_string}"},"query-input":{"@type":"PropertyValueSpecification","valueRequired":true,"valueName":"search_term_string"}}],"inLanguage":"ca"},{"@type":"Person","@id":"https:\/\/www.fpecaixa.info\/#\/schema\/person\/276aa8e6247bc28c8f474b3e30c15c99","name":"yblanch","image":{"@type":"ImageObject","inLanguage":"ca","@id":"https:\/\/secure.gravatar.com\/avatar\/cf47a2caaa03985056d0c2f0c334709ce05432979b4a5332a281a6514e472491?s=96&d=mm&r=g","url":"https:\/\/secure.gravatar.com\/avatar\/cf47a2caaa03985056d0c2f0c334709ce05432979b4a5332a281a6514e472491?s=96&d=mm&r=g","contentUrl":"https:\/\/secure.gravatar.com\/avatar\/cf47a2caaa03985056d0c2f0c334709ce05432979b4a5332a281a6514e472491?s=96&d=mm&r=g","caption":"yblanch"},"url":"https:\/\/www.fpecaixa.info\/ca\/author\/yblanch\/"}]}},"_links":{"self":[{"href":"https:\/\/www.fpecaixa.info\/ca\/wp-json\/wp\/v2\/posts\/4457","targetHints":{"allow":["GET"]}}],"collection":[{"href":"https:\/\/www.fpecaixa.info\/ca\/wp-json\/wp\/v2\/posts"}],"about":[{"href":"https:\/\/www.fpecaixa.info\/ca\/wp-json\/wp\/v2\/types\/post"}],"author":[{"embeddable":true,"href":"https:\/\/www.fpecaixa.info\/ca\/wp-json\/wp\/v2\/users\/11"}],"replies":[{"embeddable":true,"href":"https:\/\/www.fpecaixa.info\/ca\/wp-json\/wp\/v2\/comments?post=4457"}],"version-history":[{"count":9,"href":"https:\/\/www.fpecaixa.info\/ca\/wp-json\/wp\/v2\/posts\/4457\/revisions"}],"predecessor-version":[{"id":4517,"href":"https:\/\/www.fpecaixa.info\/ca\/wp-json\/wp\/v2\/posts\/4457\/revisions\/4517"}],"wp:attachment":[{"href":"https:\/\/www.fpecaixa.info\/ca\/wp-json\/wp\/v2\/media?parent=4457"}],"wp:term":[{"taxonomy":"category","embeddable":true,"href":"https:\/\/www.fpecaixa.info\/ca\/wp-json\/wp\/v2\/categories?post=4457"},{"taxonomy":"post_tag","embeddable":true,"href":"https:\/\/www.fpecaixa.info\/ca\/wp-json\/wp\/v2\/tags?post=4457"}],"curies":[{"name":"wp","href":"https:\/\/api.w.org\/{rel}","templated":true}]}}