{"id":4643,"date":"2022-12-13T15:34:19","date_gmt":"2022-12-13T15:34:19","guid":{"rendered":"https:\/\/www.fpecaixa.info\/pc30-y-su-presencia-en-distintos-eventos\/"},"modified":"2022-12-13T15:51:57","modified_gmt":"2022-12-13T15:51:57","slug":"pc30-y-su-presencia-en-distintos-eventos","status":"publish","type":"post","link":"https:\/\/www.fpecaixa.info\/ca\/pc30-y-su-presencia-en-distintos-eventos\/","title":{"rendered":"PC30 i la seva participaci\u00f3 en f\u00f2rums internacionals"},"content":{"rendered":"\n<h2 class=\"wp-block-heading\">En el darrer mes i mig el Fons d&#8217;Ocupaci\u00f3 de CaixaBank ha tingut una pres\u00e8ncia destacada en diferents actes internacionals.<\/h2>\n\n<p>En les darreres setmanes el PC30 ha participat en diversos esdeveniments relacionats amb la ind\u00fastria dels plans de pensions i amb les inversions sostenibles.<\/p>\n\n<p>En primer lloc, durant la primera setmana de novembre, el fons va participar a la World Pension Summit, a L&#8217;Haia, on va compartir el seu plantejament davant la construcci\u00f3 de carteres.<\/p>\n\n<p>Del 30 de novembre al 1 de desembre de 2022 es va celebrar a Barcelona PRI in person, el esdeveniment m\u00e9s rellevant a nivell global referent a la inversi\u00f3 responsable. All\u00e0, vam tenir la oportunitat de participar en un panel on vam traslladar els reptes que implica l&#8217;\u00fas de les dades associades amb la sostenibilitat.<\/p>\n\n<p>Per finalitzar, a la gala dels premis IPE, a Rotterdam, el PC30 va rebre el guard\u00f3 de fons amb millor gesti\u00f3 del risc d&#8217;Europa. \u00c9s el primer cop que el fons rep aquest trofeu.<\/p>\n\n<p><\/p>\n\n<figure class=\"wp-block-image size-large\"><img loading=\"lazy\" decoding=\"async\" width=\"1024\" height=\"258\" src=\"http:\/\/www.fpecaixa.info\/wp-content\/uploads\/2022\/12\/image-1024x258.png\" alt=\"\" class=\"wp-image-4637\" srcset=\"https:\/\/www.fpecaixa.info\/wp-content\/uploads\/2022\/12\/image-1024x258.png 1024w, https:\/\/www.fpecaixa.info\/wp-content\/uploads\/2022\/12\/image-300x75.png 300w, https:\/\/www.fpecaixa.info\/wp-content\/uploads\/2022\/12\/image-768x193.png 768w, https:\/\/www.fpecaixa.info\/wp-content\/uploads\/2022\/12\/image.png 1085w\" sizes=\"auto, (max-width: 1024px) 100vw, 1024px\" \/><\/figure>\n","protected":false},"excerpt":{"rendered":"<p>En el darrer mes i mig el Fons d&#8217;Ocupaci\u00f3 de CaixaBank ha tingut una pres\u00e8ncia destacada en diferents actes internacionals. En les darreres setmanes el PC30 ha participat en diversos esdeveniments relacionats amb la ind\u00fastria dels plans de pensions i amb les inversions sostenibles. En primer lloc, durant la primera setmana de novembre, el fons [&hellip;]<\/p>\n","protected":false},"author":6,"featured_media":4640,"comment_status":"closed","ping_status":"open","sticky":false,"template":"","format":"standard","meta":{"_acf_changed":false,"_monsterinsights_skip_tracking":false,"_monsterinsights_sitenote_active":false,"_monsterinsights_sitenote_note":"","_monsterinsights_sitenote_category":0,"footnotes":""},"categories":[56,57,21],"tags":[],"class_list":["post-4643","post","type-post","status-publish","format-standard","has-post-thumbnail","hentry","category-destacades","category-noticies","category-sense-categoria"],"acf":[],"yoast_head":"<!-- This site is optimized with the Yoast SEO plugin v27.5 - https:\/\/yoast.com\/product\/yoast-seo-wordpress\/ -->\n<title>PC30 i la seva participaci\u00f3 en f\u00f2rums internacionals - Plan de Pensiones de Empleo (PC30)<\/title>\n<meta name=\"robots\" content=\"index, follow, max-snippet:-1, max-image-preview:large, max-video-preview:-1\" \/>\n<link rel=\"canonical\" href=\"https:\/\/www.fpecaixa.info\/ca\/pc30-y-su-presencia-en-distintos-eventos\/\" \/>\n<meta property=\"og:locale\" content=\"ca_ES\" \/>\n<meta property=\"og:type\" content=\"article\" \/>\n<meta property=\"og:title\" content=\"PC30 i la seva participaci\u00f3 en f\u00f2rums internacionals - Plan de Pensiones de Empleo (PC30)\" \/>\n<meta property=\"og:description\" content=\"En el darrer mes i mig el Fons d&#8217;Ocupaci\u00f3 de CaixaBank ha tingut una pres\u00e8ncia destacada en diferents actes internacionals. En les darreres setmanes el PC30 ha participat en diversos esdeveniments relacionats amb la ind\u00fastria dels plans de pensions i amb les inversions sostenibles. En primer lloc, durant la primera setmana de novembre, el fons [&hellip;]\" \/>\n<meta property=\"og:url\" content=\"https:\/\/www.fpecaixa.info\/ca\/pc30-y-su-presencia-en-distintos-eventos\/\" \/>\n<meta property=\"og:site_name\" content=\"Plan de Pensiones de Empleo (PC30)\" \/>\n<meta property=\"article:published_time\" content=\"2022-12-13T15:34:19+00:00\" \/>\n<meta property=\"article:modified_time\" content=\"2022-12-13T15:51:57+00:00\" \/>\n<meta property=\"og:image\" content=\"https:\/\/www.fpecaixa.info\/wp-content\/uploads\/2022\/12\/ipe2022.png\" \/>\n\t<meta property=\"og:image:width\" content=\"288\" \/>\n\t<meta property=\"og:image:height\" content=\"175\" \/>\n\t<meta property=\"og:image:type\" content=\"image\/png\" \/>\n<meta name=\"author\" content=\"ijhernandez\" \/>\n<meta name=\"twitter:card\" content=\"summary_large_image\" \/>\n<meta name=\"twitter:label1\" content=\"Escrit per\" \/>\n\t<meta name=\"twitter:data1\" content=\"ijhernandez\" \/>\n\t<meta name=\"twitter:label2\" content=\"Temps estimat de lectura\" \/>\n\t<meta name=\"twitter:data2\" content=\"1 minut\" \/>\n<script type=\"application\/ld+json\" class=\"yoast-schema-graph\">{\"@context\":\"https:\\\/\\\/schema.org\",\"@graph\":[{\"@type\":\"Article\",\"@id\":\"https:\\\/\\\/www.fpecaixa.info\\\/ca\\\/pc30-y-su-presencia-en-distintos-eventos\\\/#article\",\"isPartOf\":{\"@id\":\"https:\\\/\\\/www.fpecaixa.info\\\/ca\\\/pc30-y-su-presencia-en-distintos-eventos\\\/\"},\"author\":{\"name\":\"ijhernandez\",\"@id\":\"https:\\\/\\\/www.fpecaixa.info\\\/#\\\/schema\\\/person\\\/aa69608ee32bb66f1154144f2e88b216\"},\"headline\":\"PC30 i la seva participaci\u00f3 en f\u00f2rums internacionals\",\"datePublished\":\"2022-12-13T15:34:19+00:00\",\"dateModified\":\"2022-12-13T15:51:57+00:00\",\"mainEntityOfPage\":{\"@id\":\"https:\\\/\\\/www.fpecaixa.info\\\/ca\\\/pc30-y-su-presencia-en-distintos-eventos\\\/\"},\"wordCount\":174,\"image\":{\"@id\":\"https:\\\/\\\/www.fpecaixa.info\\\/ca\\\/pc30-y-su-presencia-en-distintos-eventos\\\/#primaryimage\"},\"thumbnailUrl\":\"https:\\\/\\\/www.fpecaixa.info\\\/wp-content\\\/uploads\\\/2022\\\/12\\\/ipe2022.png\",\"articleSection\":[\"Destacades\",\"Not\u00edcies\"],\"inLanguage\":\"ca\"},{\"@type\":\"WebPage\",\"@id\":\"https:\\\/\\\/www.fpecaixa.info\\\/ca\\\/pc30-y-su-presencia-en-distintos-eventos\\\/\",\"url\":\"https:\\\/\\\/www.fpecaixa.info\\\/ca\\\/pc30-y-su-presencia-en-distintos-eventos\\\/\",\"name\":\"PC30 i la seva participaci\u00f3 en f\u00f2rums internacionals - Plan de Pensiones de Empleo (PC30)\",\"isPartOf\":{\"@id\":\"https:\\\/\\\/www.fpecaixa.info\\\/#website\"},\"primaryImageOfPage\":{\"@id\":\"https:\\\/\\\/www.fpecaixa.info\\\/ca\\\/pc30-y-su-presencia-en-distintos-eventos\\\/#primaryimage\"},\"image\":{\"@id\":\"https:\\\/\\\/www.fpecaixa.info\\\/ca\\\/pc30-y-su-presencia-en-distintos-eventos\\\/#primaryimage\"},\"thumbnailUrl\":\"https:\\\/\\\/www.fpecaixa.info\\\/wp-content\\\/uploads\\\/2022\\\/12\\\/ipe2022.png\",\"datePublished\":\"2022-12-13T15:34:19+00:00\",\"dateModified\":\"2022-12-13T15:51:57+00:00\",\"author\":{\"@id\":\"https:\\\/\\\/www.fpecaixa.info\\\/#\\\/schema\\\/person\\\/aa69608ee32bb66f1154144f2e88b216\"},\"breadcrumb\":{\"@id\":\"https:\\\/\\\/www.fpecaixa.info\\\/ca\\\/pc30-y-su-presencia-en-distintos-eventos\\\/#breadcrumb\"},\"inLanguage\":\"ca\",\"potentialAction\":[{\"@type\":\"ReadAction\",\"target\":[\"https:\\\/\\\/www.fpecaixa.info\\\/ca\\\/pc30-y-su-presencia-en-distintos-eventos\\\/\"]}]},{\"@type\":\"ImageObject\",\"inLanguage\":\"ca\",\"@id\":\"https:\\\/\\\/www.fpecaixa.info\\\/ca\\\/pc30-y-su-presencia-en-distintos-eventos\\\/#primaryimage\",\"url\":\"https:\\\/\\\/www.fpecaixa.info\\\/wp-content\\\/uploads\\\/2022\\\/12\\\/ipe2022.png\",\"contentUrl\":\"https:\\\/\\\/www.fpecaixa.info\\\/wp-content\\\/uploads\\\/2022\\\/12\\\/ipe2022.png\",\"width\":288,\"height\":175},{\"@type\":\"BreadcrumbList\",\"@id\":\"https:\\\/\\\/www.fpecaixa.info\\\/ca\\\/pc30-y-su-presencia-en-distintos-eventos\\\/#breadcrumb\",\"itemListElement\":[{\"@type\":\"ListItem\",\"position\":1,\"name\":\"Inici\",\"item\":\"https:\\\/\\\/www.fpecaixa.info\\\/ca\\\/\"},{\"@type\":\"ListItem\",\"position\":2,\"name\":\"Destacades\",\"item\":\"https:\\\/\\\/www.fpecaixa.info\\\/ca\\\/category\\\/destacades\\\/\"},{\"@type\":\"ListItem\",\"position\":3,\"name\":\"PC30 i la seva participaci\u00f3 en f\u00f2rums internacionals\"}]},{\"@type\":\"WebSite\",\"@id\":\"https:\\\/\\\/www.fpecaixa.info\\\/#website\",\"url\":\"https:\\\/\\\/www.fpecaixa.info\\\/\",\"name\":\"Plan de Pensiones de Empleo (PC30)\",\"description\":\"Web informativa para el Plan de Pensiones de Empleo (PC30) de trabajadores de Caixabank\",\"potentialAction\":[{\"@type\":\"SearchAction\",\"target\":{\"@type\":\"EntryPoint\",\"urlTemplate\":\"https:\\\/\\\/www.fpecaixa.info\\\/?s={search_term_string}\"},\"query-input\":{\"@type\":\"PropertyValueSpecification\",\"valueRequired\":true,\"valueName\":\"search_term_string\"}}],\"inLanguage\":\"ca\"},{\"@type\":\"Person\",\"@id\":\"https:\\\/\\\/www.fpecaixa.info\\\/#\\\/schema\\\/person\\\/aa69608ee32bb66f1154144f2e88b216\",\"name\":\"ijhernandez\",\"image\":{\"@type\":\"ImageObject\",\"inLanguage\":\"ca\",\"@id\":\"https:\\\/\\\/secure.gravatar.com\\\/avatar\\\/fc12ba80fe04063a2c363a116cf1b94dc0270db700aa98301e2345b84be9a049?s=96&d=mm&r=g\",\"url\":\"https:\\\/\\\/secure.gravatar.com\\\/avatar\\\/fc12ba80fe04063a2c363a116cf1b94dc0270db700aa98301e2345b84be9a049?s=96&d=mm&r=g\",\"contentUrl\":\"https:\\\/\\\/secure.gravatar.com\\\/avatar\\\/fc12ba80fe04063a2c363a116cf1b94dc0270db700aa98301e2345b84be9a049?s=96&d=mm&r=g\",\"caption\":\"ijhernandez\"},\"url\":\"https:\\\/\\\/www.fpecaixa.info\\\/ca\\\/author\\\/ijhernandez\\\/\"}]}<\/script>\n<!-- \/ Yoast SEO plugin. -->","yoast_head_json":{"title":"PC30 i la seva participaci\u00f3 en f\u00f2rums internacionals - Plan de Pensiones de Empleo (PC30)","robots":{"index":"index","follow":"follow","max-snippet":"max-snippet:-1","max-image-preview":"max-image-preview:large","max-video-preview":"max-video-preview:-1"},"canonical":"https:\/\/www.fpecaixa.info\/ca\/pc30-y-su-presencia-en-distintos-eventos\/","og_locale":"ca_ES","og_type":"article","og_title":"PC30 i la seva participaci\u00f3 en f\u00f2rums internacionals - Plan de Pensiones de Empleo (PC30)","og_description":"En el darrer mes i mig el Fons d&#8217;Ocupaci\u00f3 de CaixaBank ha tingut una pres\u00e8ncia destacada en diferents actes internacionals. En les darreres setmanes el PC30 ha participat en diversos esdeveniments relacionats amb la ind\u00fastria dels plans de pensions i amb les inversions sostenibles. En primer lloc, durant la primera setmana de novembre, el fons [&hellip;]","og_url":"https:\/\/www.fpecaixa.info\/ca\/pc30-y-su-presencia-en-distintos-eventos\/","og_site_name":"Plan de Pensiones de Empleo (PC30)","article_published_time":"2022-12-13T15:34:19+00:00","article_modified_time":"2022-12-13T15:51:57+00:00","og_image":[{"width":288,"height":175,"url":"https:\/\/www.fpecaixa.info\/wp-content\/uploads\/2022\/12\/ipe2022.png","type":"image\/png"}],"author":"ijhernandez","twitter_card":"summary_large_image","twitter_misc":{"Escrit per":"ijhernandez","Temps estimat de lectura":"1 minut"},"schema":{"@context":"https:\/\/schema.org","@graph":[{"@type":"Article","@id":"https:\/\/www.fpecaixa.info\/ca\/pc30-y-su-presencia-en-distintos-eventos\/#article","isPartOf":{"@id":"https:\/\/www.fpecaixa.info\/ca\/pc30-y-su-presencia-en-distintos-eventos\/"},"author":{"name":"ijhernandez","@id":"https:\/\/www.fpecaixa.info\/#\/schema\/person\/aa69608ee32bb66f1154144f2e88b216"},"headline":"PC30 i la seva participaci\u00f3 en f\u00f2rums internacionals","datePublished":"2022-12-13T15:34:19+00:00","dateModified":"2022-12-13T15:51:57+00:00","mainEntityOfPage":{"@id":"https:\/\/www.fpecaixa.info\/ca\/pc30-y-su-presencia-en-distintos-eventos\/"},"wordCount":174,"image":{"@id":"https:\/\/www.fpecaixa.info\/ca\/pc30-y-su-presencia-en-distintos-eventos\/#primaryimage"},"thumbnailUrl":"https:\/\/www.fpecaixa.info\/wp-content\/uploads\/2022\/12\/ipe2022.png","articleSection":["Destacades","Not\u00edcies"],"inLanguage":"ca"},{"@type":"WebPage","@id":"https:\/\/www.fpecaixa.info\/ca\/pc30-y-su-presencia-en-distintos-eventos\/","url":"https:\/\/www.fpecaixa.info\/ca\/pc30-y-su-presencia-en-distintos-eventos\/","name":"PC30 i la seva participaci\u00f3 en f\u00f2rums internacionals - Plan de Pensiones de Empleo (PC30)","isPartOf":{"@id":"https:\/\/www.fpecaixa.info\/#website"},"primaryImageOfPage":{"@id":"https:\/\/www.fpecaixa.info\/ca\/pc30-y-su-presencia-en-distintos-eventos\/#primaryimage"},"image":{"@id":"https:\/\/www.fpecaixa.info\/ca\/pc30-y-su-presencia-en-distintos-eventos\/#primaryimage"},"thumbnailUrl":"https:\/\/www.fpecaixa.info\/wp-content\/uploads\/2022\/12\/ipe2022.png","datePublished":"2022-12-13T15:34:19+00:00","dateModified":"2022-12-13T15:51:57+00:00","author":{"@id":"https:\/\/www.fpecaixa.info\/#\/schema\/person\/aa69608ee32bb66f1154144f2e88b216"},"breadcrumb":{"@id":"https:\/\/www.fpecaixa.info\/ca\/pc30-y-su-presencia-en-distintos-eventos\/#breadcrumb"},"inLanguage":"ca","potentialAction":[{"@type":"ReadAction","target":["https:\/\/www.fpecaixa.info\/ca\/pc30-y-su-presencia-en-distintos-eventos\/"]}]},{"@type":"ImageObject","inLanguage":"ca","@id":"https:\/\/www.fpecaixa.info\/ca\/pc30-y-su-presencia-en-distintos-eventos\/#primaryimage","url":"https:\/\/www.fpecaixa.info\/wp-content\/uploads\/2022\/12\/ipe2022.png","contentUrl":"https:\/\/www.fpecaixa.info\/wp-content\/uploads\/2022\/12\/ipe2022.png","width":288,"height":175},{"@type":"BreadcrumbList","@id":"https:\/\/www.fpecaixa.info\/ca\/pc30-y-su-presencia-en-distintos-eventos\/#breadcrumb","itemListElement":[{"@type":"ListItem","position":1,"name":"Inici","item":"https:\/\/www.fpecaixa.info\/ca\/"},{"@type":"ListItem","position":2,"name":"Destacades","item":"https:\/\/www.fpecaixa.info\/ca\/category\/destacades\/"},{"@type":"ListItem","position":3,"name":"PC30 i la seva participaci\u00f3 en f\u00f2rums internacionals"}]},{"@type":"WebSite","@id":"https:\/\/www.fpecaixa.info\/#website","url":"https:\/\/www.fpecaixa.info\/","name":"Plan de Pensiones de Empleo (PC30)","description":"Web informativa para el Plan de Pensiones de Empleo (PC30) de trabajadores de Caixabank","potentialAction":[{"@type":"SearchAction","target":{"@type":"EntryPoint","urlTemplate":"https:\/\/www.fpecaixa.info\/?s={search_term_string}"},"query-input":{"@type":"PropertyValueSpecification","valueRequired":true,"valueName":"search_term_string"}}],"inLanguage":"ca"},{"@type":"Person","@id":"https:\/\/www.fpecaixa.info\/#\/schema\/person\/aa69608ee32bb66f1154144f2e88b216","name":"ijhernandez","image":{"@type":"ImageObject","inLanguage":"ca","@id":"https:\/\/secure.gravatar.com\/avatar\/fc12ba80fe04063a2c363a116cf1b94dc0270db700aa98301e2345b84be9a049?s=96&d=mm&r=g","url":"https:\/\/secure.gravatar.com\/avatar\/fc12ba80fe04063a2c363a116cf1b94dc0270db700aa98301e2345b84be9a049?s=96&d=mm&r=g","contentUrl":"https:\/\/secure.gravatar.com\/avatar\/fc12ba80fe04063a2c363a116cf1b94dc0270db700aa98301e2345b84be9a049?s=96&d=mm&r=g","caption":"ijhernandez"},"url":"https:\/\/www.fpecaixa.info\/ca\/author\/ijhernandez\/"}]}},"_links":{"self":[{"href":"https:\/\/www.fpecaixa.info\/ca\/wp-json\/wp\/v2\/posts\/4643","targetHints":{"allow":["GET"]}}],"collection":[{"href":"https:\/\/www.fpecaixa.info\/ca\/wp-json\/wp\/v2\/posts"}],"about":[{"href":"https:\/\/www.fpecaixa.info\/ca\/wp-json\/wp\/v2\/types\/post"}],"author":[{"embeddable":true,"href":"https:\/\/www.fpecaixa.info\/ca\/wp-json\/wp\/v2\/users\/6"}],"replies":[{"embeddable":true,"href":"https:\/\/www.fpecaixa.info\/ca\/wp-json\/wp\/v2\/comments?post=4643"}],"version-history":[{"count":3,"href":"https:\/\/www.fpecaixa.info\/ca\/wp-json\/wp\/v2\/posts\/4643\/revisions"}],"predecessor-version":[{"id":4646,"href":"https:\/\/www.fpecaixa.info\/ca\/wp-json\/wp\/v2\/posts\/4643\/revisions\/4646"}],"wp:featuredmedia":[{"embeddable":true,"href":"https:\/\/www.fpecaixa.info\/ca\/wp-json\/wp\/v2\/media\/4640"}],"wp:attachment":[{"href":"https:\/\/www.fpecaixa.info\/ca\/wp-json\/wp\/v2\/media?parent=4643"}],"wp:term":[{"taxonomy":"category","embeddable":true,"href":"https:\/\/www.fpecaixa.info\/ca\/wp-json\/wp\/v2\/categories?post=4643"},{"taxonomy":"post_tag","embeddable":true,"href":"https:\/\/www.fpecaixa.info\/ca\/wp-json\/wp\/v2\/tags?post=4643"}],"curies":[{"name":"wp","href":"https:\/\/api.w.org\/{rel}","templated":true}]}}