{"id":4696,"date":"2023-01-30T14:22:21","date_gmt":"2023-01-30T14:22:21","guid":{"rendered":"https:\/\/www.fpecaixa.info\/proxima-encuesta-a-participes-y-beneficiarios\/"},"modified":"2023-01-31T08:08:12","modified_gmt":"2023-01-31T08:08:12","slug":"proxima-encuesta-a-participes-y-beneficiarios","status":"publish","type":"post","link":"https:\/\/www.fpecaixa.info\/ca\/proxima-encuesta-a-participes-y-beneficiarios\/","title":{"rendered":"Propera enquesta a part\u00edcips i beneficiaris"},"content":{"rendered":"\n<p>Per tal de con\u00e8ixer les prefer\u00e8ncies i preocupacions dels nostres part\u00edcips i beneficiaris, realitzem enquestes des del PC30 que ens ajuden a decidir la direcci\u00f3 que el Fons d&#8217;Ocupaci\u00f3 de CaixaBank prendr\u00e0 en el futur.<\/p>\n\n\n\n<p>Amb la incorporaci\u00f3 de m\u00e9s de 20 000 persones al fons en 2022 i despr\u00e9s d&#8217;uns anys on la pand\u00e8mia i posterior recuperaci\u00f3 han tingut efecte sobre els mercats financers, con\u00e8ixer la vostra opini\u00f3 \u00e9s m\u00e9s important que mai.<\/p>\n\n\n\n<p>A partir del 27 de febrer, tots els que estigueu interessats, podreu traslladar-nos la vostra visi\u00f3 en una enquesta que es podr\u00e0 realitzar prement un enlla\u00e7 que publicarem en aquesta web. L&#8217;enquesta ser\u00e0 totalment an\u00f2nima i compartirem els resultats per mitj\u00e0 dels diferents canals dels quals disposa el fons.<\/p>\n\n\n\n<p><\/p>\n","protected":false},"excerpt":{"rendered":"<p>Per tal de con\u00e8ixer les prefer\u00e8ncies i preocupacions dels nostres part\u00edcips i beneficiaris, realitzem enquestes des del PC30 que ens ajuden a decidir la direcci\u00f3 que el Fons d&#8217;Ocupaci\u00f3 de CaixaBank prendr\u00e0 en el futur. Amb la incorporaci\u00f3 de m\u00e9s de 20 000 persones al fons en 2022 i despr\u00e9s d&#8217;uns anys on la pand\u00e8mia [&hellip;]<\/p>\n","protected":false},"author":6,"featured_media":4693,"comment_status":"closed","ping_status":"open","sticky":false,"template":"","format":"standard","meta":{"_acf_changed":false,"_monsterinsights_skip_tracking":false,"_monsterinsights_sitenote_active":false,"_monsterinsights_sitenote_note":"","_monsterinsights_sitenote_category":0,"footnotes":""},"categories":[56,57],"tags":[],"class_list":["post-4696","post","type-post","status-publish","format-standard","has-post-thumbnail","hentry","category-destacades","category-noticies"],"acf":[],"yoast_head":"<!-- This site is optimized with the Yoast SEO plugin v27.5 - https:\/\/yoast.com\/product\/yoast-seo-wordpress\/ -->\n<title>Propera enquesta a part\u00edcips i beneficiaris - Plan de Pensiones de Empleo (PC30)<\/title>\n<meta name=\"robots\" content=\"index, follow, max-snippet:-1, max-image-preview:large, max-video-preview:-1\" \/>\n<link rel=\"canonical\" href=\"https:\/\/www.fpecaixa.info\/proxima-encuesta-a-participes-y-beneficiarios\/\" \/>\n<meta property=\"og:locale\" content=\"ca_ES\" \/>\n<meta property=\"og:type\" content=\"article\" \/>\n<meta property=\"og:title\" content=\"Propera enquesta a part\u00edcips i beneficiaris - Plan de Pensiones de Empleo (PC30)\" \/>\n<meta property=\"og:description\" content=\"Per tal de con\u00e8ixer les prefer\u00e8ncies i preocupacions dels nostres part\u00edcips i beneficiaris, realitzem enquestes des del PC30 que ens ajuden a decidir la direcci\u00f3 que el Fons d&#8217;Ocupaci\u00f3 de CaixaBank prendr\u00e0 en el futur. Amb la incorporaci\u00f3 de m\u00e9s de 20 000 persones al fons en 2022 i despr\u00e9s d&#8217;uns anys on la pand\u00e8mia [&hellip;]\" \/>\n<meta property=\"og:url\" content=\"https:\/\/www.fpecaixa.info\/proxima-encuesta-a-participes-y-beneficiarios\/\" \/>\n<meta property=\"og:site_name\" content=\"Plan de Pensiones de Empleo (PC30)\" \/>\n<meta property=\"article:published_time\" content=\"2023-01-30T14:22:21+00:00\" \/>\n<meta property=\"article:modified_time\" content=\"2023-01-31T08:08:12+00:00\" \/>\n<meta property=\"og:image\" content=\"https:\/\/www.fpecaixa.info\/wp-content\/uploads\/2023\/01\/exam.jpg\" \/>\n\t<meta property=\"og:image:width\" content=\"750\" \/>\n\t<meta property=\"og:image:height\" content=\"501\" \/>\n\t<meta property=\"og:image:type\" content=\"image\/jpeg\" \/>\n<meta name=\"author\" content=\"ijhernandez\" \/>\n<meta name=\"twitter:card\" content=\"summary_large_image\" \/>\n<meta name=\"twitter:label1\" content=\"Escrit per\" \/>\n\t<meta name=\"twitter:data1\" content=\"ijhernandez\" \/>\n\t<meta name=\"twitter:label2\" content=\"Temps estimat de lectura\" \/>\n\t<meta name=\"twitter:data2\" content=\"1 minut\" \/>\n<script type=\"application\/ld+json\" class=\"yoast-schema-graph\">{\"@context\":\"https:\\\/\\\/schema.org\",\"@graph\":[{\"@type\":\"NewsArticle\",\"@id\":\"https:\\\/\\\/www.fpecaixa.info\\\/proxima-encuesta-a-participes-y-beneficiarios\\\/#article\",\"isPartOf\":{\"@id\":\"https:\\\/\\\/www.fpecaixa.info\\\/proxima-encuesta-a-participes-y-beneficiarios\\\/\"},\"author\":{\"name\":\"ijhernandez\",\"@id\":\"https:\\\/\\\/www.fpecaixa.info\\\/#\\\/schema\\\/person\\\/aa69608ee32bb66f1154144f2e88b216\"},\"headline\":\"Propera enquesta a part\u00edcips i beneficiaris\",\"datePublished\":\"2023-01-30T14:22:21+00:00\",\"dateModified\":\"2023-01-31T08:08:12+00:00\",\"mainEntityOfPage\":{\"@id\":\"https:\\\/\\\/www.fpecaixa.info\\\/proxima-encuesta-a-participes-y-beneficiarios\\\/\"},\"wordCount\":135,\"image\":{\"@id\":\"https:\\\/\\\/www.fpecaixa.info\\\/proxima-encuesta-a-participes-y-beneficiarios\\\/#primaryimage\"},\"thumbnailUrl\":\"https:\\\/\\\/www.fpecaixa.info\\\/wp-content\\\/uploads\\\/2023\\\/01\\\/exam.jpg\",\"articleSection\":[\"Destacades\",\"Not\u00edcies\"],\"inLanguage\":\"ca\"},{\"@type\":\"WebPage\",\"@id\":\"https:\\\/\\\/www.fpecaixa.info\\\/proxima-encuesta-a-participes-y-beneficiarios\\\/\",\"url\":\"https:\\\/\\\/www.fpecaixa.info\\\/proxima-encuesta-a-participes-y-beneficiarios\\\/\",\"name\":\"Propera enquesta a part\u00edcips i beneficiaris - Plan de Pensiones de Empleo (PC30)\",\"isPartOf\":{\"@id\":\"https:\\\/\\\/www.fpecaixa.info\\\/#website\"},\"primaryImageOfPage\":{\"@id\":\"https:\\\/\\\/www.fpecaixa.info\\\/proxima-encuesta-a-participes-y-beneficiarios\\\/#primaryimage\"},\"image\":{\"@id\":\"https:\\\/\\\/www.fpecaixa.info\\\/proxima-encuesta-a-participes-y-beneficiarios\\\/#primaryimage\"},\"thumbnailUrl\":\"https:\\\/\\\/www.fpecaixa.info\\\/wp-content\\\/uploads\\\/2023\\\/01\\\/exam.jpg\",\"datePublished\":\"2023-01-30T14:22:21+00:00\",\"dateModified\":\"2023-01-31T08:08:12+00:00\",\"author\":{\"@id\":\"https:\\\/\\\/www.fpecaixa.info\\\/#\\\/schema\\\/person\\\/aa69608ee32bb66f1154144f2e88b216\"},\"breadcrumb\":{\"@id\":\"https:\\\/\\\/www.fpecaixa.info\\\/proxima-encuesta-a-participes-y-beneficiarios\\\/#breadcrumb\"},\"inLanguage\":\"ca\",\"potentialAction\":[{\"@type\":\"ReadAction\",\"target\":[\"https:\\\/\\\/www.fpecaixa.info\\\/proxima-encuesta-a-participes-y-beneficiarios\\\/\"]}]},{\"@type\":\"ImageObject\",\"inLanguage\":\"ca\",\"@id\":\"https:\\\/\\\/www.fpecaixa.info\\\/proxima-encuesta-a-participes-y-beneficiarios\\\/#primaryimage\",\"url\":\"https:\\\/\\\/www.fpecaixa.info\\\/wp-content\\\/uploads\\\/2023\\\/01\\\/exam.jpg\",\"contentUrl\":\"https:\\\/\\\/www.fpecaixa.info\\\/wp-content\\\/uploads\\\/2023\\\/01\\\/exam.jpg\",\"width\":750,\"height\":501},{\"@type\":\"BreadcrumbList\",\"@id\":\"https:\\\/\\\/www.fpecaixa.info\\\/proxima-encuesta-a-participes-y-beneficiarios\\\/#breadcrumb\",\"itemListElement\":[{\"@type\":\"ListItem\",\"position\":1,\"name\":\"Inici\",\"item\":\"https:\\\/\\\/www.fpecaixa.info\\\/ca\\\/\"},{\"@type\":\"ListItem\",\"position\":2,\"name\":\"Sin categorizar\",\"item\":\"https:\\\/\\\/www.fpecaixa.info\\\/category\\\/sin-categorizar\\\/\"},{\"@type\":\"ListItem\",\"position\":3,\"name\":\"Propera enquesta a part\u00edcips i beneficiaris\"}]},{\"@type\":\"WebSite\",\"@id\":\"https:\\\/\\\/www.fpecaixa.info\\\/#website\",\"url\":\"https:\\\/\\\/www.fpecaixa.info\\\/\",\"name\":\"Plan de Pensiones de Empleo (PC30)\",\"description\":\"Web informativa para el Plan de Pensiones de Empleo (PC30) de trabajadores de Caixabank\",\"potentialAction\":[{\"@type\":\"SearchAction\",\"target\":{\"@type\":\"EntryPoint\",\"urlTemplate\":\"https:\\\/\\\/www.fpecaixa.info\\\/?s={search_term_string}\"},\"query-input\":{\"@type\":\"PropertyValueSpecification\",\"valueRequired\":true,\"valueName\":\"search_term_string\"}}],\"inLanguage\":\"ca\"},{\"@type\":\"Person\",\"@id\":\"https:\\\/\\\/www.fpecaixa.info\\\/#\\\/schema\\\/person\\\/aa69608ee32bb66f1154144f2e88b216\",\"name\":\"ijhernandez\",\"image\":{\"@type\":\"ImageObject\",\"inLanguage\":\"ca\",\"@id\":\"https:\\\/\\\/secure.gravatar.com\\\/avatar\\\/fc12ba80fe04063a2c363a116cf1b94dc0270db700aa98301e2345b84be9a049?s=96&d=mm&r=g\",\"url\":\"https:\\\/\\\/secure.gravatar.com\\\/avatar\\\/fc12ba80fe04063a2c363a116cf1b94dc0270db700aa98301e2345b84be9a049?s=96&d=mm&r=g\",\"contentUrl\":\"https:\\\/\\\/secure.gravatar.com\\\/avatar\\\/fc12ba80fe04063a2c363a116cf1b94dc0270db700aa98301e2345b84be9a049?s=96&d=mm&r=g\",\"caption\":\"ijhernandez\"},\"url\":\"https:\\\/\\\/www.fpecaixa.info\\\/ca\\\/author\\\/ijhernandez\\\/\"}]}<\/script>\n<!-- \/ Yoast SEO plugin. -->","yoast_head_json":{"title":"Propera enquesta a part\u00edcips i beneficiaris - Plan de Pensiones de Empleo (PC30)","robots":{"index":"index","follow":"follow","max-snippet":"max-snippet:-1","max-image-preview":"max-image-preview:large","max-video-preview":"max-video-preview:-1"},"canonical":"https:\/\/www.fpecaixa.info\/proxima-encuesta-a-participes-y-beneficiarios\/","og_locale":"ca_ES","og_type":"article","og_title":"Propera enquesta a part\u00edcips i beneficiaris - Plan de Pensiones de Empleo (PC30)","og_description":"Per tal de con\u00e8ixer les prefer\u00e8ncies i preocupacions dels nostres part\u00edcips i beneficiaris, realitzem enquestes des del PC30 que ens ajuden a decidir la direcci\u00f3 que el Fons d&#8217;Ocupaci\u00f3 de CaixaBank prendr\u00e0 en el futur. Amb la incorporaci\u00f3 de m\u00e9s de 20 000 persones al fons en 2022 i despr\u00e9s d&#8217;uns anys on la pand\u00e8mia [&hellip;]","og_url":"https:\/\/www.fpecaixa.info\/proxima-encuesta-a-participes-y-beneficiarios\/","og_site_name":"Plan de Pensiones de Empleo (PC30)","article_published_time":"2023-01-30T14:22:21+00:00","article_modified_time":"2023-01-31T08:08:12+00:00","og_image":[{"width":750,"height":501,"url":"https:\/\/www.fpecaixa.info\/wp-content\/uploads\/2023\/01\/exam.jpg","type":"image\/jpeg"}],"author":"ijhernandez","twitter_card":"summary_large_image","twitter_misc":{"Escrit per":"ijhernandez","Temps estimat de lectura":"1 minut"},"schema":{"@context":"https:\/\/schema.org","@graph":[{"@type":"NewsArticle","@id":"https:\/\/www.fpecaixa.info\/proxima-encuesta-a-participes-y-beneficiarios\/#article","isPartOf":{"@id":"https:\/\/www.fpecaixa.info\/proxima-encuesta-a-participes-y-beneficiarios\/"},"author":{"name":"ijhernandez","@id":"https:\/\/www.fpecaixa.info\/#\/schema\/person\/aa69608ee32bb66f1154144f2e88b216"},"headline":"Propera enquesta a part\u00edcips i beneficiaris","datePublished":"2023-01-30T14:22:21+00:00","dateModified":"2023-01-31T08:08:12+00:00","mainEntityOfPage":{"@id":"https:\/\/www.fpecaixa.info\/proxima-encuesta-a-participes-y-beneficiarios\/"},"wordCount":135,"image":{"@id":"https:\/\/www.fpecaixa.info\/proxima-encuesta-a-participes-y-beneficiarios\/#primaryimage"},"thumbnailUrl":"https:\/\/www.fpecaixa.info\/wp-content\/uploads\/2023\/01\/exam.jpg","articleSection":["Destacades","Not\u00edcies"],"inLanguage":"ca"},{"@type":"WebPage","@id":"https:\/\/www.fpecaixa.info\/proxima-encuesta-a-participes-y-beneficiarios\/","url":"https:\/\/www.fpecaixa.info\/proxima-encuesta-a-participes-y-beneficiarios\/","name":"Propera enquesta a part\u00edcips i beneficiaris - Plan de Pensiones de Empleo (PC30)","isPartOf":{"@id":"https:\/\/www.fpecaixa.info\/#website"},"primaryImageOfPage":{"@id":"https:\/\/www.fpecaixa.info\/proxima-encuesta-a-participes-y-beneficiarios\/#primaryimage"},"image":{"@id":"https:\/\/www.fpecaixa.info\/proxima-encuesta-a-participes-y-beneficiarios\/#primaryimage"},"thumbnailUrl":"https:\/\/www.fpecaixa.info\/wp-content\/uploads\/2023\/01\/exam.jpg","datePublished":"2023-01-30T14:22:21+00:00","dateModified":"2023-01-31T08:08:12+00:00","author":{"@id":"https:\/\/www.fpecaixa.info\/#\/schema\/person\/aa69608ee32bb66f1154144f2e88b216"},"breadcrumb":{"@id":"https:\/\/www.fpecaixa.info\/proxima-encuesta-a-participes-y-beneficiarios\/#breadcrumb"},"inLanguage":"ca","potentialAction":[{"@type":"ReadAction","target":["https:\/\/www.fpecaixa.info\/proxima-encuesta-a-participes-y-beneficiarios\/"]}]},{"@type":"ImageObject","inLanguage":"ca","@id":"https:\/\/www.fpecaixa.info\/proxima-encuesta-a-participes-y-beneficiarios\/#primaryimage","url":"https:\/\/www.fpecaixa.info\/wp-content\/uploads\/2023\/01\/exam.jpg","contentUrl":"https:\/\/www.fpecaixa.info\/wp-content\/uploads\/2023\/01\/exam.jpg","width":750,"height":501},{"@type":"BreadcrumbList","@id":"https:\/\/www.fpecaixa.info\/proxima-encuesta-a-participes-y-beneficiarios\/#breadcrumb","itemListElement":[{"@type":"ListItem","position":1,"name":"Inici","item":"https:\/\/www.fpecaixa.info\/ca\/"},{"@type":"ListItem","position":2,"name":"Sin categorizar","item":"https:\/\/www.fpecaixa.info\/category\/sin-categorizar\/"},{"@type":"ListItem","position":3,"name":"Propera enquesta a part\u00edcips i beneficiaris"}]},{"@type":"WebSite","@id":"https:\/\/www.fpecaixa.info\/#website","url":"https:\/\/www.fpecaixa.info\/","name":"Plan de Pensiones de Empleo (PC30)","description":"Web informativa para el Plan de Pensiones de Empleo (PC30) de trabajadores de Caixabank","potentialAction":[{"@type":"SearchAction","target":{"@type":"EntryPoint","urlTemplate":"https:\/\/www.fpecaixa.info\/?s={search_term_string}"},"query-input":{"@type":"PropertyValueSpecification","valueRequired":true,"valueName":"search_term_string"}}],"inLanguage":"ca"},{"@type":"Person","@id":"https:\/\/www.fpecaixa.info\/#\/schema\/person\/aa69608ee32bb66f1154144f2e88b216","name":"ijhernandez","image":{"@type":"ImageObject","inLanguage":"ca","@id":"https:\/\/secure.gravatar.com\/avatar\/fc12ba80fe04063a2c363a116cf1b94dc0270db700aa98301e2345b84be9a049?s=96&d=mm&r=g","url":"https:\/\/secure.gravatar.com\/avatar\/fc12ba80fe04063a2c363a116cf1b94dc0270db700aa98301e2345b84be9a049?s=96&d=mm&r=g","contentUrl":"https:\/\/secure.gravatar.com\/avatar\/fc12ba80fe04063a2c363a116cf1b94dc0270db700aa98301e2345b84be9a049?s=96&d=mm&r=g","caption":"ijhernandez"},"url":"https:\/\/www.fpecaixa.info\/ca\/author\/ijhernandez\/"}]}},"_links":{"self":[{"href":"https:\/\/www.fpecaixa.info\/ca\/wp-json\/wp\/v2\/posts\/4696","targetHints":{"allow":["GET"]}}],"collection":[{"href":"https:\/\/www.fpecaixa.info\/ca\/wp-json\/wp\/v2\/posts"}],"about":[{"href":"https:\/\/www.fpecaixa.info\/ca\/wp-json\/wp\/v2\/types\/post"}],"author":[{"embeddable":true,"href":"https:\/\/www.fpecaixa.info\/ca\/wp-json\/wp\/v2\/users\/6"}],"replies":[{"embeddable":true,"href":"https:\/\/www.fpecaixa.info\/ca\/wp-json\/wp\/v2\/comments?post=4696"}],"version-history":[{"count":4,"href":"https:\/\/www.fpecaixa.info\/ca\/wp-json\/wp\/v2\/posts\/4696\/revisions"}],"predecessor-version":[{"id":4702,"href":"https:\/\/www.fpecaixa.info\/ca\/wp-json\/wp\/v2\/posts\/4696\/revisions\/4702"}],"wp:featuredmedia":[{"embeddable":true,"href":"https:\/\/www.fpecaixa.info\/ca\/wp-json\/wp\/v2\/media\/4693"}],"wp:attachment":[{"href":"https:\/\/www.fpecaixa.info\/ca\/wp-json\/wp\/v2\/media?parent=4696"}],"wp:term":[{"taxonomy":"category","embeddable":true,"href":"https:\/\/www.fpecaixa.info\/ca\/wp-json\/wp\/v2\/categories?post=4696"},{"taxonomy":"post_tag","embeddable":true,"href":"https:\/\/www.fpecaixa.info\/ca\/wp-json\/wp\/v2\/tags?post=4696"}],"curies":[{"name":"wp","href":"https:\/\/api.w.org\/{rel}","templated":true}]}}