{"id":4957,"date":"2023-09-06T13:14:59","date_gmt":"2023-09-06T13:14:59","guid":{"rendered":"https:\/\/www.fpecaixa.info\/adelanto-por-ere-y-reductor-fiscal\/"},"modified":"2023-09-06T13:31:06","modified_gmt":"2023-09-06T13:31:06","slug":"adelanto-por-ere-y-reductor-fiscal","status":"publish","type":"post","link":"https:\/\/www.fpecaixa.info\/ca\/adelanto-por-ere-y-reductor-fiscal\/","title":{"rendered":"Avan\u00e7ament per ERO i Reductor Fiscal"},"content":{"rendered":"\n<h2 class=\"wp-block-heading\">Termini per aprofitar la bonificaci\u00f3 fiscal<\/h2>\n\n<p>Si et vas desvincular per ERO durant el 2021, vols realitzar l&#8217;avan\u00e7ament de les aportacions pendents i desitges aprofitar el reductor fiscal de les aportacions realitzades abans del 2007, et recomanem que tramitis la teva prestaci\u00f3, mitjan\u00e7ant l&#8217; Oficina del Part\u00edcip, abans del final del mes d&#8217;octubre. La tramitaci\u00f3 no \u00e9s immediata i calen dos mesos per realitzar l&#8217;aportaci\u00f3 \u00fanica i el cobrament del pla.<\/p>\n\n<p><em>Et recordem que la forma m\u00e9s \u00e0gil de contactar amb l&#8217;Oficina del Part\u00edcip \u00e9s mitjan\u00e7ant l&#8217;enviament d&#8217;un correu a <a href=\"mailto:oficina.fp@caixabank.com\">oficina.fp@caixabank.com<\/a><\/em>.<\/p>\n\n<p><\/p>\n","protected":false},"excerpt":{"rendered":"<p>Termini per aprofitar la bonificaci\u00f3 fiscal Si et vas desvincular per ERO durant el 2021, vols realitzar l&#8217;avan\u00e7ament de les aportacions pendents i desitges aprofitar el reductor fiscal de les aportacions realitzades abans del 2007, et recomanem que tramitis la teva prestaci\u00f3, mitjan\u00e7ant l&#8217; Oficina del Part\u00edcip, abans del final del mes d&#8217;octubre. La tramitaci\u00f3 [&hellip;]<\/p>\n","protected":false},"author":6,"featured_media":4954,"comment_status":"closed","ping_status":"open","sticky":false,"template":"","format":"standard","meta":{"_acf_changed":false,"_monsterinsights_skip_tracking":false,"_monsterinsights_sitenote_active":false,"_monsterinsights_sitenote_note":"","_monsterinsights_sitenote_category":0,"footnotes":""},"categories":[56,57,21],"tags":[],"class_list":["post-4957","post","type-post","status-publish","format-standard","has-post-thumbnail","hentry","category-destacades","category-noticies","category-sense-categoria"],"acf":[],"yoast_head":"<!-- This site is optimized with the Yoast SEO plugin v27.5 - https:\/\/yoast.com\/product\/yoast-seo-wordpress\/ -->\n<title>Avan\u00e7ament per ERO i Reductor Fiscal - Plan de Pensiones de Empleo (PC30)<\/title>\n<meta name=\"robots\" content=\"index, follow, max-snippet:-1, max-image-preview:large, max-video-preview:-1\" \/>\n<link rel=\"canonical\" href=\"https:\/\/www.fpecaixa.info\/ca\/adelanto-por-ere-y-reductor-fiscal\/\" \/>\n<meta property=\"og:locale\" content=\"ca_ES\" \/>\n<meta property=\"og:type\" content=\"article\" \/>\n<meta property=\"og:title\" content=\"Avan\u00e7ament per ERO i Reductor Fiscal - Plan de Pensiones de Empleo (PC30)\" \/>\n<meta property=\"og:description\" content=\"Termini per aprofitar la bonificaci\u00f3 fiscal Si et vas desvincular per ERO durant el 2021, vols realitzar l&#8217;avan\u00e7ament de les aportacions pendents i desitges aprofitar el reductor fiscal de les aportacions realitzades abans del 2007, et recomanem que tramitis la teva prestaci\u00f3, mitjan\u00e7ant l&#8217; Oficina del Part\u00edcip, abans del final del mes d&#8217;octubre. La tramitaci\u00f3 [&hellip;]\" \/>\n<meta property=\"og:url\" content=\"https:\/\/www.fpecaixa.info\/ca\/adelanto-por-ere-y-reductor-fiscal\/\" \/>\n<meta property=\"og:site_name\" content=\"Plan de Pensiones de Empleo (PC30)\" \/>\n<meta property=\"article:published_time\" content=\"2023-09-06T13:14:59+00:00\" \/>\n<meta property=\"article:modified_time\" content=\"2023-09-06T13:31:06+00:00\" \/>\n<meta property=\"og:image\" content=\"https:\/\/www.fpecaixa.info\/wp-content\/uploads\/2023\/09\/1024px-Classic_alarm_clock_20180513.jpg\" \/>\n\t<meta property=\"og:image:width\" content=\"1024\" \/>\n\t<meta property=\"og:image:height\" content=\"767\" \/>\n\t<meta property=\"og:image:type\" content=\"image\/jpeg\" \/>\n<meta name=\"author\" content=\"ijhernandez\" \/>\n<meta name=\"twitter:card\" content=\"summary_large_image\" \/>\n<meta name=\"twitter:label1\" content=\"Escrit per\" \/>\n\t<meta name=\"twitter:data1\" content=\"ijhernandez\" \/>\n<script type=\"application\/ld+json\" class=\"yoast-schema-graph\">{\"@context\":\"https:\\\/\\\/schema.org\",\"@graph\":[{\"@type\":\"Article\",\"@id\":\"https:\\\/\\\/www.fpecaixa.info\\\/ca\\\/adelanto-por-ere-y-reductor-fiscal\\\/#article\",\"isPartOf\":{\"@id\":\"https:\\\/\\\/www.fpecaixa.info\\\/ca\\\/adelanto-por-ere-y-reductor-fiscal\\\/\"},\"author\":{\"name\":\"ijhernandez\",\"@id\":\"https:\\\/\\\/www.fpecaixa.info\\\/#\\\/schema\\\/person\\\/aa69608ee32bb66f1154144f2e88b216\"},\"headline\":\"Avan\u00e7ament per ERO i Reductor Fiscal\",\"datePublished\":\"2023-09-06T13:14:59+00:00\",\"dateModified\":\"2023-09-06T13:31:06+00:00\",\"mainEntityOfPage\":{\"@id\":\"https:\\\/\\\/www.fpecaixa.info\\\/ca\\\/adelanto-por-ere-y-reductor-fiscal\\\/\"},\"wordCount\":105,\"image\":{\"@id\":\"https:\\\/\\\/www.fpecaixa.info\\\/ca\\\/adelanto-por-ere-y-reductor-fiscal\\\/#primaryimage\"},\"thumbnailUrl\":\"https:\\\/\\\/www.fpecaixa.info\\\/wp-content\\\/uploads\\\/2023\\\/09\\\/1024px-Classic_alarm_clock_20180513.jpg\",\"articleSection\":[\"Destacades\",\"Not\u00edcies\"],\"inLanguage\":\"ca\"},{\"@type\":\"WebPage\",\"@id\":\"https:\\\/\\\/www.fpecaixa.info\\\/ca\\\/adelanto-por-ere-y-reductor-fiscal\\\/\",\"url\":\"https:\\\/\\\/www.fpecaixa.info\\\/ca\\\/adelanto-por-ere-y-reductor-fiscal\\\/\",\"name\":\"Avan\u00e7ament per ERO i Reductor Fiscal - Plan de Pensiones de Empleo (PC30)\",\"isPartOf\":{\"@id\":\"https:\\\/\\\/www.fpecaixa.info\\\/#website\"},\"primaryImageOfPage\":{\"@id\":\"https:\\\/\\\/www.fpecaixa.info\\\/ca\\\/adelanto-por-ere-y-reductor-fiscal\\\/#primaryimage\"},\"image\":{\"@id\":\"https:\\\/\\\/www.fpecaixa.info\\\/ca\\\/adelanto-por-ere-y-reductor-fiscal\\\/#primaryimage\"},\"thumbnailUrl\":\"https:\\\/\\\/www.fpecaixa.info\\\/wp-content\\\/uploads\\\/2023\\\/09\\\/1024px-Classic_alarm_clock_20180513.jpg\",\"datePublished\":\"2023-09-06T13:14:59+00:00\",\"dateModified\":\"2023-09-06T13:31:06+00:00\",\"author\":{\"@id\":\"https:\\\/\\\/www.fpecaixa.info\\\/#\\\/schema\\\/person\\\/aa69608ee32bb66f1154144f2e88b216\"},\"breadcrumb\":{\"@id\":\"https:\\\/\\\/www.fpecaixa.info\\\/ca\\\/adelanto-por-ere-y-reductor-fiscal\\\/#breadcrumb\"},\"inLanguage\":\"ca\",\"potentialAction\":[{\"@type\":\"ReadAction\",\"target\":[\"https:\\\/\\\/www.fpecaixa.info\\\/ca\\\/adelanto-por-ere-y-reductor-fiscal\\\/\"]}]},{\"@type\":\"ImageObject\",\"inLanguage\":\"ca\",\"@id\":\"https:\\\/\\\/www.fpecaixa.info\\\/ca\\\/adelanto-por-ere-y-reductor-fiscal\\\/#primaryimage\",\"url\":\"https:\\\/\\\/www.fpecaixa.info\\\/wp-content\\\/uploads\\\/2023\\\/09\\\/1024px-Classic_alarm_clock_20180513.jpg\",\"contentUrl\":\"https:\\\/\\\/www.fpecaixa.info\\\/wp-content\\\/uploads\\\/2023\\\/09\\\/1024px-Classic_alarm_clock_20180513.jpg\",\"width\":1024,\"height\":767},{\"@type\":\"BreadcrumbList\",\"@id\":\"https:\\\/\\\/www.fpecaixa.info\\\/ca\\\/adelanto-por-ere-y-reductor-fiscal\\\/#breadcrumb\",\"itemListElement\":[{\"@type\":\"ListItem\",\"position\":1,\"name\":\"Inici\",\"item\":\"https:\\\/\\\/www.fpecaixa.info\\\/ca\\\/\"},{\"@type\":\"ListItem\",\"position\":2,\"name\":\"Destacades\",\"item\":\"https:\\\/\\\/www.fpecaixa.info\\\/ca\\\/category\\\/destacades\\\/\"},{\"@type\":\"ListItem\",\"position\":3,\"name\":\"Avan\u00e7ament per ERO i Reductor Fiscal\"}]},{\"@type\":\"WebSite\",\"@id\":\"https:\\\/\\\/www.fpecaixa.info\\\/#website\",\"url\":\"https:\\\/\\\/www.fpecaixa.info\\\/\",\"name\":\"Plan de Pensiones de Empleo (PC30)\",\"description\":\"Web informativa para el Plan de Pensiones de Empleo (PC30) de trabajadores de Caixabank\",\"potentialAction\":[{\"@type\":\"SearchAction\",\"target\":{\"@type\":\"EntryPoint\",\"urlTemplate\":\"https:\\\/\\\/www.fpecaixa.info\\\/?s={search_term_string}\"},\"query-input\":{\"@type\":\"PropertyValueSpecification\",\"valueRequired\":true,\"valueName\":\"search_term_string\"}}],\"inLanguage\":\"ca\"},{\"@type\":\"Person\",\"@id\":\"https:\\\/\\\/www.fpecaixa.info\\\/#\\\/schema\\\/person\\\/aa69608ee32bb66f1154144f2e88b216\",\"name\":\"ijhernandez\",\"image\":{\"@type\":\"ImageObject\",\"inLanguage\":\"ca\",\"@id\":\"https:\\\/\\\/secure.gravatar.com\\\/avatar\\\/fc12ba80fe04063a2c363a116cf1b94dc0270db700aa98301e2345b84be9a049?s=96&d=mm&r=g\",\"url\":\"https:\\\/\\\/secure.gravatar.com\\\/avatar\\\/fc12ba80fe04063a2c363a116cf1b94dc0270db700aa98301e2345b84be9a049?s=96&d=mm&r=g\",\"contentUrl\":\"https:\\\/\\\/secure.gravatar.com\\\/avatar\\\/fc12ba80fe04063a2c363a116cf1b94dc0270db700aa98301e2345b84be9a049?s=96&d=mm&r=g\",\"caption\":\"ijhernandez\"},\"url\":\"https:\\\/\\\/www.fpecaixa.info\\\/ca\\\/author\\\/ijhernandez\\\/\"}]}<\/script>\n<!-- \/ Yoast SEO plugin. -->","yoast_head_json":{"title":"Avan\u00e7ament per ERO i Reductor Fiscal - Plan de Pensiones de Empleo (PC30)","robots":{"index":"index","follow":"follow","max-snippet":"max-snippet:-1","max-image-preview":"max-image-preview:large","max-video-preview":"max-video-preview:-1"},"canonical":"https:\/\/www.fpecaixa.info\/ca\/adelanto-por-ere-y-reductor-fiscal\/","og_locale":"ca_ES","og_type":"article","og_title":"Avan\u00e7ament per ERO i Reductor Fiscal - Plan de Pensiones de Empleo (PC30)","og_description":"Termini per aprofitar la bonificaci\u00f3 fiscal Si et vas desvincular per ERO durant el 2021, vols realitzar l&#8217;avan\u00e7ament de les aportacions pendents i desitges aprofitar el reductor fiscal de les aportacions realitzades abans del 2007, et recomanem que tramitis la teva prestaci\u00f3, mitjan\u00e7ant l&#8217; Oficina del Part\u00edcip, abans del final del mes d&#8217;octubre. La tramitaci\u00f3 [&hellip;]","og_url":"https:\/\/www.fpecaixa.info\/ca\/adelanto-por-ere-y-reductor-fiscal\/","og_site_name":"Plan de Pensiones de Empleo (PC30)","article_published_time":"2023-09-06T13:14:59+00:00","article_modified_time":"2023-09-06T13:31:06+00:00","og_image":[{"width":1024,"height":767,"url":"https:\/\/www.fpecaixa.info\/wp-content\/uploads\/2023\/09\/1024px-Classic_alarm_clock_20180513.jpg","type":"image\/jpeg"}],"author":"ijhernandez","twitter_card":"summary_large_image","twitter_misc":{"Escrit per":"ijhernandez"},"schema":{"@context":"https:\/\/schema.org","@graph":[{"@type":"Article","@id":"https:\/\/www.fpecaixa.info\/ca\/adelanto-por-ere-y-reductor-fiscal\/#article","isPartOf":{"@id":"https:\/\/www.fpecaixa.info\/ca\/adelanto-por-ere-y-reductor-fiscal\/"},"author":{"name":"ijhernandez","@id":"https:\/\/www.fpecaixa.info\/#\/schema\/person\/aa69608ee32bb66f1154144f2e88b216"},"headline":"Avan\u00e7ament per ERO i Reductor Fiscal","datePublished":"2023-09-06T13:14:59+00:00","dateModified":"2023-09-06T13:31:06+00:00","mainEntityOfPage":{"@id":"https:\/\/www.fpecaixa.info\/ca\/adelanto-por-ere-y-reductor-fiscal\/"},"wordCount":105,"image":{"@id":"https:\/\/www.fpecaixa.info\/ca\/adelanto-por-ere-y-reductor-fiscal\/#primaryimage"},"thumbnailUrl":"https:\/\/www.fpecaixa.info\/wp-content\/uploads\/2023\/09\/1024px-Classic_alarm_clock_20180513.jpg","articleSection":["Destacades","Not\u00edcies"],"inLanguage":"ca"},{"@type":"WebPage","@id":"https:\/\/www.fpecaixa.info\/ca\/adelanto-por-ere-y-reductor-fiscal\/","url":"https:\/\/www.fpecaixa.info\/ca\/adelanto-por-ere-y-reductor-fiscal\/","name":"Avan\u00e7ament per ERO i Reductor Fiscal - Plan de Pensiones de Empleo (PC30)","isPartOf":{"@id":"https:\/\/www.fpecaixa.info\/#website"},"primaryImageOfPage":{"@id":"https:\/\/www.fpecaixa.info\/ca\/adelanto-por-ere-y-reductor-fiscal\/#primaryimage"},"image":{"@id":"https:\/\/www.fpecaixa.info\/ca\/adelanto-por-ere-y-reductor-fiscal\/#primaryimage"},"thumbnailUrl":"https:\/\/www.fpecaixa.info\/wp-content\/uploads\/2023\/09\/1024px-Classic_alarm_clock_20180513.jpg","datePublished":"2023-09-06T13:14:59+00:00","dateModified":"2023-09-06T13:31:06+00:00","author":{"@id":"https:\/\/www.fpecaixa.info\/#\/schema\/person\/aa69608ee32bb66f1154144f2e88b216"},"breadcrumb":{"@id":"https:\/\/www.fpecaixa.info\/ca\/adelanto-por-ere-y-reductor-fiscal\/#breadcrumb"},"inLanguage":"ca","potentialAction":[{"@type":"ReadAction","target":["https:\/\/www.fpecaixa.info\/ca\/adelanto-por-ere-y-reductor-fiscal\/"]}]},{"@type":"ImageObject","inLanguage":"ca","@id":"https:\/\/www.fpecaixa.info\/ca\/adelanto-por-ere-y-reductor-fiscal\/#primaryimage","url":"https:\/\/www.fpecaixa.info\/wp-content\/uploads\/2023\/09\/1024px-Classic_alarm_clock_20180513.jpg","contentUrl":"https:\/\/www.fpecaixa.info\/wp-content\/uploads\/2023\/09\/1024px-Classic_alarm_clock_20180513.jpg","width":1024,"height":767},{"@type":"BreadcrumbList","@id":"https:\/\/www.fpecaixa.info\/ca\/adelanto-por-ere-y-reductor-fiscal\/#breadcrumb","itemListElement":[{"@type":"ListItem","position":1,"name":"Inici","item":"https:\/\/www.fpecaixa.info\/ca\/"},{"@type":"ListItem","position":2,"name":"Destacades","item":"https:\/\/www.fpecaixa.info\/ca\/category\/destacades\/"},{"@type":"ListItem","position":3,"name":"Avan\u00e7ament per ERO i Reductor Fiscal"}]},{"@type":"WebSite","@id":"https:\/\/www.fpecaixa.info\/#website","url":"https:\/\/www.fpecaixa.info\/","name":"Plan de Pensiones de Empleo (PC30)","description":"Web informativa para el Plan de Pensiones de Empleo (PC30) de trabajadores de Caixabank","potentialAction":[{"@type":"SearchAction","target":{"@type":"EntryPoint","urlTemplate":"https:\/\/www.fpecaixa.info\/?s={search_term_string}"},"query-input":{"@type":"PropertyValueSpecification","valueRequired":true,"valueName":"search_term_string"}}],"inLanguage":"ca"},{"@type":"Person","@id":"https:\/\/www.fpecaixa.info\/#\/schema\/person\/aa69608ee32bb66f1154144f2e88b216","name":"ijhernandez","image":{"@type":"ImageObject","inLanguage":"ca","@id":"https:\/\/secure.gravatar.com\/avatar\/fc12ba80fe04063a2c363a116cf1b94dc0270db700aa98301e2345b84be9a049?s=96&d=mm&r=g","url":"https:\/\/secure.gravatar.com\/avatar\/fc12ba80fe04063a2c363a116cf1b94dc0270db700aa98301e2345b84be9a049?s=96&d=mm&r=g","contentUrl":"https:\/\/secure.gravatar.com\/avatar\/fc12ba80fe04063a2c363a116cf1b94dc0270db700aa98301e2345b84be9a049?s=96&d=mm&r=g","caption":"ijhernandez"},"url":"https:\/\/www.fpecaixa.info\/ca\/author\/ijhernandez\/"}]}},"_links":{"self":[{"href":"https:\/\/www.fpecaixa.info\/ca\/wp-json\/wp\/v2\/posts\/4957","targetHints":{"allow":["GET"]}}],"collection":[{"href":"https:\/\/www.fpecaixa.info\/ca\/wp-json\/wp\/v2\/posts"}],"about":[{"href":"https:\/\/www.fpecaixa.info\/ca\/wp-json\/wp\/v2\/types\/post"}],"author":[{"embeddable":true,"href":"https:\/\/www.fpecaixa.info\/ca\/wp-json\/wp\/v2\/users\/6"}],"replies":[{"embeddable":true,"href":"https:\/\/www.fpecaixa.info\/ca\/wp-json\/wp\/v2\/comments?post=4957"}],"version-history":[{"count":2,"href":"https:\/\/www.fpecaixa.info\/ca\/wp-json\/wp\/v2\/posts\/4957\/revisions"}],"predecessor-version":[{"id":4960,"href":"https:\/\/www.fpecaixa.info\/ca\/wp-json\/wp\/v2\/posts\/4957\/revisions\/4960"}],"wp:featuredmedia":[{"embeddable":true,"href":"https:\/\/www.fpecaixa.info\/ca\/wp-json\/wp\/v2\/media\/4954"}],"wp:attachment":[{"href":"https:\/\/www.fpecaixa.info\/ca\/wp-json\/wp\/v2\/media?parent=4957"}],"wp:term":[{"taxonomy":"category","embeddable":true,"href":"https:\/\/www.fpecaixa.info\/ca\/wp-json\/wp\/v2\/categories?post=4957"},{"taxonomy":"post_tag","embeddable":true,"href":"https:\/\/www.fpecaixa.info\/ca\/wp-json\/wp\/v2\/tags?post=4957"}],"curies":[{"name":"wp","href":"https:\/\/api.w.org\/{rel}","templated":true}]}}