{"id":5249,"date":"2024-05-08T15:02:15","date_gmt":"2024-05-08T15:02:15","guid":{"rendered":"https:\/\/www.fpecaixa.info\/esdeveniment-en-linia-pc30-2024-per-a-participis-i-beneficiaris\/"},"modified":"2024-05-09T06:49:36","modified_gmt":"2024-05-09T06:49:36","slug":"esdeveniment-en-linia-pc30-2024-per-a-participis-i-beneficiaris","status":"publish","type":"post","link":"https:\/\/www.fpecaixa.info\/ca\/esdeveniment-en-linia-pc30-2024-per-a-participis-i-beneficiaris\/","title":{"rendered":"EVENT en l\u00ednia PC30 per a part\u00edcips i beneficiaris"},"content":{"rendered":"\n<p>Ja est\u00e0 obert el termini d&#8217;inscripci\u00f3 per a l&#8217;esdeveniment anual de Part\u00edcips i Beneficiaris del Pla de Pensions d&#8217;Ocupaci\u00f3 de CaixaBank, que se celebrar\u00e0,<strong>de manera telem\u00e1tica, el pr\u00f2xim 29 de maig a les 16.30<\/strong> <strong>hores.<\/strong><\/p>\n\n<p>Des de la Comissi\u00f3 de Control de PC30 et convidem a assistir! \ud83d\ude0a <a href=\"https:\/\/event.meetmaps.com\/pc30\/es\/info\" target=\"_blank\" rel=\"noreferrer noopener\">Inscriu-te <strong>aqu\u00ed !<\/strong><\/a><\/p>\n\n<figure class=\"wp-block-video\"><video height=\"1080\" style=\"aspect-ratio: 1920 \/ 1080;\" width=\"1920\" controls=\"\" src=\"http:\/\/www.fpecaixa.info\/wp-content\/uploads\/2024\/05\/caix_pc30_video_promo_v2_con_descarga-1080p.mp4\"><\/video><\/figure>\n\n<figure class=\"wp-block-image size-large\"><img loading=\"lazy\" decoding=\"async\" width=\"1024\" height=\"617\" src=\"http:\/\/www.fpecaixa.info\/wp-content\/uploads\/2024\/05\/Evento-PC30-2024-2-1024x617.png\" alt=\"\" class=\"wp-image-5238\" srcset=\"https:\/\/www.fpecaixa.info\/wp-content\/uploads\/2024\/05\/Evento-PC30-2024-2-1024x617.png 1024w, https:\/\/www.fpecaixa.info\/wp-content\/uploads\/2024\/05\/Evento-PC30-2024-2-300x181.png 300w, https:\/\/www.fpecaixa.info\/wp-content\/uploads\/2024\/05\/Evento-PC30-2024-2-768x463.png 768w, https:\/\/www.fpecaixa.info\/wp-content\/uploads\/2024\/05\/Evento-PC30-2024-2.png 1334w\" sizes=\"auto, (max-width: 1024px) 100vw, 1024px\" \/><\/figure>\n\n<p><\/p>\n","protected":false},"excerpt":{"rendered":"<p>Ja est\u00e0 obert el termini d&#8217;inscripci\u00f3 per a l&#8217;esdeveniment anual de Part\u00edcips i Beneficiaris del Pla de Pensions d&#8217;Ocupaci\u00f3 de CaixaBank, que se celebrar\u00e0,de manera telem\u00e1tica, el pr\u00f2xim 29 de maig a les 16.30 hores. Des de la Comissi\u00f3 de Control de PC30 et convidem a assistir! \ud83d\ude0a Inscriu-te aqu\u00ed !<\/p>\n","protected":false},"author":11,"featured_media":0,"comment_status":"closed","ping_status":"open","sticky":false,"template":"","format":"standard","meta":{"_acf_changed":false,"_monsterinsights_skip_tracking":false,"_monsterinsights_sitenote_active":false,"_monsterinsights_sitenote_note":"","_monsterinsights_sitenote_category":0,"footnotes":""},"categories":[37,56,10,57,1],"tags":[],"class_list":["post-5249","post","type-post","status-publish","format-standard","hentry","category-destacadas","category-destacades","category-noticias","category-noticies","category-sin-categorizar"],"acf":[],"yoast_head":"<!-- This site is optimized with the Yoast SEO plugin v27.5 - https:\/\/yoast.com\/product\/yoast-seo-wordpress\/ -->\n<title>EVENT en l\u00ednia PC30 per a part\u00edcips i beneficiaris - Plan de Pensiones de Empleo (PC30)<\/title>\n<meta name=\"robots\" content=\"index, follow, max-snippet:-1, max-image-preview:large, max-video-preview:-1\" \/>\n<link rel=\"canonical\" href=\"https:\/\/www.fpecaixa.info\/ca\/esdeveniment-en-linia-pc30-2024-per-a-participis-i-beneficiaris\/\" \/>\n<meta property=\"og:locale\" content=\"ca_ES\" \/>\n<meta property=\"og:type\" content=\"article\" \/>\n<meta property=\"og:title\" content=\"EVENT en l\u00ednia PC30 per a part\u00edcips i beneficiaris - Plan de Pensiones de Empleo (PC30)\" \/>\n<meta property=\"og:description\" content=\"Ja est\u00e0 obert el termini d&#8217;inscripci\u00f3 per a l&#8217;esdeveniment anual de Part\u00edcips i Beneficiaris del Pla de Pensions d&#8217;Ocupaci\u00f3 de CaixaBank, que se celebrar\u00e0,de manera telem\u00e1tica, el pr\u00f2xim 29 de maig a les 16.30 hores. Des de la Comissi\u00f3 de Control de PC30 et convidem a assistir! \ud83d\ude0a Inscriu-te aqu\u00ed !\" \/>\n<meta property=\"og:url\" content=\"https:\/\/www.fpecaixa.info\/ca\/esdeveniment-en-linia-pc30-2024-per-a-participis-i-beneficiaris\/\" \/>\n<meta property=\"og:site_name\" content=\"Plan de Pensiones de Empleo (PC30)\" \/>\n<meta property=\"article:published_time\" content=\"2024-05-08T15:02:15+00:00\" \/>\n<meta property=\"article:modified_time\" content=\"2024-05-09T06:49:36+00:00\" \/>\n<meta property=\"og:image\" content=\"http:\/\/www.fpecaixa.info\/wp-content\/uploads\/2024\/05\/Evento-PC30-2024-2-1024x617.png\" \/>\n<meta name=\"author\" content=\"yblanch\" \/>\n<meta name=\"twitter:card\" content=\"summary_large_image\" \/>\n<meta name=\"twitter:label1\" content=\"Escrit per\" \/>\n\t<meta name=\"twitter:data1\" content=\"yblanch\" \/>\n<script type=\"application\/ld+json\" class=\"yoast-schema-graph\">{\"@context\":\"https:\\\/\\\/schema.org\",\"@graph\":[{\"@type\":\"Article\",\"@id\":\"https:\\\/\\\/www.fpecaixa.info\\\/ca\\\/esdeveniment-en-linia-pc30-2024-per-a-participis-i-beneficiaris\\\/#article\",\"isPartOf\":{\"@id\":\"https:\\\/\\\/www.fpecaixa.info\\\/ca\\\/esdeveniment-en-linia-pc30-2024-per-a-participis-i-beneficiaris\\\/\"},\"author\":{\"name\":\"yblanch\",\"@id\":\"https:\\\/\\\/www.fpecaixa.info\\\/#\\\/schema\\\/person\\\/276aa8e6247bc28c8f474b3e30c15c99\"},\"headline\":\"EVENT en l\u00ednia PC30 per a part\u00edcips i beneficiaris\",\"datePublished\":\"2024-05-08T15:02:15+00:00\",\"dateModified\":\"2024-05-09T06:49:36+00:00\",\"mainEntityOfPage\":{\"@id\":\"https:\\\/\\\/www.fpecaixa.info\\\/ca\\\/esdeveniment-en-linia-pc30-2024-per-a-participis-i-beneficiaris\\\/\"},\"wordCount\":62,\"image\":{\"@id\":\"https:\\\/\\\/www.fpecaixa.info\\\/ca\\\/esdeveniment-en-linia-pc30-2024-per-a-participis-i-beneficiaris\\\/#primaryimage\"},\"thumbnailUrl\":\"http:\\\/\\\/www.fpecaixa.info\\\/wp-content\\\/uploads\\\/2024\\\/05\\\/Evento-PC30-2024-2-1024x617.png\",\"articleSection\":[\"Destacadas\",\"Destacades\",\"Noticias\",\"Not\u00edcies\",\"Sin categorizar\"],\"inLanguage\":\"ca\"},{\"@type\":\"WebPage\",\"@id\":\"https:\\\/\\\/www.fpecaixa.info\\\/ca\\\/esdeveniment-en-linia-pc30-2024-per-a-participis-i-beneficiaris\\\/\",\"url\":\"https:\\\/\\\/www.fpecaixa.info\\\/ca\\\/esdeveniment-en-linia-pc30-2024-per-a-participis-i-beneficiaris\\\/\",\"name\":\"EVENT en l\u00ednia PC30 per a part\u00edcips i beneficiaris - Plan de Pensiones de Empleo (PC30)\",\"isPartOf\":{\"@id\":\"https:\\\/\\\/www.fpecaixa.info\\\/#website\"},\"primaryImageOfPage\":{\"@id\":\"https:\\\/\\\/www.fpecaixa.info\\\/ca\\\/esdeveniment-en-linia-pc30-2024-per-a-participis-i-beneficiaris\\\/#primaryimage\"},\"image\":{\"@id\":\"https:\\\/\\\/www.fpecaixa.info\\\/ca\\\/esdeveniment-en-linia-pc30-2024-per-a-participis-i-beneficiaris\\\/#primaryimage\"},\"thumbnailUrl\":\"http:\\\/\\\/www.fpecaixa.info\\\/wp-content\\\/uploads\\\/2024\\\/05\\\/Evento-PC30-2024-2-1024x617.png\",\"datePublished\":\"2024-05-08T15:02:15+00:00\",\"dateModified\":\"2024-05-09T06:49:36+00:00\",\"author\":{\"@id\":\"https:\\\/\\\/www.fpecaixa.info\\\/#\\\/schema\\\/person\\\/276aa8e6247bc28c8f474b3e30c15c99\"},\"breadcrumb\":{\"@id\":\"https:\\\/\\\/www.fpecaixa.info\\\/ca\\\/esdeveniment-en-linia-pc30-2024-per-a-participis-i-beneficiaris\\\/#breadcrumb\"},\"inLanguage\":\"ca\",\"potentialAction\":[{\"@type\":\"ReadAction\",\"target\":[\"https:\\\/\\\/www.fpecaixa.info\\\/ca\\\/esdeveniment-en-linia-pc30-2024-per-a-participis-i-beneficiaris\\\/\"]}]},{\"@type\":\"ImageObject\",\"inLanguage\":\"ca\",\"@id\":\"https:\\\/\\\/www.fpecaixa.info\\\/ca\\\/esdeveniment-en-linia-pc30-2024-per-a-participis-i-beneficiaris\\\/#primaryimage\",\"url\":\"http:\\\/\\\/www.fpecaixa.info\\\/wp-content\\\/uploads\\\/2024\\\/05\\\/Evento-PC30-2024-2-1024x617.png\",\"contentUrl\":\"http:\\\/\\\/www.fpecaixa.info\\\/wp-content\\\/uploads\\\/2024\\\/05\\\/Evento-PC30-2024-2-1024x617.png\"},{\"@type\":\"BreadcrumbList\",\"@id\":\"https:\\\/\\\/www.fpecaixa.info\\\/ca\\\/esdeveniment-en-linia-pc30-2024-per-a-participis-i-beneficiaris\\\/#breadcrumb\",\"itemListElement\":[{\"@type\":\"ListItem\",\"position\":1,\"name\":\"Inici\",\"item\":\"https:\\\/\\\/www.fpecaixa.info\\\/ca\\\/\"},{\"@type\":\"ListItem\",\"position\":2,\"name\":\"Noticias\",\"item\":\"https:\\\/\\\/www.fpecaixa.info\\\/category\\\/noticias\\\/\"},{\"@type\":\"ListItem\",\"position\":3,\"name\":\"EVENT en l\u00ednia PC30 per a part\u00edcips i beneficiaris\"}]},{\"@type\":\"WebSite\",\"@id\":\"https:\\\/\\\/www.fpecaixa.info\\\/#website\",\"url\":\"https:\\\/\\\/www.fpecaixa.info\\\/\",\"name\":\"Plan de Pensiones de Empleo (PC30)\",\"description\":\"Web informativa para el Plan de Pensiones de Empleo (PC30) de trabajadores de Caixabank\",\"potentialAction\":[{\"@type\":\"SearchAction\",\"target\":{\"@type\":\"EntryPoint\",\"urlTemplate\":\"https:\\\/\\\/www.fpecaixa.info\\\/?s={search_term_string}\"},\"query-input\":{\"@type\":\"PropertyValueSpecification\",\"valueRequired\":true,\"valueName\":\"search_term_string\"}}],\"inLanguage\":\"ca\"},{\"@type\":\"Person\",\"@id\":\"https:\\\/\\\/www.fpecaixa.info\\\/#\\\/schema\\\/person\\\/276aa8e6247bc28c8f474b3e30c15c99\",\"name\":\"yblanch\",\"image\":{\"@type\":\"ImageObject\",\"inLanguage\":\"ca\",\"@id\":\"https:\\\/\\\/secure.gravatar.com\\\/avatar\\\/cf47a2caaa03985056d0c2f0c334709ce05432979b4a5332a281a6514e472491?s=96&d=mm&r=g\",\"url\":\"https:\\\/\\\/secure.gravatar.com\\\/avatar\\\/cf47a2caaa03985056d0c2f0c334709ce05432979b4a5332a281a6514e472491?s=96&d=mm&r=g\",\"contentUrl\":\"https:\\\/\\\/secure.gravatar.com\\\/avatar\\\/cf47a2caaa03985056d0c2f0c334709ce05432979b4a5332a281a6514e472491?s=96&d=mm&r=g\",\"caption\":\"yblanch\"},\"url\":\"https:\\\/\\\/www.fpecaixa.info\\\/ca\\\/author\\\/yblanch\\\/\"}]}<\/script>\n<!-- \/ Yoast SEO plugin. -->","yoast_head_json":{"title":"EVENT en l\u00ednia PC30 per a part\u00edcips i beneficiaris - Plan de Pensiones de Empleo (PC30)","robots":{"index":"index","follow":"follow","max-snippet":"max-snippet:-1","max-image-preview":"max-image-preview:large","max-video-preview":"max-video-preview:-1"},"canonical":"https:\/\/www.fpecaixa.info\/ca\/esdeveniment-en-linia-pc30-2024-per-a-participis-i-beneficiaris\/","og_locale":"ca_ES","og_type":"article","og_title":"EVENT en l\u00ednia PC30 per a part\u00edcips i beneficiaris - Plan de Pensiones de Empleo (PC30)","og_description":"Ja est\u00e0 obert el termini d&#8217;inscripci\u00f3 per a l&#8217;esdeveniment anual de Part\u00edcips i Beneficiaris del Pla de Pensions d&#8217;Ocupaci\u00f3 de CaixaBank, que se celebrar\u00e0,de manera telem\u00e1tica, el pr\u00f2xim 29 de maig a les 16.30 hores. Des de la Comissi\u00f3 de Control de PC30 et convidem a assistir! \ud83d\ude0a Inscriu-te aqu\u00ed !","og_url":"https:\/\/www.fpecaixa.info\/ca\/esdeveniment-en-linia-pc30-2024-per-a-participis-i-beneficiaris\/","og_site_name":"Plan de Pensiones de Empleo (PC30)","article_published_time":"2024-05-08T15:02:15+00:00","article_modified_time":"2024-05-09T06:49:36+00:00","og_image":[{"url":"http:\/\/www.fpecaixa.info\/wp-content\/uploads\/2024\/05\/Evento-PC30-2024-2-1024x617.png","type":"","width":"","height":""}],"author":"yblanch","twitter_card":"summary_large_image","twitter_misc":{"Escrit per":"yblanch"},"schema":{"@context":"https:\/\/schema.org","@graph":[{"@type":"Article","@id":"https:\/\/www.fpecaixa.info\/ca\/esdeveniment-en-linia-pc30-2024-per-a-participis-i-beneficiaris\/#article","isPartOf":{"@id":"https:\/\/www.fpecaixa.info\/ca\/esdeveniment-en-linia-pc30-2024-per-a-participis-i-beneficiaris\/"},"author":{"name":"yblanch","@id":"https:\/\/www.fpecaixa.info\/#\/schema\/person\/276aa8e6247bc28c8f474b3e30c15c99"},"headline":"EVENT en l\u00ednia PC30 per a part\u00edcips i beneficiaris","datePublished":"2024-05-08T15:02:15+00:00","dateModified":"2024-05-09T06:49:36+00:00","mainEntityOfPage":{"@id":"https:\/\/www.fpecaixa.info\/ca\/esdeveniment-en-linia-pc30-2024-per-a-participis-i-beneficiaris\/"},"wordCount":62,"image":{"@id":"https:\/\/www.fpecaixa.info\/ca\/esdeveniment-en-linia-pc30-2024-per-a-participis-i-beneficiaris\/#primaryimage"},"thumbnailUrl":"http:\/\/www.fpecaixa.info\/wp-content\/uploads\/2024\/05\/Evento-PC30-2024-2-1024x617.png","articleSection":["Destacadas","Destacades","Noticias","Not\u00edcies","Sin categorizar"],"inLanguage":"ca"},{"@type":"WebPage","@id":"https:\/\/www.fpecaixa.info\/ca\/esdeveniment-en-linia-pc30-2024-per-a-participis-i-beneficiaris\/","url":"https:\/\/www.fpecaixa.info\/ca\/esdeveniment-en-linia-pc30-2024-per-a-participis-i-beneficiaris\/","name":"EVENT en l\u00ednia PC30 per a part\u00edcips i beneficiaris - Plan de Pensiones de Empleo (PC30)","isPartOf":{"@id":"https:\/\/www.fpecaixa.info\/#website"},"primaryImageOfPage":{"@id":"https:\/\/www.fpecaixa.info\/ca\/esdeveniment-en-linia-pc30-2024-per-a-participis-i-beneficiaris\/#primaryimage"},"image":{"@id":"https:\/\/www.fpecaixa.info\/ca\/esdeveniment-en-linia-pc30-2024-per-a-participis-i-beneficiaris\/#primaryimage"},"thumbnailUrl":"http:\/\/www.fpecaixa.info\/wp-content\/uploads\/2024\/05\/Evento-PC30-2024-2-1024x617.png","datePublished":"2024-05-08T15:02:15+00:00","dateModified":"2024-05-09T06:49:36+00:00","author":{"@id":"https:\/\/www.fpecaixa.info\/#\/schema\/person\/276aa8e6247bc28c8f474b3e30c15c99"},"breadcrumb":{"@id":"https:\/\/www.fpecaixa.info\/ca\/esdeveniment-en-linia-pc30-2024-per-a-participis-i-beneficiaris\/#breadcrumb"},"inLanguage":"ca","potentialAction":[{"@type":"ReadAction","target":["https:\/\/www.fpecaixa.info\/ca\/esdeveniment-en-linia-pc30-2024-per-a-participis-i-beneficiaris\/"]}]},{"@type":"ImageObject","inLanguage":"ca","@id":"https:\/\/www.fpecaixa.info\/ca\/esdeveniment-en-linia-pc30-2024-per-a-participis-i-beneficiaris\/#primaryimage","url":"http:\/\/www.fpecaixa.info\/wp-content\/uploads\/2024\/05\/Evento-PC30-2024-2-1024x617.png","contentUrl":"http:\/\/www.fpecaixa.info\/wp-content\/uploads\/2024\/05\/Evento-PC30-2024-2-1024x617.png"},{"@type":"BreadcrumbList","@id":"https:\/\/www.fpecaixa.info\/ca\/esdeveniment-en-linia-pc30-2024-per-a-participis-i-beneficiaris\/#breadcrumb","itemListElement":[{"@type":"ListItem","position":1,"name":"Inici","item":"https:\/\/www.fpecaixa.info\/ca\/"},{"@type":"ListItem","position":2,"name":"Noticias","item":"https:\/\/www.fpecaixa.info\/category\/noticias\/"},{"@type":"ListItem","position":3,"name":"EVENT en l\u00ednia PC30 per a part\u00edcips i beneficiaris"}]},{"@type":"WebSite","@id":"https:\/\/www.fpecaixa.info\/#website","url":"https:\/\/www.fpecaixa.info\/","name":"Plan de Pensiones de Empleo (PC30)","description":"Web informativa para el Plan de Pensiones de Empleo (PC30) de trabajadores de Caixabank","potentialAction":[{"@type":"SearchAction","target":{"@type":"EntryPoint","urlTemplate":"https:\/\/www.fpecaixa.info\/?s={search_term_string}"},"query-input":{"@type":"PropertyValueSpecification","valueRequired":true,"valueName":"search_term_string"}}],"inLanguage":"ca"},{"@type":"Person","@id":"https:\/\/www.fpecaixa.info\/#\/schema\/person\/276aa8e6247bc28c8f474b3e30c15c99","name":"yblanch","image":{"@type":"ImageObject","inLanguage":"ca","@id":"https:\/\/secure.gravatar.com\/avatar\/cf47a2caaa03985056d0c2f0c334709ce05432979b4a5332a281a6514e472491?s=96&d=mm&r=g","url":"https:\/\/secure.gravatar.com\/avatar\/cf47a2caaa03985056d0c2f0c334709ce05432979b4a5332a281a6514e472491?s=96&d=mm&r=g","contentUrl":"https:\/\/secure.gravatar.com\/avatar\/cf47a2caaa03985056d0c2f0c334709ce05432979b4a5332a281a6514e472491?s=96&d=mm&r=g","caption":"yblanch"},"url":"https:\/\/www.fpecaixa.info\/ca\/author\/yblanch\/"}]}},"_links":{"self":[{"href":"https:\/\/www.fpecaixa.info\/ca\/wp-json\/wp\/v2\/posts\/5249","targetHints":{"allow":["GET"]}}],"collection":[{"href":"https:\/\/www.fpecaixa.info\/ca\/wp-json\/wp\/v2\/posts"}],"about":[{"href":"https:\/\/www.fpecaixa.info\/ca\/wp-json\/wp\/v2\/types\/post"}],"author":[{"embeddable":true,"href":"https:\/\/www.fpecaixa.info\/ca\/wp-json\/wp\/v2\/users\/11"}],"replies":[{"embeddable":true,"href":"https:\/\/www.fpecaixa.info\/ca\/wp-json\/wp\/v2\/comments?post=5249"}],"version-history":[{"count":2,"href":"https:\/\/www.fpecaixa.info\/ca\/wp-json\/wp\/v2\/posts\/5249\/revisions"}],"predecessor-version":[{"id":5252,"href":"https:\/\/www.fpecaixa.info\/ca\/wp-json\/wp\/v2\/posts\/5249\/revisions\/5252"}],"wp:attachment":[{"href":"https:\/\/www.fpecaixa.info\/ca\/wp-json\/wp\/v2\/media?parent=5249"}],"wp:term":[{"taxonomy":"category","embeddable":true,"href":"https:\/\/www.fpecaixa.info\/ca\/wp-json\/wp\/v2\/categories?post=5249"},{"taxonomy":"post_tag","embeddable":true,"href":"https:\/\/www.fpecaixa.info\/ca\/wp-json\/wp\/v2\/tags?post=5249"}],"curies":[{"name":"wp","href":"https:\/\/api.w.org\/{rel}","templated":true}]}}