{"id":5613,"date":"2025-05-22T09:50:00","date_gmt":"2025-05-22T09:50:00","guid":{"rendered":"https:\/\/www.fpecaixa.info\/celebramos-25-anos-creciendo-juntos-una-historia-compartida\/"},"modified":"2026-02-19T10:08:29","modified_gmt":"2026-02-19T10:08:29","slug":"celebrem-25-anys-creixent-junts-una-historia-compartida","status":"publish","type":"post","link":"https:\/\/www.fpecaixa.info\/ca\/celebrem-25-anys-creixent-junts-una-historia-compartida\/","title":{"rendered":"Celebrem 25 anys creixent junts: una hist\u00f2ria compartida"},"content":{"rendered":"\n<p>El 2025 celebrem el 25\u00e8 aniversari del Pla de Pensions d&#8217;Ocupaci\u00f3 de CaixaBank. Un quart de segle on hem recorregut un cam\u00ed conjunt amb milers de part\u00edcips i beneficiaris, construint, dia a dia, un projecte de previsi\u00f3 social complement\u00e0ria, que avui \u00e9s un referent dins del segon pilar del sistema de pensions d&#8217;ocupaci\u00f3 a Espanya. <\/p>\n\n\n\n<p>Volem aprofitar aquest esdeveniment per mirar enrere i compartir, a trav\u00e9s d&#8217;aquesta infografia commemorativa, algunes de les fites m\u00e9s destacades de la nostra hist\u00f2ria: des de l&#8217;acord fundacional de juliol de l&#8217;any 2000, que va donar lloc al Fons de Pensions (PC30) ia la creaci\u00f3 de l&#8217;Oficina del Part\u00edcip, fins als aven\u00e7os m\u00e9s recents per a fer-nos aportacions volunt\u00e0ries que han fet aportacions volunt\u00e0ries.<\/p>\n\n\n\n<p>Darrere de cada xifra hi ha persones, decisions compartides, comprom\u00eds col\u00b7lectiu i un prop\u00f2sit clar: oferir estabilitat, seguretat i benestar per al nostre col\u00b7lectiu. Aquest recorregut no hauria estat possible sense la implicaci\u00f3 de totes les persones que formen part del Pla: part\u00edcips i beneficiaris, sindicats, promotor, entitat gestora i diferents assessors, interns i externs, entre d&#8217;altres. Tothom ha contribu\u00eft a convertir el PC30 en un Pla de Pensions d&#8217;Ocupaci\u00f3 s\u00f2lid, sostenible i socialment responsable, amb visi\u00f3 a llarg termini.  <\/p>\n\n\n\n<p>Gr\u00e0cies per formar part d\u00b4aquesta hist\u00f2ria. Continuem creixent junts, compromesos amb tu, projectant el teu futur. <\/p>\n\n\n\n<figure class=\"wp-block-image size-large\"><img loading=\"lazy\" decoding=\"async\" width=\"1024\" height=\"795\" src=\"https:\/\/www.fpecaixa.info\/wp-content\/uploads\/2025\/04\/image-1-1024x795.png\" alt=\"\" class=\"wp-image-5619\" srcset=\"https:\/\/www.fpecaixa.info\/wp-content\/uploads\/2025\/04\/image-1-1024x795.png 1024w, https:\/\/www.fpecaixa.info\/wp-content\/uploads\/2025\/04\/image-1-300x233.png 300w, https:\/\/www.fpecaixa.info\/wp-content\/uploads\/2025\/04\/image-1-768x596.png 768w, https:\/\/www.fpecaixa.info\/wp-content\/uploads\/2025\/04\/image-1.png 1176w\" sizes=\"auto, (max-width: 1024px) 100vw, 1024px\" \/><\/figure>\n","protected":false},"excerpt":{"rendered":"<p>El 2025 celebrem el 25\u00e8 aniversari del Pla de Pensions d&#8217;Ocupaci\u00f3 de CaixaBank. Un quart de segle on hem recorregut un cam\u00ed conjunt amb milers de part\u00edcips i beneficiaris, construint, dia a dia, un projecte de previsi\u00f3 social complement\u00e0ria, que avui \u00e9s un referent dins del segon pilar del sistema de pensions d&#8217;ocupaci\u00f3 a Espanya. [&hellip;]<\/p>\n","protected":false},"author":13,"featured_media":0,"comment_status":"closed","ping_status":"open","sticky":false,"template":"","format":"standard","meta":{"_acf_changed":false,"_monsterinsights_skip_tracking":false,"_monsterinsights_sitenote_active":false,"_monsterinsights_sitenote_note":"","_monsterinsights_sitenote_category":0,"footnotes":""},"categories":[57],"tags":[],"class_list":["post-5613","post","type-post","status-publish","format-standard","hentry","category-noticies"],"acf":[],"yoast_head":"<!-- This site is optimized with the Yoast SEO plugin v27.5 - https:\/\/yoast.com\/product\/yoast-seo-wordpress\/ -->\n<title>Celebrem 25 anys creixent junts: una hist\u00f2ria compartida - Plan de Pensiones de Empleo (PC30)<\/title>\n<meta name=\"robots\" content=\"index, follow, max-snippet:-1, max-image-preview:large, max-video-preview:-1\" \/>\n<link rel=\"canonical\" href=\"https:\/\/www.fpecaixa.info\/ca\/celebrem-25-anys-creixent-junts-una-historia-compartida\/\" \/>\n<meta property=\"og:locale\" content=\"ca_ES\" \/>\n<meta property=\"og:type\" content=\"article\" \/>\n<meta property=\"og:title\" content=\"Celebrem 25 anys creixent junts: una hist\u00f2ria compartida - Plan de Pensiones de Empleo (PC30)\" \/>\n<meta property=\"og:description\" content=\"El 2025 celebrem el 25\u00e8 aniversari del Pla de Pensions d&#8217;Ocupaci\u00f3 de CaixaBank. Un quart de segle on hem recorregut un cam\u00ed conjunt amb milers de part\u00edcips i beneficiaris, construint, dia a dia, un projecte de previsi\u00f3 social complement\u00e0ria, que avui \u00e9s un referent dins del segon pilar del sistema de pensions d&#8217;ocupaci\u00f3 a Espanya. [&hellip;]\" \/>\n<meta property=\"og:url\" content=\"https:\/\/www.fpecaixa.info\/ca\/celebrem-25-anys-creixent-junts-una-historia-compartida\/\" \/>\n<meta property=\"og:site_name\" content=\"Plan de Pensiones de Empleo (PC30)\" \/>\n<meta property=\"article:published_time\" content=\"2025-05-22T09:50:00+00:00\" \/>\n<meta property=\"article:modified_time\" content=\"2026-02-19T10:08:29+00:00\" \/>\n<meta property=\"og:image\" content=\"https:\/\/www.fpecaixa.info\/wp-content\/uploads\/2025\/04\/image.png\" \/>\n\t<meta property=\"og:image:width\" content=\"1223\" \/>\n\t<meta property=\"og:image:height\" content=\"915\" \/>\n\t<meta property=\"og:image:type\" content=\"image\/png\" \/>\n<meta name=\"author\" content=\"jordiribalta\" \/>\n<meta name=\"twitter:card\" content=\"summary_large_image\" \/>\n<meta name=\"twitter:label1\" content=\"Escrit per\" \/>\n\t<meta name=\"twitter:data1\" content=\"jordiribalta\" \/>\n\t<meta name=\"twitter:label2\" content=\"Temps estimat de lectura\" \/>\n\t<meta name=\"twitter:data2\" content=\"2 minuts\" \/>\n<script type=\"application\/ld+json\" class=\"yoast-schema-graph\">{\"@context\":\"https:\\\/\\\/schema.org\",\"@graph\":[{\"@type\":\"Article\",\"@id\":\"https:\\\/\\\/www.fpecaixa.info\\\/ca\\\/celebrem-25-anys-creixent-junts-una-historia-compartida\\\/#article\",\"isPartOf\":{\"@id\":\"https:\\\/\\\/www.fpecaixa.info\\\/ca\\\/celebrem-25-anys-creixent-junts-una-historia-compartida\\\/\"},\"author\":{\"name\":\"jordiribalta\",\"@id\":\"https:\\\/\\\/www.fpecaixa.info\\\/#\\\/schema\\\/person\\\/ea7617a21b22b88853892a4589c984ee\"},\"headline\":\"Celebrem 25 anys creixent junts: una hist\u00f2ria compartida\",\"datePublished\":\"2025-05-22T09:50:00+00:00\",\"dateModified\":\"2026-02-19T10:08:29+00:00\",\"mainEntityOfPage\":{\"@id\":\"https:\\\/\\\/www.fpecaixa.info\\\/ca\\\/celebrem-25-anys-creixent-junts-una-historia-compartida\\\/\"},\"wordCount\":240,\"image\":{\"@id\":\"https:\\\/\\\/www.fpecaixa.info\\\/ca\\\/celebrem-25-anys-creixent-junts-una-historia-compartida\\\/#primaryimage\"},\"thumbnailUrl\":\"https:\\\/\\\/www.fpecaixa.info\\\/wp-content\\\/uploads\\\/2025\\\/04\\\/image-1-1024x795.png\",\"articleSection\":[\"Not\u00edcies\"],\"inLanguage\":\"ca\"},{\"@type\":\"WebPage\",\"@id\":\"https:\\\/\\\/www.fpecaixa.info\\\/ca\\\/celebrem-25-anys-creixent-junts-una-historia-compartida\\\/\",\"url\":\"https:\\\/\\\/www.fpecaixa.info\\\/ca\\\/celebrem-25-anys-creixent-junts-una-historia-compartida\\\/\",\"name\":\"Celebrem 25 anys creixent junts: una hist\u00f2ria compartida - Plan de Pensiones de Empleo (PC30)\",\"isPartOf\":{\"@id\":\"https:\\\/\\\/www.fpecaixa.info\\\/#website\"},\"primaryImageOfPage\":{\"@id\":\"https:\\\/\\\/www.fpecaixa.info\\\/ca\\\/celebrem-25-anys-creixent-junts-una-historia-compartida\\\/#primaryimage\"},\"image\":{\"@id\":\"https:\\\/\\\/www.fpecaixa.info\\\/ca\\\/celebrem-25-anys-creixent-junts-una-historia-compartida\\\/#primaryimage\"},\"thumbnailUrl\":\"https:\\\/\\\/www.fpecaixa.info\\\/wp-content\\\/uploads\\\/2025\\\/04\\\/image-1-1024x795.png\",\"datePublished\":\"2025-05-22T09:50:00+00:00\",\"dateModified\":\"2026-02-19T10:08:29+00:00\",\"author\":{\"@id\":\"https:\\\/\\\/www.fpecaixa.info\\\/#\\\/schema\\\/person\\\/ea7617a21b22b88853892a4589c984ee\"},\"breadcrumb\":{\"@id\":\"https:\\\/\\\/www.fpecaixa.info\\\/ca\\\/celebrem-25-anys-creixent-junts-una-historia-compartida\\\/#breadcrumb\"},\"inLanguage\":\"ca\",\"potentialAction\":[{\"@type\":\"ReadAction\",\"target\":[\"https:\\\/\\\/www.fpecaixa.info\\\/ca\\\/celebrem-25-anys-creixent-junts-una-historia-compartida\\\/\"]}]},{\"@type\":\"ImageObject\",\"inLanguage\":\"ca\",\"@id\":\"https:\\\/\\\/www.fpecaixa.info\\\/ca\\\/celebrem-25-anys-creixent-junts-una-historia-compartida\\\/#primaryimage\",\"url\":\"https:\\\/\\\/www.fpecaixa.info\\\/wp-content\\\/uploads\\\/2025\\\/04\\\/image-1-1024x795.png\",\"contentUrl\":\"https:\\\/\\\/www.fpecaixa.info\\\/wp-content\\\/uploads\\\/2025\\\/04\\\/image-1-1024x795.png\"},{\"@type\":\"BreadcrumbList\",\"@id\":\"https:\\\/\\\/www.fpecaixa.info\\\/ca\\\/celebrem-25-anys-creixent-junts-una-historia-compartida\\\/#breadcrumb\",\"itemListElement\":[{\"@type\":\"ListItem\",\"position\":1,\"name\":\"Inici\",\"item\":\"https:\\\/\\\/www.fpecaixa.info\\\/ca\\\/\"},{\"@type\":\"ListItem\",\"position\":2,\"name\":\"Noticias\",\"item\":\"https:\\\/\\\/www.fpecaixa.info\\\/category\\\/noticias\\\/\"},{\"@type\":\"ListItem\",\"position\":3,\"name\":\"Celebrem 25 anys creixent junts: una hist\u00f2ria compartida\"}]},{\"@type\":\"WebSite\",\"@id\":\"https:\\\/\\\/www.fpecaixa.info\\\/#website\",\"url\":\"https:\\\/\\\/www.fpecaixa.info\\\/\",\"name\":\"Plan de Pensiones de Empleo (PC30)\",\"description\":\"Web informativa para el Plan de Pensiones de Empleo (PC30) de trabajadores de Caixabank\",\"potentialAction\":[{\"@type\":\"SearchAction\",\"target\":{\"@type\":\"EntryPoint\",\"urlTemplate\":\"https:\\\/\\\/www.fpecaixa.info\\\/?s={search_term_string}\"},\"query-input\":{\"@type\":\"PropertyValueSpecification\",\"valueRequired\":true,\"valueName\":\"search_term_string\"}}],\"inLanguage\":\"ca\"},{\"@type\":\"Person\",\"@id\":\"https:\\\/\\\/www.fpecaixa.info\\\/#\\\/schema\\\/person\\\/ea7617a21b22b88853892a4589c984ee\",\"name\":\"jordiribalta\",\"image\":{\"@type\":\"ImageObject\",\"inLanguage\":\"ca\",\"@id\":\"https:\\\/\\\/secure.gravatar.com\\\/avatar\\\/f3039b9127f7ef0a1b553d469503459c2a8efe418ec041aa3e3a9f1a3a5b46e6?s=96&d=mm&r=g\",\"url\":\"https:\\\/\\\/secure.gravatar.com\\\/avatar\\\/f3039b9127f7ef0a1b553d469503459c2a8efe418ec041aa3e3a9f1a3a5b46e6?s=96&d=mm&r=g\",\"contentUrl\":\"https:\\\/\\\/secure.gravatar.com\\\/avatar\\\/f3039b9127f7ef0a1b553d469503459c2a8efe418ec041aa3e3a9f1a3a5b46e6?s=96&d=mm&r=g\",\"caption\":\"jordiribalta\"},\"url\":\"https:\\\/\\\/www.fpecaixa.info\\\/ca\\\/author\\\/jordiribalta\\\/\"}]}<\/script>\n<!-- \/ Yoast SEO plugin. -->","yoast_head_json":{"title":"Celebrem 25 anys creixent junts: una hist\u00f2ria compartida - Plan de Pensiones de Empleo (PC30)","robots":{"index":"index","follow":"follow","max-snippet":"max-snippet:-1","max-image-preview":"max-image-preview:large","max-video-preview":"max-video-preview:-1"},"canonical":"https:\/\/www.fpecaixa.info\/ca\/celebrem-25-anys-creixent-junts-una-historia-compartida\/","og_locale":"ca_ES","og_type":"article","og_title":"Celebrem 25 anys creixent junts: una hist\u00f2ria compartida - Plan de Pensiones de Empleo (PC30)","og_description":"El 2025 celebrem el 25\u00e8 aniversari del Pla de Pensions d&#8217;Ocupaci\u00f3 de CaixaBank. Un quart de segle on hem recorregut un cam\u00ed conjunt amb milers de part\u00edcips i beneficiaris, construint, dia a dia, un projecte de previsi\u00f3 social complement\u00e0ria, que avui \u00e9s un referent dins del segon pilar del sistema de pensions d&#8217;ocupaci\u00f3 a Espanya. [&hellip;]","og_url":"https:\/\/www.fpecaixa.info\/ca\/celebrem-25-anys-creixent-junts-una-historia-compartida\/","og_site_name":"Plan de Pensiones de Empleo (PC30)","article_published_time":"2025-05-22T09:50:00+00:00","article_modified_time":"2026-02-19T10:08:29+00:00","og_image":[{"width":1223,"height":915,"url":"https:\/\/www.fpecaixa.info\/wp-content\/uploads\/2025\/04\/image.png","type":"image\/png"}],"author":"jordiribalta","twitter_card":"summary_large_image","twitter_misc":{"Escrit per":"jordiribalta","Temps estimat de lectura":"2 minuts"},"schema":{"@context":"https:\/\/schema.org","@graph":[{"@type":"Article","@id":"https:\/\/www.fpecaixa.info\/ca\/celebrem-25-anys-creixent-junts-una-historia-compartida\/#article","isPartOf":{"@id":"https:\/\/www.fpecaixa.info\/ca\/celebrem-25-anys-creixent-junts-una-historia-compartida\/"},"author":{"name":"jordiribalta","@id":"https:\/\/www.fpecaixa.info\/#\/schema\/person\/ea7617a21b22b88853892a4589c984ee"},"headline":"Celebrem 25 anys creixent junts: una hist\u00f2ria compartida","datePublished":"2025-05-22T09:50:00+00:00","dateModified":"2026-02-19T10:08:29+00:00","mainEntityOfPage":{"@id":"https:\/\/www.fpecaixa.info\/ca\/celebrem-25-anys-creixent-junts-una-historia-compartida\/"},"wordCount":240,"image":{"@id":"https:\/\/www.fpecaixa.info\/ca\/celebrem-25-anys-creixent-junts-una-historia-compartida\/#primaryimage"},"thumbnailUrl":"https:\/\/www.fpecaixa.info\/wp-content\/uploads\/2025\/04\/image-1-1024x795.png","articleSection":["Not\u00edcies"],"inLanguage":"ca"},{"@type":"WebPage","@id":"https:\/\/www.fpecaixa.info\/ca\/celebrem-25-anys-creixent-junts-una-historia-compartida\/","url":"https:\/\/www.fpecaixa.info\/ca\/celebrem-25-anys-creixent-junts-una-historia-compartida\/","name":"Celebrem 25 anys creixent junts: una hist\u00f2ria compartida - Plan de Pensiones de Empleo (PC30)","isPartOf":{"@id":"https:\/\/www.fpecaixa.info\/#website"},"primaryImageOfPage":{"@id":"https:\/\/www.fpecaixa.info\/ca\/celebrem-25-anys-creixent-junts-una-historia-compartida\/#primaryimage"},"image":{"@id":"https:\/\/www.fpecaixa.info\/ca\/celebrem-25-anys-creixent-junts-una-historia-compartida\/#primaryimage"},"thumbnailUrl":"https:\/\/www.fpecaixa.info\/wp-content\/uploads\/2025\/04\/image-1-1024x795.png","datePublished":"2025-05-22T09:50:00+00:00","dateModified":"2026-02-19T10:08:29+00:00","author":{"@id":"https:\/\/www.fpecaixa.info\/#\/schema\/person\/ea7617a21b22b88853892a4589c984ee"},"breadcrumb":{"@id":"https:\/\/www.fpecaixa.info\/ca\/celebrem-25-anys-creixent-junts-una-historia-compartida\/#breadcrumb"},"inLanguage":"ca","potentialAction":[{"@type":"ReadAction","target":["https:\/\/www.fpecaixa.info\/ca\/celebrem-25-anys-creixent-junts-una-historia-compartida\/"]}]},{"@type":"ImageObject","inLanguage":"ca","@id":"https:\/\/www.fpecaixa.info\/ca\/celebrem-25-anys-creixent-junts-una-historia-compartida\/#primaryimage","url":"https:\/\/www.fpecaixa.info\/wp-content\/uploads\/2025\/04\/image-1-1024x795.png","contentUrl":"https:\/\/www.fpecaixa.info\/wp-content\/uploads\/2025\/04\/image-1-1024x795.png"},{"@type":"BreadcrumbList","@id":"https:\/\/www.fpecaixa.info\/ca\/celebrem-25-anys-creixent-junts-una-historia-compartida\/#breadcrumb","itemListElement":[{"@type":"ListItem","position":1,"name":"Inici","item":"https:\/\/www.fpecaixa.info\/ca\/"},{"@type":"ListItem","position":2,"name":"Noticias","item":"https:\/\/www.fpecaixa.info\/category\/noticias\/"},{"@type":"ListItem","position":3,"name":"Celebrem 25 anys creixent junts: una hist\u00f2ria compartida"}]},{"@type":"WebSite","@id":"https:\/\/www.fpecaixa.info\/#website","url":"https:\/\/www.fpecaixa.info\/","name":"Plan de Pensiones de Empleo (PC30)","description":"Web informativa para el Plan de Pensiones de Empleo (PC30) de trabajadores de Caixabank","potentialAction":[{"@type":"SearchAction","target":{"@type":"EntryPoint","urlTemplate":"https:\/\/www.fpecaixa.info\/?s={search_term_string}"},"query-input":{"@type":"PropertyValueSpecification","valueRequired":true,"valueName":"search_term_string"}}],"inLanguage":"ca"},{"@type":"Person","@id":"https:\/\/www.fpecaixa.info\/#\/schema\/person\/ea7617a21b22b88853892a4589c984ee","name":"jordiribalta","image":{"@type":"ImageObject","inLanguage":"ca","@id":"https:\/\/secure.gravatar.com\/avatar\/f3039b9127f7ef0a1b553d469503459c2a8efe418ec041aa3e3a9f1a3a5b46e6?s=96&d=mm&r=g","url":"https:\/\/secure.gravatar.com\/avatar\/f3039b9127f7ef0a1b553d469503459c2a8efe418ec041aa3e3a9f1a3a5b46e6?s=96&d=mm&r=g","contentUrl":"https:\/\/secure.gravatar.com\/avatar\/f3039b9127f7ef0a1b553d469503459c2a8efe418ec041aa3e3a9f1a3a5b46e6?s=96&d=mm&r=g","caption":"jordiribalta"},"url":"https:\/\/www.fpecaixa.info\/ca\/author\/jordiribalta\/"}]}},"_links":{"self":[{"href":"https:\/\/www.fpecaixa.info\/ca\/wp-json\/wp\/v2\/posts\/5613","targetHints":{"allow":["GET"]}}],"collection":[{"href":"https:\/\/www.fpecaixa.info\/ca\/wp-json\/wp\/v2\/posts"}],"about":[{"href":"https:\/\/www.fpecaixa.info\/ca\/wp-json\/wp\/v2\/types\/post"}],"author":[{"embeddable":true,"href":"https:\/\/www.fpecaixa.info\/ca\/wp-json\/wp\/v2\/users\/13"}],"replies":[{"embeddable":true,"href":"https:\/\/www.fpecaixa.info\/ca\/wp-json\/wp\/v2\/comments?post=5613"}],"version-history":[{"count":5,"href":"https:\/\/www.fpecaixa.info\/ca\/wp-json\/wp\/v2\/posts\/5613\/revisions"}],"predecessor-version":[{"id":5631,"href":"https:\/\/www.fpecaixa.info\/ca\/wp-json\/wp\/v2\/posts\/5613\/revisions\/5631"}],"wp:attachment":[{"href":"https:\/\/www.fpecaixa.info\/ca\/wp-json\/wp\/v2\/media?parent=5613"}],"wp:term":[{"taxonomy":"category","embeddable":true,"href":"https:\/\/www.fpecaixa.info\/ca\/wp-json\/wp\/v2\/categories?post=5613"},{"taxonomy":"post_tag","embeddable":true,"href":"https:\/\/www.fpecaixa.info\/ca\/wp-json\/wp\/v2\/tags?post=5613"}],"curies":[{"name":"wp","href":"https:\/\/api.w.org\/{rel}","templated":true}]}}