{"id":5690,"date":"2025-04-07T12:04:01","date_gmt":"2025-04-07T12:04:01","guid":{"rendered":"https:\/\/www.fpecaixa.info\/comunicado-ante-la-volatilidad-en-los-mercados\/"},"modified":"2025-04-07T12:06:14","modified_gmt":"2025-04-07T12:06:14","slug":"comunicado-ante-la-volatilidad-en-los-mercados","status":"publish","type":"post","link":"https:\/\/www.fpecaixa.info\/ca\/comunicado-ante-la-volatilidad-en-los-mercados\/","title":{"rendered":"Comunicat davant la volatilitat als mercats"},"content":{"rendered":"\n<p>Estimat\/da part\u00edcip\/beneficiari:<\/p>\n\n<p>Davant les recents caigudes als mercats financers, des de la Comissi\u00f3 de Control del Pla volem transmetre&#8217;t un missatge de tranquil\u00b7litat i confian\u00e7a.<\/p>\n\n<p>Sabem que els moviments a curt termini poden generar inquietud, per\u00f2 cal recordar que els plans de pensions s\u00f3n vehicles d&#8217;estalvi dissenyats per al <strong>llarg termini<\/strong> . Al llarg dels anys hem travessat nombrosos episodis de volatilitat -des de crisis econ\u00f2miques globals fins a canvis geopol\u00edtics significatius- i, en tots ells, la clau ha estat mantenir la calma i l&#8217;horitz\u00f3 d&#8217;inversi\u00f3 a futur. <\/p>\n\n<p>La pol\u00edtica econ\u00f2mica, encara que de vegades pugui semblar incerta a curt termini, se sol orientar de forma <strong>pragm\u00e0tica i responsable<\/strong> cap a l&#8217;estabilitat i el creixement econ\u00f2mic sostingut. A mitj\u00e0 i llarg termini, els mercats tendeixen a reflectir l&#8217;evoluci\u00f3 de l&#8217;economia real, recuperant-se i generant valor per als inversors que n&#8217;han mantingut la posici\u00f3. <\/p>\n\n<p>El nostre Pla segueix gestionat amb <strong>criteris prudents<\/strong> , diversificant les inversions i adaptant les estrat\u00e8gies per <strong>maximitzar el valor a llarg termini<\/strong> dins un marc de responsabilitat i seguretat.<\/p>\n\n<p>Per tot aix\u00f2, volem reiterar-te que seguim vigilants, compromesos amb la bona gesti\u00f3 del Pla ia la teva disposici\u00f3 per resoldre qualsevol dubte.<\/p>\n\n<p>Gr\u00e0cies per la vostra confian\u00e7a.<\/p>\n\n<p>Una cordial salutaci\u00f3,<br\/> <strong>La Comissi\u00f3 de Control<\/strong><br\/> Pla de pensions d&#8217;ocupaci\u00f3 de CaixaBank<\/p>\n","protected":false},"excerpt":{"rendered":"<p>Estimat\/da part\u00edcip\/beneficiari: Davant les recents caigudes als mercats financers, des de la Comissi\u00f3 de Control del Pla volem transmetre&#8217;t un missatge de tranquil\u00b7litat i confian\u00e7a. Sabem que els moviments a curt termini poden generar inquietud, per\u00f2 cal recordar que els plans de pensions s\u00f3n vehicles d&#8217;estalvi dissenyats per al llarg termini . Al llarg dels [&hellip;]<\/p>\n","protected":false},"author":13,"featured_media":4849,"comment_status":"closed","ping_status":"open","sticky":false,"template":"","format":"standard","meta":{"_acf_changed":false,"_monsterinsights_skip_tracking":false,"_monsterinsights_sitenote_active":false,"_monsterinsights_sitenote_note":"","_monsterinsights_sitenote_category":0,"footnotes":""},"categories":[57],"tags":[],"class_list":["post-5690","post","type-post","status-publish","format-standard","has-post-thumbnail","hentry","category-noticies"],"acf":[],"yoast_head":"<!-- This site is optimized with the Yoast SEO plugin v27.5 - https:\/\/yoast.com\/product\/yoast-seo-wordpress\/ -->\n<title>Comunicat davant la volatilitat als mercats - Plan de Pensiones de Empleo (PC30)<\/title>\n<meta name=\"robots\" content=\"index, follow, max-snippet:-1, max-image-preview:large, max-video-preview:-1\" \/>\n<link rel=\"canonical\" href=\"https:\/\/www.fpecaixa.info\/ca\/comunicado-ante-la-volatilidad-en-los-mercados\/\" \/>\n<meta property=\"og:locale\" content=\"ca_ES\" \/>\n<meta property=\"og:type\" content=\"article\" \/>\n<meta property=\"og:title\" content=\"Comunicat davant la volatilitat als mercats - Plan de Pensiones de Empleo (PC30)\" \/>\n<meta property=\"og:description\" content=\"Estimat\/da part\u00edcip\/beneficiari: Davant les recents caigudes als mercats financers, des de la Comissi\u00f3 de Control del Pla volem transmetre&#8217;t un missatge de tranquil\u00b7litat i confian\u00e7a. Sabem que els moviments a curt termini poden generar inquietud, per\u00f2 cal recordar que els plans de pensions s\u00f3n vehicles d&#8217;estalvi dissenyats per al llarg termini . Al llarg dels [&hellip;]\" \/>\n<meta property=\"og:url\" content=\"https:\/\/www.fpecaixa.info\/ca\/comunicado-ante-la-volatilidad-en-los-mercados\/\" \/>\n<meta property=\"og:site_name\" content=\"Plan de Pensiones de Empleo (PC30)\" \/>\n<meta property=\"article:published_time\" content=\"2025-04-07T12:04:01+00:00\" \/>\n<meta property=\"article:modified_time\" content=\"2025-04-07T12:06:14+00:00\" \/>\n<meta property=\"og:image\" content=\"https:\/\/www.fpecaixa.info\/wp-content\/uploads\/2023\/05\/foto-agua.png\" \/>\n\t<meta property=\"og:image:width\" content=\"1012\" \/>\n\t<meta property=\"og:image:height\" content=\"337\" \/>\n\t<meta property=\"og:image:type\" content=\"image\/png\" \/>\n<meta name=\"author\" content=\"jordiribalta\" \/>\n<meta name=\"twitter:card\" content=\"summary_large_image\" \/>\n<meta name=\"twitter:label1\" content=\"Escrit per\" \/>\n\t<meta name=\"twitter:data1\" content=\"jordiribalta\" \/>\n\t<meta name=\"twitter:label2\" content=\"Temps estimat de lectura\" \/>\n\t<meta name=\"twitter:data2\" content=\"1 minut\" \/>\n<script type=\"application\/ld+json\" class=\"yoast-schema-graph\">{\"@context\":\"https:\\\/\\\/schema.org\",\"@graph\":[{\"@type\":\"Article\",\"@id\":\"https:\\\/\\\/www.fpecaixa.info\\\/ca\\\/comunicado-ante-la-volatilidad-en-los-mercados\\\/#article\",\"isPartOf\":{\"@id\":\"https:\\\/\\\/www.fpecaixa.info\\\/ca\\\/comunicado-ante-la-volatilidad-en-los-mercados\\\/\"},\"author\":{\"name\":\"jordiribalta\",\"@id\":\"https:\\\/\\\/www.fpecaixa.info\\\/#\\\/schema\\\/person\\\/ea7617a21b22b88853892a4589c984ee\"},\"headline\":\"Comunicat davant la volatilitat als mercats\",\"datePublished\":\"2025-04-07T12:04:01+00:00\",\"dateModified\":\"2025-04-07T12:06:14+00:00\",\"mainEntityOfPage\":{\"@id\":\"https:\\\/\\\/www.fpecaixa.info\\\/ca\\\/comunicado-ante-la-volatilidad-en-los-mercados\\\/\"},\"wordCount\":233,\"image\":{\"@id\":\"https:\\\/\\\/www.fpecaixa.info\\\/ca\\\/comunicado-ante-la-volatilidad-en-los-mercados\\\/#primaryimage\"},\"thumbnailUrl\":\"https:\\\/\\\/www.fpecaixa.info\\\/wp-content\\\/uploads\\\/2023\\\/05\\\/foto-agua.png\",\"articleSection\":[\"Not\u00edcies\"],\"inLanguage\":\"ca\"},{\"@type\":\"WebPage\",\"@id\":\"https:\\\/\\\/www.fpecaixa.info\\\/ca\\\/comunicado-ante-la-volatilidad-en-los-mercados\\\/\",\"url\":\"https:\\\/\\\/www.fpecaixa.info\\\/ca\\\/comunicado-ante-la-volatilidad-en-los-mercados\\\/\",\"name\":\"Comunicat davant la volatilitat als mercats - Plan de Pensiones de Empleo (PC30)\",\"isPartOf\":{\"@id\":\"https:\\\/\\\/www.fpecaixa.info\\\/#website\"},\"primaryImageOfPage\":{\"@id\":\"https:\\\/\\\/www.fpecaixa.info\\\/ca\\\/comunicado-ante-la-volatilidad-en-los-mercados\\\/#primaryimage\"},\"image\":{\"@id\":\"https:\\\/\\\/www.fpecaixa.info\\\/ca\\\/comunicado-ante-la-volatilidad-en-los-mercados\\\/#primaryimage\"},\"thumbnailUrl\":\"https:\\\/\\\/www.fpecaixa.info\\\/wp-content\\\/uploads\\\/2023\\\/05\\\/foto-agua.png\",\"datePublished\":\"2025-04-07T12:04:01+00:00\",\"dateModified\":\"2025-04-07T12:06:14+00:00\",\"author\":{\"@id\":\"https:\\\/\\\/www.fpecaixa.info\\\/#\\\/schema\\\/person\\\/ea7617a21b22b88853892a4589c984ee\"},\"breadcrumb\":{\"@id\":\"https:\\\/\\\/www.fpecaixa.info\\\/ca\\\/comunicado-ante-la-volatilidad-en-los-mercados\\\/#breadcrumb\"},\"inLanguage\":\"ca\",\"potentialAction\":[{\"@type\":\"ReadAction\",\"target\":[\"https:\\\/\\\/www.fpecaixa.info\\\/ca\\\/comunicado-ante-la-volatilidad-en-los-mercados\\\/\"]}]},{\"@type\":\"ImageObject\",\"inLanguage\":\"ca\",\"@id\":\"https:\\\/\\\/www.fpecaixa.info\\\/ca\\\/comunicado-ante-la-volatilidad-en-los-mercados\\\/#primaryimage\",\"url\":\"https:\\\/\\\/www.fpecaixa.info\\\/wp-content\\\/uploads\\\/2023\\\/05\\\/foto-agua.png\",\"contentUrl\":\"https:\\\/\\\/www.fpecaixa.info\\\/wp-content\\\/uploads\\\/2023\\\/05\\\/foto-agua.png\",\"width\":1012,\"height\":337},{\"@type\":\"BreadcrumbList\",\"@id\":\"https:\\\/\\\/www.fpecaixa.info\\\/ca\\\/comunicado-ante-la-volatilidad-en-los-mercados\\\/#breadcrumb\",\"itemListElement\":[{\"@type\":\"ListItem\",\"position\":1,\"name\":\"Inici\",\"item\":\"https:\\\/\\\/www.fpecaixa.info\\\/ca\\\/\"},{\"@type\":\"ListItem\",\"position\":2,\"name\":\"Not\u00edcies\",\"item\":\"https:\\\/\\\/www.fpecaixa.info\\\/ca\\\/category\\\/noticies\\\/\"},{\"@type\":\"ListItem\",\"position\":3,\"name\":\"Comunicat davant la volatilitat als mercats\"}]},{\"@type\":\"WebSite\",\"@id\":\"https:\\\/\\\/www.fpecaixa.info\\\/#website\",\"url\":\"https:\\\/\\\/www.fpecaixa.info\\\/\",\"name\":\"Plan de Pensiones de Empleo (PC30)\",\"description\":\"Web informativa para el Plan de Pensiones de Empleo (PC30) de trabajadores de Caixabank\",\"potentialAction\":[{\"@type\":\"SearchAction\",\"target\":{\"@type\":\"EntryPoint\",\"urlTemplate\":\"https:\\\/\\\/www.fpecaixa.info\\\/?s={search_term_string}\"},\"query-input\":{\"@type\":\"PropertyValueSpecification\",\"valueRequired\":true,\"valueName\":\"search_term_string\"}}],\"inLanguage\":\"ca\"},{\"@type\":\"Person\",\"@id\":\"https:\\\/\\\/www.fpecaixa.info\\\/#\\\/schema\\\/person\\\/ea7617a21b22b88853892a4589c984ee\",\"name\":\"jordiribalta\",\"image\":{\"@type\":\"ImageObject\",\"inLanguage\":\"ca\",\"@id\":\"https:\\\/\\\/secure.gravatar.com\\\/avatar\\\/f3039b9127f7ef0a1b553d469503459c2a8efe418ec041aa3e3a9f1a3a5b46e6?s=96&d=mm&r=g\",\"url\":\"https:\\\/\\\/secure.gravatar.com\\\/avatar\\\/f3039b9127f7ef0a1b553d469503459c2a8efe418ec041aa3e3a9f1a3a5b46e6?s=96&d=mm&r=g\",\"contentUrl\":\"https:\\\/\\\/secure.gravatar.com\\\/avatar\\\/f3039b9127f7ef0a1b553d469503459c2a8efe418ec041aa3e3a9f1a3a5b46e6?s=96&d=mm&r=g\",\"caption\":\"jordiribalta\"},\"url\":\"https:\\\/\\\/www.fpecaixa.info\\\/ca\\\/author\\\/jordiribalta\\\/\"}]}<\/script>\n<!-- \/ Yoast SEO plugin. -->","yoast_head_json":{"title":"Comunicat davant la volatilitat als mercats - Plan de Pensiones de Empleo (PC30)","robots":{"index":"index","follow":"follow","max-snippet":"max-snippet:-1","max-image-preview":"max-image-preview:large","max-video-preview":"max-video-preview:-1"},"canonical":"https:\/\/www.fpecaixa.info\/ca\/comunicado-ante-la-volatilidad-en-los-mercados\/","og_locale":"ca_ES","og_type":"article","og_title":"Comunicat davant la volatilitat als mercats - Plan de Pensiones de Empleo (PC30)","og_description":"Estimat\/da part\u00edcip\/beneficiari: Davant les recents caigudes als mercats financers, des de la Comissi\u00f3 de Control del Pla volem transmetre&#8217;t un missatge de tranquil\u00b7litat i confian\u00e7a. Sabem que els moviments a curt termini poden generar inquietud, per\u00f2 cal recordar que els plans de pensions s\u00f3n vehicles d&#8217;estalvi dissenyats per al llarg termini . Al llarg dels [&hellip;]","og_url":"https:\/\/www.fpecaixa.info\/ca\/comunicado-ante-la-volatilidad-en-los-mercados\/","og_site_name":"Plan de Pensiones de Empleo (PC30)","article_published_time":"2025-04-07T12:04:01+00:00","article_modified_time":"2025-04-07T12:06:14+00:00","og_image":[{"width":1012,"height":337,"url":"https:\/\/www.fpecaixa.info\/wp-content\/uploads\/2023\/05\/foto-agua.png","type":"image\/png"}],"author":"jordiribalta","twitter_card":"summary_large_image","twitter_misc":{"Escrit per":"jordiribalta","Temps estimat de lectura":"1 minut"},"schema":{"@context":"https:\/\/schema.org","@graph":[{"@type":"Article","@id":"https:\/\/www.fpecaixa.info\/ca\/comunicado-ante-la-volatilidad-en-los-mercados\/#article","isPartOf":{"@id":"https:\/\/www.fpecaixa.info\/ca\/comunicado-ante-la-volatilidad-en-los-mercados\/"},"author":{"name":"jordiribalta","@id":"https:\/\/www.fpecaixa.info\/#\/schema\/person\/ea7617a21b22b88853892a4589c984ee"},"headline":"Comunicat davant la volatilitat als mercats","datePublished":"2025-04-07T12:04:01+00:00","dateModified":"2025-04-07T12:06:14+00:00","mainEntityOfPage":{"@id":"https:\/\/www.fpecaixa.info\/ca\/comunicado-ante-la-volatilidad-en-los-mercados\/"},"wordCount":233,"image":{"@id":"https:\/\/www.fpecaixa.info\/ca\/comunicado-ante-la-volatilidad-en-los-mercados\/#primaryimage"},"thumbnailUrl":"https:\/\/www.fpecaixa.info\/wp-content\/uploads\/2023\/05\/foto-agua.png","articleSection":["Not\u00edcies"],"inLanguage":"ca"},{"@type":"WebPage","@id":"https:\/\/www.fpecaixa.info\/ca\/comunicado-ante-la-volatilidad-en-los-mercados\/","url":"https:\/\/www.fpecaixa.info\/ca\/comunicado-ante-la-volatilidad-en-los-mercados\/","name":"Comunicat davant la volatilitat als mercats - Plan de Pensiones de Empleo (PC30)","isPartOf":{"@id":"https:\/\/www.fpecaixa.info\/#website"},"primaryImageOfPage":{"@id":"https:\/\/www.fpecaixa.info\/ca\/comunicado-ante-la-volatilidad-en-los-mercados\/#primaryimage"},"image":{"@id":"https:\/\/www.fpecaixa.info\/ca\/comunicado-ante-la-volatilidad-en-los-mercados\/#primaryimage"},"thumbnailUrl":"https:\/\/www.fpecaixa.info\/wp-content\/uploads\/2023\/05\/foto-agua.png","datePublished":"2025-04-07T12:04:01+00:00","dateModified":"2025-04-07T12:06:14+00:00","author":{"@id":"https:\/\/www.fpecaixa.info\/#\/schema\/person\/ea7617a21b22b88853892a4589c984ee"},"breadcrumb":{"@id":"https:\/\/www.fpecaixa.info\/ca\/comunicado-ante-la-volatilidad-en-los-mercados\/#breadcrumb"},"inLanguage":"ca","potentialAction":[{"@type":"ReadAction","target":["https:\/\/www.fpecaixa.info\/ca\/comunicado-ante-la-volatilidad-en-los-mercados\/"]}]},{"@type":"ImageObject","inLanguage":"ca","@id":"https:\/\/www.fpecaixa.info\/ca\/comunicado-ante-la-volatilidad-en-los-mercados\/#primaryimage","url":"https:\/\/www.fpecaixa.info\/wp-content\/uploads\/2023\/05\/foto-agua.png","contentUrl":"https:\/\/www.fpecaixa.info\/wp-content\/uploads\/2023\/05\/foto-agua.png","width":1012,"height":337},{"@type":"BreadcrumbList","@id":"https:\/\/www.fpecaixa.info\/ca\/comunicado-ante-la-volatilidad-en-los-mercados\/#breadcrumb","itemListElement":[{"@type":"ListItem","position":1,"name":"Inici","item":"https:\/\/www.fpecaixa.info\/ca\/"},{"@type":"ListItem","position":2,"name":"Not\u00edcies","item":"https:\/\/www.fpecaixa.info\/ca\/category\/noticies\/"},{"@type":"ListItem","position":3,"name":"Comunicat davant la volatilitat als mercats"}]},{"@type":"WebSite","@id":"https:\/\/www.fpecaixa.info\/#website","url":"https:\/\/www.fpecaixa.info\/","name":"Plan de Pensiones de Empleo (PC30)","description":"Web informativa para el Plan de Pensiones de Empleo (PC30) de trabajadores de Caixabank","potentialAction":[{"@type":"SearchAction","target":{"@type":"EntryPoint","urlTemplate":"https:\/\/www.fpecaixa.info\/?s={search_term_string}"},"query-input":{"@type":"PropertyValueSpecification","valueRequired":true,"valueName":"search_term_string"}}],"inLanguage":"ca"},{"@type":"Person","@id":"https:\/\/www.fpecaixa.info\/#\/schema\/person\/ea7617a21b22b88853892a4589c984ee","name":"jordiribalta","image":{"@type":"ImageObject","inLanguage":"ca","@id":"https:\/\/secure.gravatar.com\/avatar\/f3039b9127f7ef0a1b553d469503459c2a8efe418ec041aa3e3a9f1a3a5b46e6?s=96&d=mm&r=g","url":"https:\/\/secure.gravatar.com\/avatar\/f3039b9127f7ef0a1b553d469503459c2a8efe418ec041aa3e3a9f1a3a5b46e6?s=96&d=mm&r=g","contentUrl":"https:\/\/secure.gravatar.com\/avatar\/f3039b9127f7ef0a1b553d469503459c2a8efe418ec041aa3e3a9f1a3a5b46e6?s=96&d=mm&r=g","caption":"jordiribalta"},"url":"https:\/\/www.fpecaixa.info\/ca\/author\/jordiribalta\/"}]}},"_links":{"self":[{"href":"https:\/\/www.fpecaixa.info\/ca\/wp-json\/wp\/v2\/posts\/5690","targetHints":{"allow":["GET"]}}],"collection":[{"href":"https:\/\/www.fpecaixa.info\/ca\/wp-json\/wp\/v2\/posts"}],"about":[{"href":"https:\/\/www.fpecaixa.info\/ca\/wp-json\/wp\/v2\/types\/post"}],"author":[{"embeddable":true,"href":"https:\/\/www.fpecaixa.info\/ca\/wp-json\/wp\/v2\/users\/13"}],"replies":[{"embeddable":true,"href":"https:\/\/www.fpecaixa.info\/ca\/wp-json\/wp\/v2\/comments?post=5690"}],"version-history":[{"count":1,"href":"https:\/\/www.fpecaixa.info\/ca\/wp-json\/wp\/v2\/posts\/5690\/revisions"}],"predecessor-version":[{"id":5691,"href":"https:\/\/www.fpecaixa.info\/ca\/wp-json\/wp\/v2\/posts\/5690\/revisions\/5691"}],"wp:featuredmedia":[{"embeddable":true,"href":"https:\/\/www.fpecaixa.info\/ca\/wp-json\/wp\/v2\/media\/4849"}],"wp:attachment":[{"href":"https:\/\/www.fpecaixa.info\/ca\/wp-json\/wp\/v2\/media?parent=5690"}],"wp:term":[{"taxonomy":"category","embeddable":true,"href":"https:\/\/www.fpecaixa.info\/ca\/wp-json\/wp\/v2\/categories?post=5690"},{"taxonomy":"post_tag","embeddable":true,"href":"https:\/\/www.fpecaixa.info\/ca\/wp-json\/wp\/v2\/tags?post=5690"}],"curies":[{"name":"wp","href":"https:\/\/api.w.org\/{rel}","templated":true}]}}