{"id":5761,"date":"2025-05-13T10:35:10","date_gmt":"2025-05-13T10:35:10","guid":{"rendered":"https:\/\/www.fpecaixa.info\/evento-pc30-2025-para-participes-i-beneficiaris\/"},"modified":"2025-05-14T19:34:01","modified_gmt":"2025-05-14T19:34:01","slug":"evento-pc30-2025-para-participes-i-beneficiaris","status":"publish","type":"post","link":"https:\/\/www.fpecaixa.info\/ca\/evento-pc30-2025-para-participes-i-beneficiaris\/","title":{"rendered":"ESDEVENIMENT PC30 2025 PER A PARTICIPES I BENEFICIARIS"},"content":{"rendered":"\n<h2 class=\"wp-block-heading\"><strong>Celebra amb nosaltres els 25 anys del Pla de Pensions d&#8217;Ocupaci\u00f3<\/strong> !<\/h2>\n\n<p><strong>I coneix com la volatilitat dels mercats i el context internacional pot afectar la rendibilitat del teu pla de pensions<\/strong> .<\/p>\n\n<p>Aquest any, l&#8217;Esdeveniment Anual de Part\u00edcips i Beneficiaris del Pla de Pensions d&#8217;Ocupaci\u00f3 de CaixaBank, el m\u00e9s gran de l&#8217;Estat <strong>,<\/strong> ser\u00e0 m\u00e9s especial que mai <strong>: celebrem el 25\u00e8 aniversari del PC30!<\/strong> Una fita que ens convida no nom\u00e9s a celebrar, sin\u00f3 tamb\u00e9 a reflexionar sobre com el pla ha contribu\u00eft al nostre benestar col\u00b7lectiu ia planificar amb m\u00e9s seguretat el nostre futur financer.<\/p>\n\n<ul class=\"wp-block-list\">\n<li><strong>DATA. Dijous 29 Maig <\/strong><\/li>\n\n\n\n<li><strong>HORA. 16:30 h Horari Pen\u00ednsula (durada 55 minuts) <\/strong><\/li>\n\n\n\n<li><strong>MODALITAT. Telem\u00e0tica <\/strong><\/li>\n<\/ul>\n\n<p class=\"has-text-align-left\">Si ets part\u00edcip o beneficiari<strong><mark class=\"has-inline-color has-pale-cyan-blue-color\"> <\/mark><mark class=\"has-inline-color has-black-color\">INSCRIU-TE<a href=\"https:\/\/web-eur.cvent.com\/event\/f63344a2-1d99-4a19-829f-479dc7fdc374\/summary?RefId=eventodelpc30\"> <\/a><\/mark><\/strong><a href=\"https:\/\/web-eur.cvent.com\/event\/f63344a2-1d99-4a19-829f-479dc7fdc374\/summary?RefId=eventodelpc30\"><mark class=\"has-inline-color has-black-color\"><strong>AQU\u00cd<\/strong><\/mark><\/a> <\/p>\n\n<p><\/p>\n\n<figure class=\"wp-block-embed is-type-video is-provider-youtube wp-block-embed-youtube wp-embed-aspect-16-9 wp-has-aspect-ratio\"><div class=\"wp-block-embed__wrapper\">\n<iframe loading=\"lazy\" title=\"PC30 2025 V\u00eddeo teaser Evento\" width=\"500\" height=\"281\" src=\"https:\/\/www.youtube.com\/embed\/NUoZLNQF6Io?feature=oembed\" frameborder=\"0\" allow=\"accelerometer; autoplay; clipboard-write; encrypted-media; gyroscope; picture-in-picture; web-share\" referrerpolicy=\"strict-origin-when-cross-origin\" allowfullscreen><\/iframe>\n<\/div><\/figure>\n\n<p>En aquesta edici\u00f3 analitzarem el <strong>context econ\u00f2mic internacional i com la volatilitat dels mercats pot afectar la rendibilitat<\/strong> , aprofundirem en <strong>el valor de la inversi\u00f3 a llarg termini<\/strong> i hi haur\u00e0 un espai d&#8217; <strong>interacci\u00f3 amb els assistents <s>.<\/s><\/strong><s><\/s><\/p>\n\n<p>Finalment, hi haur\u00e0 un espai d&#8217; <strong>interacci\u00f3 amb els assistents,<\/strong> on compartirem idees, resoldrem dubtes i abordarem les preguntes m\u00e9s habituals dels part\u00edcips i els beneficiaris.<\/p>\n\n<p>I, com no podia ser d&#8217;una altra manera, el <strong>25\u00e8 aniversari estar\u00e0 molt present durant tota la trobada<\/strong> . Hi haur\u00e0 <strong>moments especials i commemoratius<\/strong> pensats per celebrar el cam\u00ed recorregut plegats. No t&#8217;ho voldr\u00e0s perdre!  <\/p>\n\n<p class=\"has-medium-font-size\"><strong>T&#8217;animem a participar en aquesta trobada perqu\u00e8 coneguis com, des del teu fons de pensions, es treballa per tu, de cara a la teva jubilaci\u00f3.<\/strong><\/p>\n<div class=\"wp-block-image\">\n<figure class=\"aligncenter size-medium\"><img loading=\"lazy\" decoding=\"async\" width=\"300\" height=\"146\" src=\"https:\/\/www.fpecaixa.info\/wp-content\/uploads\/2025\/04\/logo-castellano--300x146.png\" alt=\"\" class=\"wp-image-5672\" srcset=\"https:\/\/www.fpecaixa.info\/wp-content\/uploads\/2025\/04\/logo-castellano--300x146.png 300w, https:\/\/www.fpecaixa.info\/wp-content\/uploads\/2025\/04\/logo-castellano-.png 702w\" sizes=\"auto, (max-width: 300px) 100vw, 300px\" \/><\/figure>\n<\/div>\n<p><\/p>\n","protected":false},"excerpt":{"rendered":"<p>Celebra amb nosaltres els 25 anys del Pla de Pensions d&#8217;Ocupaci\u00f3 ! I coneix com la volatilitat dels mercats i el context internacional pot afectar la rendibilitat del teu pla de pensions . Aquest any, l&#8217;Esdeveniment Anual de Part\u00edcips i Beneficiaris del Pla de Pensions d&#8217;Ocupaci\u00f3 de CaixaBank, el m\u00e9s gran de l&#8217;Estat , ser\u00e0 [&hellip;]<\/p>\n","protected":false},"author":11,"featured_media":5673,"comment_status":"closed","ping_status":"open","sticky":false,"template":"","format":"standard","meta":{"_acf_changed":false,"_monsterinsights_skip_tracking":false,"_monsterinsights_sitenote_active":false,"_monsterinsights_sitenote_note":"","_monsterinsights_sitenote_category":0,"footnotes":""},"categories":[57],"tags":[],"class_list":["post-5761","post","type-post","status-publish","format-standard","has-post-thumbnail","hentry","category-noticies"],"acf":[],"yoast_head":"<!-- This site is optimized with the Yoast SEO plugin v27.5 - https:\/\/yoast.com\/product\/yoast-seo-wordpress\/ -->\n<title>ESDEVENIMENT PC30 2025 PER A PARTICIPES I BENEFICIARIS - Plan de Pensiones de Empleo (PC30)<\/title>\n<meta name=\"robots\" content=\"index, follow, max-snippet:-1, max-image-preview:large, max-video-preview:-1\" \/>\n<link rel=\"canonical\" href=\"https:\/\/www.fpecaixa.info\/evento-pc30-2025-para-participes-y-beneficiarios\/\" \/>\n<meta property=\"og:locale\" content=\"ca_ES\" \/>\n<meta property=\"og:type\" content=\"article\" \/>\n<meta property=\"og:title\" content=\"ESDEVENIMENT PC30 2025 PER A PARTICIPES I BENEFICIARIS - Plan de Pensiones de Empleo (PC30)\" \/>\n<meta property=\"og:description\" content=\"Celebra amb nosaltres els 25 anys del Pla de Pensions d&#8217;Ocupaci\u00f3 ! I coneix com la volatilitat dels mercats i el context internacional pot afectar la rendibilitat del teu pla de pensions . Aquest any, l&#8217;Esdeveniment Anual de Part\u00edcips i Beneficiaris del Pla de Pensions d&#8217;Ocupaci\u00f3 de CaixaBank, el m\u00e9s gran de l&#8217;Estat , ser\u00e0 [&hellip;]\" \/>\n<meta property=\"og:url\" content=\"https:\/\/www.fpecaixa.info\/evento-pc30-2025-para-participes-y-beneficiarios\/\" \/>\n<meta property=\"og:site_name\" content=\"Plan de Pensiones de Empleo (PC30)\" \/>\n<meta property=\"article:published_time\" content=\"2025-05-13T10:35:10+00:00\" \/>\n<meta property=\"article:modified_time\" content=\"2025-05-14T19:34:01+00:00\" \/>\n<meta property=\"og:image\" content=\"https:\/\/www.fpecaixa.info\/wp-content\/uploads\/2025\/04\/logo-castellano-.png\" \/>\n\t<meta property=\"og:image:width\" content=\"702\" \/>\n\t<meta property=\"og:image:height\" content=\"341\" \/>\n\t<meta property=\"og:image:type\" content=\"image\/png\" \/>\n<meta name=\"author\" content=\"yblanch\" \/>\n<meta name=\"twitter:card\" content=\"summary_large_image\" \/>\n<meta name=\"twitter:label1\" content=\"Escrit per\" \/>\n\t<meta name=\"twitter:data1\" content=\"yblanch\" \/>\n\t<meta name=\"twitter:label2\" content=\"Temps estimat de lectura\" \/>\n\t<meta name=\"twitter:data2\" content=\"1 minut\" \/>\n<script type=\"application\/ld+json\" class=\"yoast-schema-graph\">{\"@context\":\"https:\\\/\\\/schema.org\",\"@graph\":[{\"@type\":\"Article\",\"@id\":\"https:\\\/\\\/www.fpecaixa.info\\\/evento-pc30-2025-para-participes-y-beneficiarios\\\/#article\",\"isPartOf\":{\"@id\":\"https:\\\/\\\/www.fpecaixa.info\\\/evento-pc30-2025-para-participes-y-beneficiarios\\\/\"},\"author\":{\"name\":\"yblanch\",\"@id\":\"https:\\\/\\\/www.fpecaixa.info\\\/#\\\/schema\\\/person\\\/276aa8e6247bc28c8f474b3e30c15c99\"},\"headline\":\"ESDEVENIMENT PC30 2025 PER A PARTICIPES I BENEFICIARIS\",\"datePublished\":\"2025-05-13T10:35:10+00:00\",\"dateModified\":\"2025-05-14T19:34:01+00:00\",\"mainEntityOfPage\":{\"@id\":\"https:\\\/\\\/www.fpecaixa.info\\\/evento-pc30-2025-para-participes-y-beneficiarios\\\/\"},\"wordCount\":259,\"image\":{\"@id\":\"https:\\\/\\\/www.fpecaixa.info\\\/evento-pc30-2025-para-participes-y-beneficiarios\\\/#primaryimage\"},\"thumbnailUrl\":\"https:\\\/\\\/www.fpecaixa.info\\\/wp-content\\\/uploads\\\/2025\\\/04\\\/logo-castellano-.png\",\"articleSection\":[\"Not\u00edcies\"],\"inLanguage\":\"ca\"},{\"@type\":\"WebPage\",\"@id\":\"https:\\\/\\\/www.fpecaixa.info\\\/evento-pc30-2025-para-participes-y-beneficiarios\\\/\",\"url\":\"https:\\\/\\\/www.fpecaixa.info\\\/evento-pc30-2025-para-participes-y-beneficiarios\\\/\",\"name\":\"ESDEVENIMENT PC30 2025 PER A PARTICIPES I BENEFICIARIS - Plan de Pensiones de Empleo (PC30)\",\"isPartOf\":{\"@id\":\"https:\\\/\\\/www.fpecaixa.info\\\/#website\"},\"primaryImageOfPage\":{\"@id\":\"https:\\\/\\\/www.fpecaixa.info\\\/evento-pc30-2025-para-participes-y-beneficiarios\\\/#primaryimage\"},\"image\":{\"@id\":\"https:\\\/\\\/www.fpecaixa.info\\\/evento-pc30-2025-para-participes-y-beneficiarios\\\/#primaryimage\"},\"thumbnailUrl\":\"https:\\\/\\\/www.fpecaixa.info\\\/wp-content\\\/uploads\\\/2025\\\/04\\\/logo-castellano-.png\",\"datePublished\":\"2025-05-13T10:35:10+00:00\",\"dateModified\":\"2025-05-14T19:34:01+00:00\",\"author\":{\"@id\":\"https:\\\/\\\/www.fpecaixa.info\\\/#\\\/schema\\\/person\\\/276aa8e6247bc28c8f474b3e30c15c99\"},\"breadcrumb\":{\"@id\":\"https:\\\/\\\/www.fpecaixa.info\\\/evento-pc30-2025-para-participes-y-beneficiarios\\\/#breadcrumb\"},\"inLanguage\":\"ca\",\"potentialAction\":[{\"@type\":\"ReadAction\",\"target\":[\"https:\\\/\\\/www.fpecaixa.info\\\/evento-pc30-2025-para-participes-y-beneficiarios\\\/\"]}]},{\"@type\":\"ImageObject\",\"inLanguage\":\"ca\",\"@id\":\"https:\\\/\\\/www.fpecaixa.info\\\/evento-pc30-2025-para-participes-y-beneficiarios\\\/#primaryimage\",\"url\":\"https:\\\/\\\/www.fpecaixa.info\\\/wp-content\\\/uploads\\\/2025\\\/04\\\/logo-castellano-.png\",\"contentUrl\":\"https:\\\/\\\/www.fpecaixa.info\\\/wp-content\\\/uploads\\\/2025\\\/04\\\/logo-castellano-.png\",\"width\":702,\"height\":341},{\"@type\":\"BreadcrumbList\",\"@id\":\"https:\\\/\\\/www.fpecaixa.info\\\/evento-pc30-2025-para-participes-y-beneficiarios\\\/#breadcrumb\",\"itemListElement\":[{\"@type\":\"ListItem\",\"position\":1,\"name\":\"Inici\",\"item\":\"https:\\\/\\\/www.fpecaixa.info\\\/ca\\\/\"},{\"@type\":\"ListItem\",\"position\":2,\"name\":\"Noticias\",\"item\":\"https:\\\/\\\/www.fpecaixa.info\\\/category\\\/noticias\\\/\"},{\"@type\":\"ListItem\",\"position\":3,\"name\":\"ESDEVENIMENT PC30 2025 PER A PARTICIPES I BENEFICIARIS\"}]},{\"@type\":\"WebSite\",\"@id\":\"https:\\\/\\\/www.fpecaixa.info\\\/#website\",\"url\":\"https:\\\/\\\/www.fpecaixa.info\\\/\",\"name\":\"Plan de Pensiones de Empleo (PC30)\",\"description\":\"Web informativa para el Plan de Pensiones de Empleo (PC30) de trabajadores de Caixabank\",\"potentialAction\":[{\"@type\":\"SearchAction\",\"target\":{\"@type\":\"EntryPoint\",\"urlTemplate\":\"https:\\\/\\\/www.fpecaixa.info\\\/?s={search_term_string}\"},\"query-input\":{\"@type\":\"PropertyValueSpecification\",\"valueRequired\":true,\"valueName\":\"search_term_string\"}}],\"inLanguage\":\"ca\"},{\"@type\":\"Person\",\"@id\":\"https:\\\/\\\/www.fpecaixa.info\\\/#\\\/schema\\\/person\\\/276aa8e6247bc28c8f474b3e30c15c99\",\"name\":\"yblanch\",\"image\":{\"@type\":\"ImageObject\",\"inLanguage\":\"ca\",\"@id\":\"https:\\\/\\\/secure.gravatar.com\\\/avatar\\\/cf47a2caaa03985056d0c2f0c334709ce05432979b4a5332a281a6514e472491?s=96&d=mm&r=g\",\"url\":\"https:\\\/\\\/secure.gravatar.com\\\/avatar\\\/cf47a2caaa03985056d0c2f0c334709ce05432979b4a5332a281a6514e472491?s=96&d=mm&r=g\",\"contentUrl\":\"https:\\\/\\\/secure.gravatar.com\\\/avatar\\\/cf47a2caaa03985056d0c2f0c334709ce05432979b4a5332a281a6514e472491?s=96&d=mm&r=g\",\"caption\":\"yblanch\"},\"url\":\"https:\\\/\\\/www.fpecaixa.info\\\/ca\\\/author\\\/yblanch\\\/\"}]}<\/script>\n<!-- \/ Yoast SEO plugin. -->","yoast_head_json":{"title":"ESDEVENIMENT PC30 2025 PER A PARTICIPES I BENEFICIARIS - Plan de Pensiones de Empleo (PC30)","robots":{"index":"index","follow":"follow","max-snippet":"max-snippet:-1","max-image-preview":"max-image-preview:large","max-video-preview":"max-video-preview:-1"},"canonical":"https:\/\/www.fpecaixa.info\/evento-pc30-2025-para-participes-y-beneficiarios\/","og_locale":"ca_ES","og_type":"article","og_title":"ESDEVENIMENT PC30 2025 PER A PARTICIPES I BENEFICIARIS - Plan de Pensiones de Empleo (PC30)","og_description":"Celebra amb nosaltres els 25 anys del Pla de Pensions d&#8217;Ocupaci\u00f3 ! I coneix com la volatilitat dels mercats i el context internacional pot afectar la rendibilitat del teu pla de pensions . Aquest any, l&#8217;Esdeveniment Anual de Part\u00edcips i Beneficiaris del Pla de Pensions d&#8217;Ocupaci\u00f3 de CaixaBank, el m\u00e9s gran de l&#8217;Estat , ser\u00e0 [&hellip;]","og_url":"https:\/\/www.fpecaixa.info\/evento-pc30-2025-para-participes-y-beneficiarios\/","og_site_name":"Plan de Pensiones de Empleo (PC30)","article_published_time":"2025-05-13T10:35:10+00:00","article_modified_time":"2025-05-14T19:34:01+00:00","og_image":[{"width":702,"height":341,"url":"https:\/\/www.fpecaixa.info\/wp-content\/uploads\/2025\/04\/logo-castellano-.png","type":"image\/png"}],"author":"yblanch","twitter_card":"summary_large_image","twitter_misc":{"Escrit per":"yblanch","Temps estimat de lectura":"1 minut"},"schema":{"@context":"https:\/\/schema.org","@graph":[{"@type":"Article","@id":"https:\/\/www.fpecaixa.info\/evento-pc30-2025-para-participes-y-beneficiarios\/#article","isPartOf":{"@id":"https:\/\/www.fpecaixa.info\/evento-pc30-2025-para-participes-y-beneficiarios\/"},"author":{"name":"yblanch","@id":"https:\/\/www.fpecaixa.info\/#\/schema\/person\/276aa8e6247bc28c8f474b3e30c15c99"},"headline":"ESDEVENIMENT PC30 2025 PER A PARTICIPES I BENEFICIARIS","datePublished":"2025-05-13T10:35:10+00:00","dateModified":"2025-05-14T19:34:01+00:00","mainEntityOfPage":{"@id":"https:\/\/www.fpecaixa.info\/evento-pc30-2025-para-participes-y-beneficiarios\/"},"wordCount":259,"image":{"@id":"https:\/\/www.fpecaixa.info\/evento-pc30-2025-para-participes-y-beneficiarios\/#primaryimage"},"thumbnailUrl":"https:\/\/www.fpecaixa.info\/wp-content\/uploads\/2025\/04\/logo-castellano-.png","articleSection":["Not\u00edcies"],"inLanguage":"ca"},{"@type":"WebPage","@id":"https:\/\/www.fpecaixa.info\/evento-pc30-2025-para-participes-y-beneficiarios\/","url":"https:\/\/www.fpecaixa.info\/evento-pc30-2025-para-participes-y-beneficiarios\/","name":"ESDEVENIMENT PC30 2025 PER A PARTICIPES I BENEFICIARIS - Plan de Pensiones de Empleo (PC30)","isPartOf":{"@id":"https:\/\/www.fpecaixa.info\/#website"},"primaryImageOfPage":{"@id":"https:\/\/www.fpecaixa.info\/evento-pc30-2025-para-participes-y-beneficiarios\/#primaryimage"},"image":{"@id":"https:\/\/www.fpecaixa.info\/evento-pc30-2025-para-participes-y-beneficiarios\/#primaryimage"},"thumbnailUrl":"https:\/\/www.fpecaixa.info\/wp-content\/uploads\/2025\/04\/logo-castellano-.png","datePublished":"2025-05-13T10:35:10+00:00","dateModified":"2025-05-14T19:34:01+00:00","author":{"@id":"https:\/\/www.fpecaixa.info\/#\/schema\/person\/276aa8e6247bc28c8f474b3e30c15c99"},"breadcrumb":{"@id":"https:\/\/www.fpecaixa.info\/evento-pc30-2025-para-participes-y-beneficiarios\/#breadcrumb"},"inLanguage":"ca","potentialAction":[{"@type":"ReadAction","target":["https:\/\/www.fpecaixa.info\/evento-pc30-2025-para-participes-y-beneficiarios\/"]}]},{"@type":"ImageObject","inLanguage":"ca","@id":"https:\/\/www.fpecaixa.info\/evento-pc30-2025-para-participes-y-beneficiarios\/#primaryimage","url":"https:\/\/www.fpecaixa.info\/wp-content\/uploads\/2025\/04\/logo-castellano-.png","contentUrl":"https:\/\/www.fpecaixa.info\/wp-content\/uploads\/2025\/04\/logo-castellano-.png","width":702,"height":341},{"@type":"BreadcrumbList","@id":"https:\/\/www.fpecaixa.info\/evento-pc30-2025-para-participes-y-beneficiarios\/#breadcrumb","itemListElement":[{"@type":"ListItem","position":1,"name":"Inici","item":"https:\/\/www.fpecaixa.info\/ca\/"},{"@type":"ListItem","position":2,"name":"Noticias","item":"https:\/\/www.fpecaixa.info\/category\/noticias\/"},{"@type":"ListItem","position":3,"name":"ESDEVENIMENT PC30 2025 PER A PARTICIPES I BENEFICIARIS"}]},{"@type":"WebSite","@id":"https:\/\/www.fpecaixa.info\/#website","url":"https:\/\/www.fpecaixa.info\/","name":"Plan de Pensiones de Empleo (PC30)","description":"Web informativa para el Plan de Pensiones de Empleo (PC30) de trabajadores de Caixabank","potentialAction":[{"@type":"SearchAction","target":{"@type":"EntryPoint","urlTemplate":"https:\/\/www.fpecaixa.info\/?s={search_term_string}"},"query-input":{"@type":"PropertyValueSpecification","valueRequired":true,"valueName":"search_term_string"}}],"inLanguage":"ca"},{"@type":"Person","@id":"https:\/\/www.fpecaixa.info\/#\/schema\/person\/276aa8e6247bc28c8f474b3e30c15c99","name":"yblanch","image":{"@type":"ImageObject","inLanguage":"ca","@id":"https:\/\/secure.gravatar.com\/avatar\/cf47a2caaa03985056d0c2f0c334709ce05432979b4a5332a281a6514e472491?s=96&d=mm&r=g","url":"https:\/\/secure.gravatar.com\/avatar\/cf47a2caaa03985056d0c2f0c334709ce05432979b4a5332a281a6514e472491?s=96&d=mm&r=g","contentUrl":"https:\/\/secure.gravatar.com\/avatar\/cf47a2caaa03985056d0c2f0c334709ce05432979b4a5332a281a6514e472491?s=96&d=mm&r=g","caption":"yblanch"},"url":"https:\/\/www.fpecaixa.info\/ca\/author\/yblanch\/"}]}},"_links":{"self":[{"href":"https:\/\/www.fpecaixa.info\/ca\/wp-json\/wp\/v2\/posts\/5761","targetHints":{"allow":["GET"]}}],"collection":[{"href":"https:\/\/www.fpecaixa.info\/ca\/wp-json\/wp\/v2\/posts"}],"about":[{"href":"https:\/\/www.fpecaixa.info\/ca\/wp-json\/wp\/v2\/types\/post"}],"author":[{"embeddable":true,"href":"https:\/\/www.fpecaixa.info\/ca\/wp-json\/wp\/v2\/users\/11"}],"replies":[{"embeddable":true,"href":"https:\/\/www.fpecaixa.info\/ca\/wp-json\/wp\/v2\/comments?post=5761"}],"version-history":[{"count":1,"href":"https:\/\/www.fpecaixa.info\/ca\/wp-json\/wp\/v2\/posts\/5761\/revisions"}],"predecessor-version":[{"id":5762,"href":"https:\/\/www.fpecaixa.info\/ca\/wp-json\/wp\/v2\/posts\/5761\/revisions\/5762"}],"wp:featuredmedia":[{"embeddable":true,"href":"https:\/\/www.fpecaixa.info\/ca\/wp-json\/wp\/v2\/media\/5673"}],"wp:attachment":[{"href":"https:\/\/www.fpecaixa.info\/ca\/wp-json\/wp\/v2\/media?parent=5761"}],"wp:term":[{"taxonomy":"category","embeddable":true,"href":"https:\/\/www.fpecaixa.info\/ca\/wp-json\/wp\/v2\/categories?post=5761"},{"taxonomy":"post_tag","embeddable":true,"href":"https:\/\/www.fpecaixa.info\/ca\/wp-json\/wp\/v2\/tags?post=5761"}],"curies":[{"name":"wp","href":"https:\/\/api.w.org\/{rel}","templated":true}]}}