{"id":5920,"date":"2025-12-17T10:35:40","date_gmt":"2025-12-17T10:35:40","guid":{"rendered":"https:\/\/www.fpecaixa.info\/llancem-aporta-la-nova-plataforma-per-planificar-el-futur\/"},"modified":"2026-01-29T09:45:07","modified_gmt":"2026-01-29T09:45:07","slug":"llancem-aporta-la-nova-plataforma-per-planificar-el-futur","status":"publish","type":"post","link":"https:\/\/www.fpecaixa.info\/ca\/llancem-aporta-la-nova-plataforma-per-planificar-el-futur\/","title":{"rendered":"Llancem Aporta+: la teva nova plataforma per a planificar el futur!"},"content":{"rendered":"\n<h2 class=\"wp-block-heading\"><\/h2>\n\n<p>Coincidint amb el 25\u00e8 aniversari del Pla de Pensions d&#8217;Ocupaci\u00f3 de CaixaBank (PC30), presentem <strong>Aporta+<\/strong>, una nova plataforma digital dissenyada per a ajudar-te a gestionar el teu futur financer de forma m\u00e9s senzilla, personalitzada i efica\u00e7.<\/p>\n\n<h3 class=\"wp-block-heading\">\u00bfQu\u00e8 \u00e9s Aporta+?<\/h3>\n\n<p><strong>Aporta+<\/strong> \u00e9s un entorn digital exclusiu per als part\u00edcips i beneficiaris del PC30, et permet gestionar de manera senzilla i segura el teu <strong>Plan de Pensions d&#8217; Empleat i la resta de productes de previsi\u00f3 social empresarial<\/strong><s>.<\/s> <strong>Aporta+ <\/strong> est\u00e0 pensada per oferirte una <strong>visi\u00f3 consolidada de tots els teus productes de previsi\u00f3 social<\/strong> i ajudar-te a prendre decisions financeres informades.<\/p>\n\n<h3 class=\"wp-block-heading\">\u00bfQu\u00e9 podr\u00e0s fer des de Aporta+?<\/h3>\n\n<ul class=\"wp-block-list\">\n<li><strong>Consulta els productes<\/strong>: Visualitza tots els teus plans de pensions i assegurances col\u00b7lectives, com els de Compensa+, amb el detall complet d&#8217;aportacions, beneficiaris i evoluci\u00f3.<\/li>\n\n\n\n<li><strong>Planificar el teu futur<\/strong>: Simuladors avan\u00e7ats d&#8217;estalvi, cobrament i asseguran\u00e7a de vida, amb prec\u00e0rrega autom\u00e0tica de les teves dades, que t&#8217;ajudaran a prendre decisions informades.<\/li>\n\n\n\n<li><strong>Gestionar el pla<\/strong>: Modifica el teu compte vinculat, designa beneficiaris en qualsevol dels teus productes de previsi\u00f3 social empresarial o realitza aportacions volunt\u00e0ries directament des de la plataforma.<\/li>\n\n\n\n<li><strong>Accedir a documentaci\u00f3 clau<\/strong>: Reglament del pla, fulles de liquidaci\u00f3, formularis de prestacions i biblioteca formativa.<\/li>\n\n\n\n<li><strong>Mantenir-te informat<\/strong>: Rep newsletters, v\u00eddeos i comunicacions personalitzades adaptades als teus interessos i perfil.<\/li>\n\n\n\n<li><strong>Participar en iniciatives com el Quiz \u201cConeix el teu Pla\u201d<\/strong>: Apr\u00e8n sobre el PC30 de manera din\u00e0mica i guanya premis pel teu coneixement.<\/li>\n<\/ul>\n\n<h3 class=\"wp-block-heading\">Quan i com accedir?<\/h3>\n\n<p>La plataforma ja<strong>est\u00e0 disponible i es<\/strong> pot accedir tant <strong>des de la web fent clic a <a href=\"https:\/\/aportamas.vidacaixa.es\/inicio?emp=8f4908a031001435dcffbf5541c195ad1e2ac5a1\" target=\"_blank\" rel=\"noreferrer noopener\">VidaCaixa Aporta+<\/a> com desde la app m\u00f2vil <strong>VidaCaixa Aporta+<\/strong>.<\/strong><\/p>\n\n<p><strong>Per donar-te d&#8217; alta nom\u00e8s necesites <\/strong><strong>\u2b07\ufe0f<\/strong><\/p>\n\n<ol start=\"1\" class=\"wp-block-list\">\n<li>Entrar a <a href=\"https:\/\/aportamas.vidacaixa.es\/inicio?emp=8f4908a031001435dcffbf5541c195ad1e2ac5a1\" target=\"_blank\" rel=\"noreferrer noopener\">VidaCaixa Aporta+<\/a> des de la app o v\u00eda web.<\/li>\n\n\n\n<li>Seleccionar colectii: PPE CaixaBank PENS30.<\/li>\n\n\n\n<li>Emplenar el formulari.<\/li>\n\n\n\n<li>Realitzar fotoidentificaci\u00f3.<\/li>\n\n\n\n<li>Validar per SMS.<\/li>\n<\/ol>\n\n<p><strong>\u00bfTieTens dubtes?<\/strong><\/p>\n\n<p>Consulta <a href=\"https:\/\/www.fpecaixa.info\/ca\/contacte\/\">www.fpecaixa.info\/contacta<\/a> o escriu a <a href=\"mailto:oficina.fp@caixabank.com\">oficina.fp@caixabank.com<\/a>.<\/p>\n\n<p><strong>Aporta+<\/strong> es una eina m\u00e9s per a ajudar-te a cuidar del teu benestar financer. Perqu\u00e8 planificar el teu futur \u00e9s cuidar de tu. <\/p>\n","protected":false},"excerpt":{"rendered":"<p>Coincidint amb el 25\u00e8 aniversari del Pla de Pensions d&#8217;Ocupaci\u00f3 de CaixaBank (PC30), presentem Aporta+, una nova plataforma digital dissenyada per a ajudar-te a gestionar el teu futur financer de forma m\u00e9s senzilla, personalitzada i efica\u00e7. \u00bfQu\u00e8 \u00e9s Aporta+? Aporta+ \u00e9s un entorn digital exclusiu per als part\u00edcips i beneficiaris del PC30, et permet gestionar [&hellip;]<\/p>\n","protected":false},"author":13,"featured_media":5919,"comment_status":"closed","ping_status":"open","sticky":false,"template":"","format":"standard","meta":{"_acf_changed":false,"_monsterinsights_skip_tracking":false,"_monsterinsights_sitenote_active":false,"_monsterinsights_sitenote_note":"","_monsterinsights_sitenote_category":0,"footnotes":""},"categories":[56,57,21],"tags":[],"class_list":["post-5920","post","type-post","status-publish","format-standard","has-post-thumbnail","hentry","category-destacades","category-noticies","category-sense-categoria"],"acf":[],"yoast_head":"<!-- This site is optimized with the Yoast SEO plugin v27.5 - https:\/\/yoast.com\/product\/yoast-seo-wordpress\/ -->\n<title>Llancem Aporta+: la teva nova plataforma per a planificar el futur! - Plan de Pensiones de Empleo (PC30)<\/title>\n<meta name=\"robots\" content=\"index, follow, max-snippet:-1, max-image-preview:large, max-video-preview:-1\" \/>\n<link rel=\"canonical\" href=\"https:\/\/www.fpecaixa.info\/ca\/llancem-aporta-la-nova-plataforma-per-planificar-el-futur\/\" \/>\n<meta property=\"og:locale\" content=\"ca_ES\" \/>\n<meta property=\"og:type\" content=\"article\" \/>\n<meta property=\"og:title\" content=\"Llancem Aporta+: la teva nova plataforma per a planificar el futur! - Plan de Pensiones de Empleo (PC30)\" \/>\n<meta property=\"og:description\" content=\"Coincidint amb el 25\u00e8 aniversari del Pla de Pensions d&#8217;Ocupaci\u00f3 de CaixaBank (PC30), presentem Aporta+, una nova plataforma digital dissenyada per a ajudar-te a gestionar el teu futur financer de forma m\u00e9s senzilla, personalitzada i efica\u00e7. \u00bfQu\u00e8 \u00e9s Aporta+? Aporta+ \u00e9s un entorn digital exclusiu per als part\u00edcips i beneficiaris del PC30, et permet gestionar [&hellip;]\" \/>\n<meta property=\"og:url\" content=\"https:\/\/www.fpecaixa.info\/ca\/llancem-aporta-la-nova-plataforma-per-planificar-el-futur\/\" \/>\n<meta property=\"og:site_name\" content=\"Plan de Pensiones de Empleo (PC30)\" \/>\n<meta property=\"article:published_time\" content=\"2025-12-17T10:35:40+00:00\" \/>\n<meta property=\"article:modified_time\" content=\"2026-01-29T09:45:07+00:00\" \/>\n<meta property=\"og:image\" content=\"https:\/\/www.fpecaixa.info\/wp-content\/uploads\/2025\/12\/ImagenAportamas.png\" \/>\n\t<meta property=\"og:image:width\" content=\"752\" \/>\n\t<meta property=\"og:image:height\" content=\"463\" \/>\n\t<meta property=\"og:image:type\" content=\"image\/png\" \/>\n<meta name=\"author\" content=\"jordiribalta\" \/>\n<meta name=\"twitter:card\" content=\"summary_large_image\" \/>\n<meta name=\"twitter:label1\" content=\"Escrit per\" \/>\n\t<meta name=\"twitter:data1\" content=\"jordiribalta\" \/>\n\t<meta name=\"twitter:label2\" content=\"Temps estimat de lectura\" \/>\n\t<meta name=\"twitter:data2\" content=\"2 minuts\" \/>\n<script type=\"application\/ld+json\" class=\"yoast-schema-graph\">{\"@context\":\"https:\\\/\\\/schema.org\",\"@graph\":[{\"@type\":\"Article\",\"@id\":\"https:\\\/\\\/www.fpecaixa.info\\\/ca\\\/llancem-aporta-la-nova-plataforma-per-planificar-el-futur\\\/#article\",\"isPartOf\":{\"@id\":\"https:\\\/\\\/www.fpecaixa.info\\\/ca\\\/llancem-aporta-la-nova-plataforma-per-planificar-el-futur\\\/\"},\"author\":{\"name\":\"jordiribalta\",\"@id\":\"https:\\\/\\\/www.fpecaixa.info\\\/#\\\/schema\\\/person\\\/ea7617a21b22b88853892a4589c984ee\"},\"headline\":\"Llancem Aporta+: la teva nova plataforma per a planificar el futur!\",\"datePublished\":\"2025-12-17T10:35:40+00:00\",\"dateModified\":\"2026-01-29T09:45:07+00:00\",\"mainEntityOfPage\":{\"@id\":\"https:\\\/\\\/www.fpecaixa.info\\\/ca\\\/llancem-aporta-la-nova-plataforma-per-planificar-el-futur\\\/\"},\"wordCount\":358,\"image\":{\"@id\":\"https:\\\/\\\/www.fpecaixa.info\\\/ca\\\/llancem-aporta-la-nova-plataforma-per-planificar-el-futur\\\/#primaryimage\"},\"thumbnailUrl\":\"https:\\\/\\\/www.fpecaixa.info\\\/wp-content\\\/uploads\\\/2025\\\/12\\\/ImagenAportamas.png\",\"articleSection\":[\"Destacades\",\"Not\u00edcies\"],\"inLanguage\":\"ca\"},{\"@type\":\"WebPage\",\"@id\":\"https:\\\/\\\/www.fpecaixa.info\\\/ca\\\/llancem-aporta-la-nova-plataforma-per-planificar-el-futur\\\/\",\"url\":\"https:\\\/\\\/www.fpecaixa.info\\\/ca\\\/llancem-aporta-la-nova-plataforma-per-planificar-el-futur\\\/\",\"name\":\"Llancem Aporta+: la teva nova plataforma per a planificar el futur! - Plan de Pensiones de Empleo (PC30)\",\"isPartOf\":{\"@id\":\"https:\\\/\\\/www.fpecaixa.info\\\/#website\"},\"primaryImageOfPage\":{\"@id\":\"https:\\\/\\\/www.fpecaixa.info\\\/ca\\\/llancem-aporta-la-nova-plataforma-per-planificar-el-futur\\\/#primaryimage\"},\"image\":{\"@id\":\"https:\\\/\\\/www.fpecaixa.info\\\/ca\\\/llancem-aporta-la-nova-plataforma-per-planificar-el-futur\\\/#primaryimage\"},\"thumbnailUrl\":\"https:\\\/\\\/www.fpecaixa.info\\\/wp-content\\\/uploads\\\/2025\\\/12\\\/ImagenAportamas.png\",\"datePublished\":\"2025-12-17T10:35:40+00:00\",\"dateModified\":\"2026-01-29T09:45:07+00:00\",\"author\":{\"@id\":\"https:\\\/\\\/www.fpecaixa.info\\\/#\\\/schema\\\/person\\\/ea7617a21b22b88853892a4589c984ee\"},\"breadcrumb\":{\"@id\":\"https:\\\/\\\/www.fpecaixa.info\\\/ca\\\/llancem-aporta-la-nova-plataforma-per-planificar-el-futur\\\/#breadcrumb\"},\"inLanguage\":\"ca\",\"potentialAction\":[{\"@type\":\"ReadAction\",\"target\":[\"https:\\\/\\\/www.fpecaixa.info\\\/ca\\\/llancem-aporta-la-nova-plataforma-per-planificar-el-futur\\\/\"]}]},{\"@type\":\"ImageObject\",\"inLanguage\":\"ca\",\"@id\":\"https:\\\/\\\/www.fpecaixa.info\\\/ca\\\/llancem-aporta-la-nova-plataforma-per-planificar-el-futur\\\/#primaryimage\",\"url\":\"https:\\\/\\\/www.fpecaixa.info\\\/wp-content\\\/uploads\\\/2025\\\/12\\\/ImagenAportamas.png\",\"contentUrl\":\"https:\\\/\\\/www.fpecaixa.info\\\/wp-content\\\/uploads\\\/2025\\\/12\\\/ImagenAportamas.png\",\"width\":752,\"height\":463},{\"@type\":\"BreadcrumbList\",\"@id\":\"https:\\\/\\\/www.fpecaixa.info\\\/ca\\\/llancem-aporta-la-nova-plataforma-per-planificar-el-futur\\\/#breadcrumb\",\"itemListElement\":[{\"@type\":\"ListItem\",\"position\":1,\"name\":\"Inici\",\"item\":\"https:\\\/\\\/www.fpecaixa.info\\\/ca\\\/\"},{\"@type\":\"ListItem\",\"position\":2,\"name\":\"Sin categorizar\",\"item\":\"https:\\\/\\\/www.fpecaixa.info\\\/category\\\/sin-categorizar\\\/\"},{\"@type\":\"ListItem\",\"position\":3,\"name\":\"Llancem Aporta+: la teva nova plataforma per a planificar el futur!\"}]},{\"@type\":\"WebSite\",\"@id\":\"https:\\\/\\\/www.fpecaixa.info\\\/#website\",\"url\":\"https:\\\/\\\/www.fpecaixa.info\\\/\",\"name\":\"Plan de Pensiones de Empleo (PC30)\",\"description\":\"Web informativa para el Plan de Pensiones de Empleo (PC30) de trabajadores de Caixabank\",\"potentialAction\":[{\"@type\":\"SearchAction\",\"target\":{\"@type\":\"EntryPoint\",\"urlTemplate\":\"https:\\\/\\\/www.fpecaixa.info\\\/?s={search_term_string}\"},\"query-input\":{\"@type\":\"PropertyValueSpecification\",\"valueRequired\":true,\"valueName\":\"search_term_string\"}}],\"inLanguage\":\"ca\"},{\"@type\":\"Person\",\"@id\":\"https:\\\/\\\/www.fpecaixa.info\\\/#\\\/schema\\\/person\\\/ea7617a21b22b88853892a4589c984ee\",\"name\":\"jordiribalta\",\"image\":{\"@type\":\"ImageObject\",\"inLanguage\":\"ca\",\"@id\":\"https:\\\/\\\/secure.gravatar.com\\\/avatar\\\/f3039b9127f7ef0a1b553d469503459c2a8efe418ec041aa3e3a9f1a3a5b46e6?s=96&d=mm&r=g\",\"url\":\"https:\\\/\\\/secure.gravatar.com\\\/avatar\\\/f3039b9127f7ef0a1b553d469503459c2a8efe418ec041aa3e3a9f1a3a5b46e6?s=96&d=mm&r=g\",\"contentUrl\":\"https:\\\/\\\/secure.gravatar.com\\\/avatar\\\/f3039b9127f7ef0a1b553d469503459c2a8efe418ec041aa3e3a9f1a3a5b46e6?s=96&d=mm&r=g\",\"caption\":\"jordiribalta\"},\"url\":\"https:\\\/\\\/www.fpecaixa.info\\\/ca\\\/author\\\/jordiribalta\\\/\"}]}<\/script>\n<!-- \/ Yoast SEO plugin. -->","yoast_head_json":{"title":"Llancem Aporta+: la teva nova plataforma per a planificar el futur! - Plan de Pensiones de Empleo (PC30)","robots":{"index":"index","follow":"follow","max-snippet":"max-snippet:-1","max-image-preview":"max-image-preview:large","max-video-preview":"max-video-preview:-1"},"canonical":"https:\/\/www.fpecaixa.info\/ca\/llancem-aporta-la-nova-plataforma-per-planificar-el-futur\/","og_locale":"ca_ES","og_type":"article","og_title":"Llancem Aporta+: la teva nova plataforma per a planificar el futur! - Plan de Pensiones de Empleo (PC30)","og_description":"Coincidint amb el 25\u00e8 aniversari del Pla de Pensions d&#8217;Ocupaci\u00f3 de CaixaBank (PC30), presentem Aporta+, una nova plataforma digital dissenyada per a ajudar-te a gestionar el teu futur financer de forma m\u00e9s senzilla, personalitzada i efica\u00e7. \u00bfQu\u00e8 \u00e9s Aporta+? Aporta+ \u00e9s un entorn digital exclusiu per als part\u00edcips i beneficiaris del PC30, et permet gestionar [&hellip;]","og_url":"https:\/\/www.fpecaixa.info\/ca\/llancem-aporta-la-nova-plataforma-per-planificar-el-futur\/","og_site_name":"Plan de Pensiones de Empleo (PC30)","article_published_time":"2025-12-17T10:35:40+00:00","article_modified_time":"2026-01-29T09:45:07+00:00","og_image":[{"width":752,"height":463,"url":"https:\/\/www.fpecaixa.info\/wp-content\/uploads\/2025\/12\/ImagenAportamas.png","type":"image\/png"}],"author":"jordiribalta","twitter_card":"summary_large_image","twitter_misc":{"Escrit per":"jordiribalta","Temps estimat de lectura":"2 minuts"},"schema":{"@context":"https:\/\/schema.org","@graph":[{"@type":"Article","@id":"https:\/\/www.fpecaixa.info\/ca\/llancem-aporta-la-nova-plataforma-per-planificar-el-futur\/#article","isPartOf":{"@id":"https:\/\/www.fpecaixa.info\/ca\/llancem-aporta-la-nova-plataforma-per-planificar-el-futur\/"},"author":{"name":"jordiribalta","@id":"https:\/\/www.fpecaixa.info\/#\/schema\/person\/ea7617a21b22b88853892a4589c984ee"},"headline":"Llancem Aporta+: la teva nova plataforma per a planificar el futur!","datePublished":"2025-12-17T10:35:40+00:00","dateModified":"2026-01-29T09:45:07+00:00","mainEntityOfPage":{"@id":"https:\/\/www.fpecaixa.info\/ca\/llancem-aporta-la-nova-plataforma-per-planificar-el-futur\/"},"wordCount":358,"image":{"@id":"https:\/\/www.fpecaixa.info\/ca\/llancem-aporta-la-nova-plataforma-per-planificar-el-futur\/#primaryimage"},"thumbnailUrl":"https:\/\/www.fpecaixa.info\/wp-content\/uploads\/2025\/12\/ImagenAportamas.png","articleSection":["Destacades","Not\u00edcies"],"inLanguage":"ca"},{"@type":"WebPage","@id":"https:\/\/www.fpecaixa.info\/ca\/llancem-aporta-la-nova-plataforma-per-planificar-el-futur\/","url":"https:\/\/www.fpecaixa.info\/ca\/llancem-aporta-la-nova-plataforma-per-planificar-el-futur\/","name":"Llancem Aporta+: la teva nova plataforma per a planificar el futur! - Plan de Pensiones de Empleo (PC30)","isPartOf":{"@id":"https:\/\/www.fpecaixa.info\/#website"},"primaryImageOfPage":{"@id":"https:\/\/www.fpecaixa.info\/ca\/llancem-aporta-la-nova-plataforma-per-planificar-el-futur\/#primaryimage"},"image":{"@id":"https:\/\/www.fpecaixa.info\/ca\/llancem-aporta-la-nova-plataforma-per-planificar-el-futur\/#primaryimage"},"thumbnailUrl":"https:\/\/www.fpecaixa.info\/wp-content\/uploads\/2025\/12\/ImagenAportamas.png","datePublished":"2025-12-17T10:35:40+00:00","dateModified":"2026-01-29T09:45:07+00:00","author":{"@id":"https:\/\/www.fpecaixa.info\/#\/schema\/person\/ea7617a21b22b88853892a4589c984ee"},"breadcrumb":{"@id":"https:\/\/www.fpecaixa.info\/ca\/llancem-aporta-la-nova-plataforma-per-planificar-el-futur\/#breadcrumb"},"inLanguage":"ca","potentialAction":[{"@type":"ReadAction","target":["https:\/\/www.fpecaixa.info\/ca\/llancem-aporta-la-nova-plataforma-per-planificar-el-futur\/"]}]},{"@type":"ImageObject","inLanguage":"ca","@id":"https:\/\/www.fpecaixa.info\/ca\/llancem-aporta-la-nova-plataforma-per-planificar-el-futur\/#primaryimage","url":"https:\/\/www.fpecaixa.info\/wp-content\/uploads\/2025\/12\/ImagenAportamas.png","contentUrl":"https:\/\/www.fpecaixa.info\/wp-content\/uploads\/2025\/12\/ImagenAportamas.png","width":752,"height":463},{"@type":"BreadcrumbList","@id":"https:\/\/www.fpecaixa.info\/ca\/llancem-aporta-la-nova-plataforma-per-planificar-el-futur\/#breadcrumb","itemListElement":[{"@type":"ListItem","position":1,"name":"Inici","item":"https:\/\/www.fpecaixa.info\/ca\/"},{"@type":"ListItem","position":2,"name":"Sin categorizar","item":"https:\/\/www.fpecaixa.info\/category\/sin-categorizar\/"},{"@type":"ListItem","position":3,"name":"Llancem Aporta+: la teva nova plataforma per a planificar el futur!"}]},{"@type":"WebSite","@id":"https:\/\/www.fpecaixa.info\/#website","url":"https:\/\/www.fpecaixa.info\/","name":"Plan de Pensiones de Empleo (PC30)","description":"Web informativa para el Plan de Pensiones de Empleo (PC30) de trabajadores de Caixabank","potentialAction":[{"@type":"SearchAction","target":{"@type":"EntryPoint","urlTemplate":"https:\/\/www.fpecaixa.info\/?s={search_term_string}"},"query-input":{"@type":"PropertyValueSpecification","valueRequired":true,"valueName":"search_term_string"}}],"inLanguage":"ca"},{"@type":"Person","@id":"https:\/\/www.fpecaixa.info\/#\/schema\/person\/ea7617a21b22b88853892a4589c984ee","name":"jordiribalta","image":{"@type":"ImageObject","inLanguage":"ca","@id":"https:\/\/secure.gravatar.com\/avatar\/f3039b9127f7ef0a1b553d469503459c2a8efe418ec041aa3e3a9f1a3a5b46e6?s=96&d=mm&r=g","url":"https:\/\/secure.gravatar.com\/avatar\/f3039b9127f7ef0a1b553d469503459c2a8efe418ec041aa3e3a9f1a3a5b46e6?s=96&d=mm&r=g","contentUrl":"https:\/\/secure.gravatar.com\/avatar\/f3039b9127f7ef0a1b553d469503459c2a8efe418ec041aa3e3a9f1a3a5b46e6?s=96&d=mm&r=g","caption":"jordiribalta"},"url":"https:\/\/www.fpecaixa.info\/ca\/author\/jordiribalta\/"}]}},"_links":{"self":[{"href":"https:\/\/www.fpecaixa.info\/ca\/wp-json\/wp\/v2\/posts\/5920","targetHints":{"allow":["GET"]}}],"collection":[{"href":"https:\/\/www.fpecaixa.info\/ca\/wp-json\/wp\/v2\/posts"}],"about":[{"href":"https:\/\/www.fpecaixa.info\/ca\/wp-json\/wp\/v2\/types\/post"}],"author":[{"embeddable":true,"href":"https:\/\/www.fpecaixa.info\/ca\/wp-json\/wp\/v2\/users\/13"}],"replies":[{"embeddable":true,"href":"https:\/\/www.fpecaixa.info\/ca\/wp-json\/wp\/v2\/comments?post=5920"}],"version-history":[{"count":1,"href":"https:\/\/www.fpecaixa.info\/ca\/wp-json\/wp\/v2\/posts\/5920\/revisions"}],"predecessor-version":[{"id":5921,"href":"https:\/\/www.fpecaixa.info\/ca\/wp-json\/wp\/v2\/posts\/5920\/revisions\/5921"}],"wp:featuredmedia":[{"embeddable":true,"href":"https:\/\/www.fpecaixa.info\/ca\/wp-json\/wp\/v2\/media\/5919"}],"wp:attachment":[{"href":"https:\/\/www.fpecaixa.info\/ca\/wp-json\/wp\/v2\/media?parent=5920"}],"wp:term":[{"taxonomy":"category","embeddable":true,"href":"https:\/\/www.fpecaixa.info\/ca\/wp-json\/wp\/v2\/categories?post=5920"},{"taxonomy":"post_tag","embeddable":true,"href":"https:\/\/www.fpecaixa.info\/ca\/wp-json\/wp\/v2\/tags?post=5920"}],"curies":[{"name":"wp","href":"https:\/\/api.w.org\/{rel}","templated":true}]}}