{"id":5931,"date":"2026-02-09T13:40:58","date_gmt":"2026-02-09T13:40:58","guid":{"rendered":"https:\/\/www.fpecaixa.info\/que-ha-passat-en-els-mercats-durant-2025\/"},"modified":"2026-02-19T10:05:22","modified_gmt":"2026-02-19T10:05:22","slug":"que-ha-passat-en-els-mercats-durant-2025","status":"publish","type":"post","link":"https:\/\/www.fpecaixa.info\/ca\/que-ha-passat-en-els-mercats-durant-2025\/","title":{"rendered":"Qu\u00e8 ha passat els mercats durant el 2025?"},"content":{"rendered":"\n<p><em>Resum d?un any que va comen\u00e7ar amb turbul\u00e8ncies i va acabar amb impuls.<\/em><\/p>\n\n<p>L&#8217;any 2025 ha estat un exercici molt interessant als mercats financers. Va comen\u00e7ar amb un to marcat per la volatilitat i la cautela, provocat en gran part pel gir agressiu a la pol\u00edtica comercial de la nova Administraci\u00f3 nord-americana, que va introduir nous aranzels i va generar tensions amb diversos socis estrat\u00e8gics. Aquest xoc aranzelari inicial va afectar la confian\u00e7a global i les cadenes de subministrament els primers mesos de l&#8217;any.  <\/p>\n\n<p>No obstant aix\u00f2, a mesura que avan\u00e7aven els trimestres, els mercats van anar recuperant el pols. L&#8217;activitat econ\u00f2mica global va mostrar una resili\u00e8ncia superior a l&#8217;esperada, i l&#8217;entorn de tipus m\u00e9s estables es va combinar amb impulsos estructurals positius, com ara la inversi\u00f3 en Intel\u00b7lig\u00e8ncia Artificial, i va tornar la gana pel risc a molts actius. <\/p>\n\n<p><strong>Renda variable: Europa, \u00c0sia i emergents prenen el protagonisme<\/strong><\/p>\n\n<p>A la part de renda variable, l&#8217;any va ser clarament positiu: Europa va destacar per la recuperaci\u00f3, recolzada en un entorn macro m\u00e9s s\u00f2lid i una pol\u00edtica monet\u00e0ria estabilitzada. \u00c0sia va brillar per l&#8217;empenta de la inversi\u00f3 tecnol\u00f2gica i una integraci\u00f3 regional m\u00e9s gran. <\/p>\n\n<p>Els mercats emergents van tenir comportaments molt destacats, amb pujades de doble d\u00edgit en molts casos, beneficiant-se de fluxos internacionals, estabilitzaci\u00f3 de divises i valoracions atractives.<\/p>\n\n<p>Tot i que els EUA tamb\u00e9 van tancar amb rendibilitats positives, la seva evoluci\u00f3 va ser m\u00e9s moderada que en anys anteriors, cosa que va suposar una certa rotaci\u00f3 de fluxos cap a altres regions amb millors expectatives de creixement relatiu.<\/p>\n\n<p><strong>Renda fixa: tornada a l&#8217;estabilitat despr\u00e9s d&#8217;anys complexos<\/strong><\/p>\n\n<p>La renda fixa va viure un any de recuperaci\u00f3 gradual i normalitzaci\u00f3. La moderaci\u00f3 en les expectatives d&#8217;inflaci\u00f3 i la possibilitat de retallades de tipus el 2026 van fer que tant els bons sobirans com el deute corporatiu tinguessin una evoluci\u00f3 estable i, en molts casos, positiu. <\/p>\n\n<p>Els inversors van recuperar l&#8217;inter\u00e8s per aquests actius, i van valorar especialment la capacitat per equilibrar les carteres despr\u00e9s d&#8217;anys d&#8217;elevada volatilitat.<\/p>\n\n<p>Energia: el petroli com a estabilitzador del creixement global<\/p>\n\n<p>Un dels grans protagonistes silenciosos del 2025 va ser el preu de l&#8217;energia, que es va mantenir en nivells moderats i estables malgrat el context geopol\u00edtic complex.<\/p>\n\n<p>El preu del petroli va oscil\u00b7lar en una banda controlada durant bona part de l&#8217;any, cosa que va permetre evitar repunts inflacionistes i va sostenir el consum, especialment a les economies m\u00e9s dependents d&#8217;importacions energ\u00e8tiques.<\/p>\n\n<p>Aquesta moderaci\u00f3 dels costos energ\u00e8tics va actuar com un potent suport per al creixement econ\u00f2mic global, facilitant marges m\u00e9s grans en sectors industrials i de transport, un alleujament per als bancs centrals en la seva lluita contra la inflaci\u00f3 i un impuls indirecte al poder adquisitiu de les llars.<\/p>\n\n<p><strong>I com ha impactat tot aix\u00f2 a PC30?<\/strong><\/p>\n\n<p>En aquest context de mercats favorable per\u00f2 exigent, el nostre fons de pensions PC30 ha tancat l&#8217;any 2025 amb una rendibilitat del 4,76%.<\/p>\n\n<p>Aquesta evoluci\u00f3 ha estat marcada per diversos factors:<\/p>\n\n<p>La renda variable, amb un pes al voltant del 34% de la cartera, ha estat el principal motor de la rendibilitat, especialment per la positiva evoluci\u00f3 dels mercats europeus, asi\u00e0tics i emergents.<\/p>\n\n<p>La renda fixa, que representa un 49% del fons, ha aportat estabilitat en un entorn de tipus que s&#8217;ha moderat al llarg de l&#8217;any. Encara que no ha brillat, s\u00ed que ha ofert refugi i diversificaci\u00f3. <\/p>\n\n<p>L&#8217;exposici\u00f3 a actius alternatius (17%) ha mantingut la funci\u00f3 de diversificaci\u00f3, amb resultats lleugerament positius, especialment en estrat\u00e8gies d&#8217;infraestructura i cr\u00e8dit privat.<\/p>\n\n<p>A la banda menys favorable, l&#8217;exposici\u00f3 a actius en d\u00f2lars ha restat una mica de rendibilitat a causa de la debilitat relativa de la divisa davant de l&#8217;euro durant bona part de l&#8217;exercici. Tot i que la cobertura parcial ha funcionat correctament, no ha estat suficient per neutralitzar del tot aquest efecte. <\/p>\n\n<p>Tot i aix\u00ed, el fons ha tancat amb una rendibilitat positiva i en l\u00ednia amb el seu perfil de risc, i ha confirmat la import\u00e0ncia de mantenir una cartera diversificada, s\u00f2lida i gestionada amb visi\u00f3 a llarg termini, fins i tot en contextos canviants.<\/p>\n","protected":false},"excerpt":{"rendered":"<p>Resum d?un any que va comen\u00e7ar amb turbul\u00e8ncies i va acabar amb impuls. L&#8217;any 2025 ha estat un exercici molt interessant als mercats financers. Va comen\u00e7ar amb un to marcat per la volatilitat i la cautela, provocat en gran part pel gir agressiu a la pol\u00edtica comercial de la nova Administraci\u00f3 nord-americana, que va introduir [&hellip;]<\/p>\n","protected":false},"author":13,"featured_media":4983,"comment_status":"closed","ping_status":"open","sticky":false,"template":"","format":"standard","meta":{"_acf_changed":false,"_monsterinsights_skip_tracking":false,"_monsterinsights_sitenote_active":false,"_monsterinsights_sitenote_note":"","_monsterinsights_sitenote_category":0,"footnotes":""},"categories":[57],"tags":[],"class_list":["post-5931","post","type-post","status-publish","format-standard","has-post-thumbnail","hentry","category-noticies"],"acf":[],"yoast_head":"<!-- This site is optimized with the Yoast SEO plugin v27.5 - https:\/\/yoast.com\/product\/yoast-seo-wordpress\/ -->\n<title>Qu\u00e8 ha passat els mercats durant el 2025? - Plan de Pensiones de Empleo (PC30)<\/title>\n<meta name=\"robots\" content=\"index, follow, max-snippet:-1, max-image-preview:large, max-video-preview:-1\" \/>\n<link rel=\"canonical\" href=\"https:\/\/www.fpecaixa.info\/ca\/que-ha-passat-en-els-mercats-durant-2025\/\" \/>\n<meta property=\"og:locale\" content=\"ca_ES\" \/>\n<meta property=\"og:type\" content=\"article\" \/>\n<meta property=\"og:title\" content=\"Qu\u00e8 ha passat els mercats durant el 2025? - Plan de Pensiones de Empleo (PC30)\" \/>\n<meta property=\"og:description\" content=\"Resum d?un any que va comen\u00e7ar amb turbul\u00e8ncies i va acabar amb impuls. L&#8217;any 2025 ha estat un exercici molt interessant als mercats financers. Va comen\u00e7ar amb un to marcat per la volatilitat i la cautela, provocat en gran part pel gir agressiu a la pol\u00edtica comercial de la nova Administraci\u00f3 nord-americana, que va introduir [&hellip;]\" \/>\n<meta property=\"og:url\" content=\"https:\/\/www.fpecaixa.info\/ca\/que-ha-passat-en-els-mercats-durant-2025\/\" \/>\n<meta property=\"og:site_name\" content=\"Plan de Pensiones de Empleo (PC30)\" \/>\n<meta property=\"article:published_time\" content=\"2026-02-09T13:40:58+00:00\" \/>\n<meta property=\"article:modified_time\" content=\"2026-02-19T10:05:22+00:00\" \/>\n<meta property=\"og:image\" content=\"https:\/\/www.fpecaixa.info\/wp-content\/uploads\/2023\/11\/stocks.jpeg\" \/>\n\t<meta property=\"og:image:width\" content=\"275\" \/>\n\t<meta property=\"og:image:height\" content=\"183\" \/>\n\t<meta property=\"og:image:type\" content=\"image\/jpeg\" \/>\n<meta name=\"author\" content=\"jordiribalta\" \/>\n<meta name=\"twitter:card\" content=\"summary_large_image\" \/>\n<meta name=\"twitter:label1\" content=\"Escrit per\" \/>\n\t<meta name=\"twitter:data1\" content=\"jordiribalta\" \/>\n\t<meta name=\"twitter:label2\" content=\"Temps estimat de lectura\" \/>\n\t<meta name=\"twitter:data2\" content=\"4 minuts\" \/>\n<script type=\"application\/ld+json\" class=\"yoast-schema-graph\">{\"@context\":\"https:\\\/\\\/schema.org\",\"@graph\":[{\"@type\":\"Article\",\"@id\":\"https:\\\/\\\/www.fpecaixa.info\\\/ca\\\/que-ha-passat-en-els-mercats-durant-2025\\\/#article\",\"isPartOf\":{\"@id\":\"https:\\\/\\\/www.fpecaixa.info\\\/ca\\\/que-ha-passat-en-els-mercats-durant-2025\\\/\"},\"author\":{\"name\":\"jordiribalta\",\"@id\":\"https:\\\/\\\/www.fpecaixa.info\\\/#\\\/schema\\\/person\\\/ea7617a21b22b88853892a4589c984ee\"},\"headline\":\"Qu\u00e8 ha passat els mercats durant el 2025?\",\"datePublished\":\"2026-02-09T13:40:58+00:00\",\"dateModified\":\"2026-02-19T10:05:22+00:00\",\"mainEntityOfPage\":{\"@id\":\"https:\\\/\\\/www.fpecaixa.info\\\/ca\\\/que-ha-passat-en-els-mercats-durant-2025\\\/\"},\"wordCount\":719,\"image\":{\"@id\":\"https:\\\/\\\/www.fpecaixa.info\\\/ca\\\/que-ha-passat-en-els-mercats-durant-2025\\\/#primaryimage\"},\"thumbnailUrl\":\"https:\\\/\\\/www.fpecaixa.info\\\/wp-content\\\/uploads\\\/2023\\\/11\\\/stocks.jpeg\",\"articleSection\":[\"Not\u00edcies\"],\"inLanguage\":\"ca\"},{\"@type\":\"WebPage\",\"@id\":\"https:\\\/\\\/www.fpecaixa.info\\\/ca\\\/que-ha-passat-en-els-mercats-durant-2025\\\/\",\"url\":\"https:\\\/\\\/www.fpecaixa.info\\\/ca\\\/que-ha-passat-en-els-mercats-durant-2025\\\/\",\"name\":\"Qu\u00e8 ha passat els mercats durant el 2025? - Plan de Pensiones de Empleo (PC30)\",\"isPartOf\":{\"@id\":\"https:\\\/\\\/www.fpecaixa.info\\\/#website\"},\"primaryImageOfPage\":{\"@id\":\"https:\\\/\\\/www.fpecaixa.info\\\/ca\\\/que-ha-passat-en-els-mercats-durant-2025\\\/#primaryimage\"},\"image\":{\"@id\":\"https:\\\/\\\/www.fpecaixa.info\\\/ca\\\/que-ha-passat-en-els-mercats-durant-2025\\\/#primaryimage\"},\"thumbnailUrl\":\"https:\\\/\\\/www.fpecaixa.info\\\/wp-content\\\/uploads\\\/2023\\\/11\\\/stocks.jpeg\",\"datePublished\":\"2026-02-09T13:40:58+00:00\",\"dateModified\":\"2026-02-19T10:05:22+00:00\",\"author\":{\"@id\":\"https:\\\/\\\/www.fpecaixa.info\\\/#\\\/schema\\\/person\\\/ea7617a21b22b88853892a4589c984ee\"},\"breadcrumb\":{\"@id\":\"https:\\\/\\\/www.fpecaixa.info\\\/ca\\\/que-ha-passat-en-els-mercats-durant-2025\\\/#breadcrumb\"},\"inLanguage\":\"ca\",\"potentialAction\":[{\"@type\":\"ReadAction\",\"target\":[\"https:\\\/\\\/www.fpecaixa.info\\\/ca\\\/que-ha-passat-en-els-mercats-durant-2025\\\/\"]}]},{\"@type\":\"ImageObject\",\"inLanguage\":\"ca\",\"@id\":\"https:\\\/\\\/www.fpecaixa.info\\\/ca\\\/que-ha-passat-en-els-mercats-durant-2025\\\/#primaryimage\",\"url\":\"https:\\\/\\\/www.fpecaixa.info\\\/wp-content\\\/uploads\\\/2023\\\/11\\\/stocks.jpeg\",\"contentUrl\":\"https:\\\/\\\/www.fpecaixa.info\\\/wp-content\\\/uploads\\\/2023\\\/11\\\/stocks.jpeg\",\"width\":275,\"height\":183},{\"@type\":\"BreadcrumbList\",\"@id\":\"https:\\\/\\\/www.fpecaixa.info\\\/ca\\\/que-ha-passat-en-els-mercats-durant-2025\\\/#breadcrumb\",\"itemListElement\":[{\"@type\":\"ListItem\",\"position\":1,\"name\":\"Inici\",\"item\":\"https:\\\/\\\/www.fpecaixa.info\\\/ca\\\/\"},{\"@type\":\"ListItem\",\"position\":2,\"name\":\"Noticias\",\"item\":\"https:\\\/\\\/www.fpecaixa.info\\\/category\\\/noticias\\\/\"},{\"@type\":\"ListItem\",\"position\":3,\"name\":\"Qu\u00e8 ha passat els mercats durant el 2025?\"}]},{\"@type\":\"WebSite\",\"@id\":\"https:\\\/\\\/www.fpecaixa.info\\\/#website\",\"url\":\"https:\\\/\\\/www.fpecaixa.info\\\/\",\"name\":\"Plan de Pensiones de Empleo (PC30)\",\"description\":\"Web informativa para el Plan de Pensiones de Empleo (PC30) de trabajadores de Caixabank\",\"potentialAction\":[{\"@type\":\"SearchAction\",\"target\":{\"@type\":\"EntryPoint\",\"urlTemplate\":\"https:\\\/\\\/www.fpecaixa.info\\\/?s={search_term_string}\"},\"query-input\":{\"@type\":\"PropertyValueSpecification\",\"valueRequired\":true,\"valueName\":\"search_term_string\"}}],\"inLanguage\":\"ca\"},{\"@type\":\"Person\",\"@id\":\"https:\\\/\\\/www.fpecaixa.info\\\/#\\\/schema\\\/person\\\/ea7617a21b22b88853892a4589c984ee\",\"name\":\"jordiribalta\",\"image\":{\"@type\":\"ImageObject\",\"inLanguage\":\"ca\",\"@id\":\"https:\\\/\\\/secure.gravatar.com\\\/avatar\\\/f3039b9127f7ef0a1b553d469503459c2a8efe418ec041aa3e3a9f1a3a5b46e6?s=96&d=mm&r=g\",\"url\":\"https:\\\/\\\/secure.gravatar.com\\\/avatar\\\/f3039b9127f7ef0a1b553d469503459c2a8efe418ec041aa3e3a9f1a3a5b46e6?s=96&d=mm&r=g\",\"contentUrl\":\"https:\\\/\\\/secure.gravatar.com\\\/avatar\\\/f3039b9127f7ef0a1b553d469503459c2a8efe418ec041aa3e3a9f1a3a5b46e6?s=96&d=mm&r=g\",\"caption\":\"jordiribalta\"},\"url\":\"https:\\\/\\\/www.fpecaixa.info\\\/ca\\\/author\\\/jordiribalta\\\/\"}]}<\/script>\n<!-- \/ Yoast SEO plugin. -->","yoast_head_json":{"title":"Qu\u00e8 ha passat els mercats durant el 2025? - Plan de Pensiones de Empleo (PC30)","robots":{"index":"index","follow":"follow","max-snippet":"max-snippet:-1","max-image-preview":"max-image-preview:large","max-video-preview":"max-video-preview:-1"},"canonical":"https:\/\/www.fpecaixa.info\/ca\/que-ha-passat-en-els-mercats-durant-2025\/","og_locale":"ca_ES","og_type":"article","og_title":"Qu\u00e8 ha passat els mercats durant el 2025? - Plan de Pensiones de Empleo (PC30)","og_description":"Resum d?un any que va comen\u00e7ar amb turbul\u00e8ncies i va acabar amb impuls. L&#8217;any 2025 ha estat un exercici molt interessant als mercats financers. Va comen\u00e7ar amb un to marcat per la volatilitat i la cautela, provocat en gran part pel gir agressiu a la pol\u00edtica comercial de la nova Administraci\u00f3 nord-americana, que va introduir [&hellip;]","og_url":"https:\/\/www.fpecaixa.info\/ca\/que-ha-passat-en-els-mercats-durant-2025\/","og_site_name":"Plan de Pensiones de Empleo (PC30)","article_published_time":"2026-02-09T13:40:58+00:00","article_modified_time":"2026-02-19T10:05:22+00:00","og_image":[{"width":275,"height":183,"url":"https:\/\/www.fpecaixa.info\/wp-content\/uploads\/2023\/11\/stocks.jpeg","type":"image\/jpeg"}],"author":"jordiribalta","twitter_card":"summary_large_image","twitter_misc":{"Escrit per":"jordiribalta","Temps estimat de lectura":"4 minuts"},"schema":{"@context":"https:\/\/schema.org","@graph":[{"@type":"Article","@id":"https:\/\/www.fpecaixa.info\/ca\/que-ha-passat-en-els-mercats-durant-2025\/#article","isPartOf":{"@id":"https:\/\/www.fpecaixa.info\/ca\/que-ha-passat-en-els-mercats-durant-2025\/"},"author":{"name":"jordiribalta","@id":"https:\/\/www.fpecaixa.info\/#\/schema\/person\/ea7617a21b22b88853892a4589c984ee"},"headline":"Qu\u00e8 ha passat els mercats durant el 2025?","datePublished":"2026-02-09T13:40:58+00:00","dateModified":"2026-02-19T10:05:22+00:00","mainEntityOfPage":{"@id":"https:\/\/www.fpecaixa.info\/ca\/que-ha-passat-en-els-mercats-durant-2025\/"},"wordCount":719,"image":{"@id":"https:\/\/www.fpecaixa.info\/ca\/que-ha-passat-en-els-mercats-durant-2025\/#primaryimage"},"thumbnailUrl":"https:\/\/www.fpecaixa.info\/wp-content\/uploads\/2023\/11\/stocks.jpeg","articleSection":["Not\u00edcies"],"inLanguage":"ca"},{"@type":"WebPage","@id":"https:\/\/www.fpecaixa.info\/ca\/que-ha-passat-en-els-mercats-durant-2025\/","url":"https:\/\/www.fpecaixa.info\/ca\/que-ha-passat-en-els-mercats-durant-2025\/","name":"Qu\u00e8 ha passat els mercats durant el 2025? - Plan de Pensiones de Empleo (PC30)","isPartOf":{"@id":"https:\/\/www.fpecaixa.info\/#website"},"primaryImageOfPage":{"@id":"https:\/\/www.fpecaixa.info\/ca\/que-ha-passat-en-els-mercats-durant-2025\/#primaryimage"},"image":{"@id":"https:\/\/www.fpecaixa.info\/ca\/que-ha-passat-en-els-mercats-durant-2025\/#primaryimage"},"thumbnailUrl":"https:\/\/www.fpecaixa.info\/wp-content\/uploads\/2023\/11\/stocks.jpeg","datePublished":"2026-02-09T13:40:58+00:00","dateModified":"2026-02-19T10:05:22+00:00","author":{"@id":"https:\/\/www.fpecaixa.info\/#\/schema\/person\/ea7617a21b22b88853892a4589c984ee"},"breadcrumb":{"@id":"https:\/\/www.fpecaixa.info\/ca\/que-ha-passat-en-els-mercats-durant-2025\/#breadcrumb"},"inLanguage":"ca","potentialAction":[{"@type":"ReadAction","target":["https:\/\/www.fpecaixa.info\/ca\/que-ha-passat-en-els-mercats-durant-2025\/"]}]},{"@type":"ImageObject","inLanguage":"ca","@id":"https:\/\/www.fpecaixa.info\/ca\/que-ha-passat-en-els-mercats-durant-2025\/#primaryimage","url":"https:\/\/www.fpecaixa.info\/wp-content\/uploads\/2023\/11\/stocks.jpeg","contentUrl":"https:\/\/www.fpecaixa.info\/wp-content\/uploads\/2023\/11\/stocks.jpeg","width":275,"height":183},{"@type":"BreadcrumbList","@id":"https:\/\/www.fpecaixa.info\/ca\/que-ha-passat-en-els-mercats-durant-2025\/#breadcrumb","itemListElement":[{"@type":"ListItem","position":1,"name":"Inici","item":"https:\/\/www.fpecaixa.info\/ca\/"},{"@type":"ListItem","position":2,"name":"Noticias","item":"https:\/\/www.fpecaixa.info\/category\/noticias\/"},{"@type":"ListItem","position":3,"name":"Qu\u00e8 ha passat els mercats durant el 2025?"}]},{"@type":"WebSite","@id":"https:\/\/www.fpecaixa.info\/#website","url":"https:\/\/www.fpecaixa.info\/","name":"Plan de Pensiones de Empleo (PC30)","description":"Web informativa para el Plan de Pensiones de Empleo (PC30) de trabajadores de Caixabank","potentialAction":[{"@type":"SearchAction","target":{"@type":"EntryPoint","urlTemplate":"https:\/\/www.fpecaixa.info\/?s={search_term_string}"},"query-input":{"@type":"PropertyValueSpecification","valueRequired":true,"valueName":"search_term_string"}}],"inLanguage":"ca"},{"@type":"Person","@id":"https:\/\/www.fpecaixa.info\/#\/schema\/person\/ea7617a21b22b88853892a4589c984ee","name":"jordiribalta","image":{"@type":"ImageObject","inLanguage":"ca","@id":"https:\/\/secure.gravatar.com\/avatar\/f3039b9127f7ef0a1b553d469503459c2a8efe418ec041aa3e3a9f1a3a5b46e6?s=96&d=mm&r=g","url":"https:\/\/secure.gravatar.com\/avatar\/f3039b9127f7ef0a1b553d469503459c2a8efe418ec041aa3e3a9f1a3a5b46e6?s=96&d=mm&r=g","contentUrl":"https:\/\/secure.gravatar.com\/avatar\/f3039b9127f7ef0a1b553d469503459c2a8efe418ec041aa3e3a9f1a3a5b46e6?s=96&d=mm&r=g","caption":"jordiribalta"},"url":"https:\/\/www.fpecaixa.info\/ca\/author\/jordiribalta\/"}]}},"_links":{"self":[{"href":"https:\/\/www.fpecaixa.info\/ca\/wp-json\/wp\/v2\/posts\/5931","targetHints":{"allow":["GET"]}}],"collection":[{"href":"https:\/\/www.fpecaixa.info\/ca\/wp-json\/wp\/v2\/posts"}],"about":[{"href":"https:\/\/www.fpecaixa.info\/ca\/wp-json\/wp\/v2\/types\/post"}],"author":[{"embeddable":true,"href":"https:\/\/www.fpecaixa.info\/ca\/wp-json\/wp\/v2\/users\/13"}],"replies":[{"embeddable":true,"href":"https:\/\/www.fpecaixa.info\/ca\/wp-json\/wp\/v2\/comments?post=5931"}],"version-history":[{"count":1,"href":"https:\/\/www.fpecaixa.info\/ca\/wp-json\/wp\/v2\/posts\/5931\/revisions"}],"predecessor-version":[{"id":5932,"href":"https:\/\/www.fpecaixa.info\/ca\/wp-json\/wp\/v2\/posts\/5931\/revisions\/5932"}],"wp:featuredmedia":[{"embeddable":true,"href":"https:\/\/www.fpecaixa.info\/ca\/wp-json\/wp\/v2\/media\/4983"}],"wp:attachment":[{"href":"https:\/\/www.fpecaixa.info\/ca\/wp-json\/wp\/v2\/media?parent=5931"}],"wp:term":[{"taxonomy":"category","embeddable":true,"href":"https:\/\/www.fpecaixa.info\/ca\/wp-json\/wp\/v2\/categories?post=5931"},{"taxonomy":"post_tag","embeddable":true,"href":"https:\/\/www.fpecaixa.info\/ca\/wp-json\/wp\/v2\/tags?post=5931"}],"curies":[{"name":"wp","href":"https:\/\/api.w.org\/{rel}","templated":true}]}}