{"id":5940,"date":"2025-12-05T13:12:34","date_gmt":"2025-12-05T13:12:34","guid":{"rendered":"https:\/\/www.fpecaixa.info\/18e-forum-de-comissions-de-control\/"},"modified":"2026-02-19T10:07:39","modified_gmt":"2026-02-19T10:07:39","slug":"18e-forum-de-comissions-de-control","status":"publish","type":"post","link":"https:\/\/www.fpecaixa.info\/ca\/18e-forum-de-comissions-de-control\/","title":{"rendered":"18\u00e8 F\u00d2RUM de Comissions de Control"},"content":{"rendered":"\n<p>El F\u00f2rum de Comissions de Control 2025, organitzat conjuntament per <strong>Vidacaixa i la Comissi\u00f3 de Control de PC30,<\/strong> va celebrar els 25 anys del Pla de Pensions d&#8217;Empleats de CaixaBank sota el lema <strong>\u201cLead the Future\u201d<\/strong> , amb una jornada dedicada a la innovaci\u00f3, la col\u00b7laboraci\u00f3 i el benestar financer.<\/p>\n\n<p>L&#8217;obertura va combinar visi\u00f3 de futur i tecnologia amb <strong>Sara Escudero<\/strong> i la IA <strong>ELAIA<\/strong> , seguida de la benvinguda de <strong>Tom\u00e1s Muniesa<\/strong> (Caixabank) i la introducci\u00f3 de <strong>Yolanda Blanch<\/strong> (Comissi\u00f3 de Control de PC30 <strong>).<\/strong><\/p>\n\n<p>L&#8217;esdeveniment va continuar amb diversos panells de tem\u00e0tica diversa:<\/p>\n\n<ul class=\"wp-block-list\">\n<li><strong>Context global:<\/strong> an\u00e0lisi de tend\u00e8ncies internacionals amb <strong>Carlota Garc\u00eda Encina<\/strong> (Real Institut Elcano).<\/li>\n\n\n\n<li><strong>Inversi\u00f3 amb visi\u00f3 de futur:<\/strong> estrat\u00e8gies sostenibles i resilients amb <strong>Eduardo Mart\u00ednez d&#8217;Arag\u00f3<\/strong> (VidaCaixa), <strong>Kim Catechis<\/strong> (Franklin Templeton Institute) i <strong>Jordi Ribalta<\/strong> (Comissi\u00f3 de Control de PC30).<\/li>\n\n\n\n<li><strong>Impulsar l&#8217;estalvi col\u00b7lectiu:<\/strong> comunicaci\u00f3 i economia conductual amb <strong>Robert Roig<\/strong> (VidaCaixa), <strong>Diego Valero<\/strong> (Novaster) i <strong>Mar\u00eda Jos\u00e9 Valbuena<\/strong> (Comissi\u00f3 de Control de PC30).<\/li>\n\n\n\n<li><strong>Innovaci\u00f3 i aprenentatge global:<\/strong> experi\u00e8ncia a UK amb <strong>Clara Armengol<\/strong> (VidaCaixa) i <strong>Charlotte Clark<\/strong> (Association of British Insurers).<\/li>\n\n\n\n<li><strong>Neuroci\u00e8ncia i benestar:<\/strong> com entrenar el cervell per prendre millors decisions amb <strong>Ana Ib\u00e1\u00f1ez<\/strong> (Neuroci\u00e8ncia)<\/li>\n\n\n\n<li><strong>Regulaci\u00f3 i futur del sistema:<\/strong> regulaci\u00f3 i reptes amb <strong>Jos\u00e9 Antonio Fern\u00e1ndez de Pinto<\/strong> (DGSFP).<\/li>\n<\/ul>\n\n<p>La trobada va concloure amb <strong>Javier Valle<\/strong> (Vidacaixa) destacant el consens, la comunicaci\u00f3 i l&#8217;educaci\u00f3 financera com a pilars per continuar construint un sistema s\u00f2lid i centrat en les persones.<\/p>\n\n<p>Al f\u00f2rum vam aprendre que vivim en un entorn global cada cop m\u00e9s complex i interconnectat, on la incertesa als mercats i en altres \u00e0mbits, incl\u00f2s l&#8217;impacte de la intel\u00b7lig\u00e8ncia artificial, planteja desafiaments significatius per a la capacitat d&#8217;an\u00e0lisi i presa de decisions de l&#8217;\u00e9sser hum\u00e0. I que una bona manera d&#8217;afrontar aquesta realitat \u00e9s liderar des de la pres\u00e8ncia i la intel\u00b7lig\u00e8ncia col\u00b7lectiva. <\/p>\n\n<p><strong>Ens vam quedar amb un record inesborrable i amb el desig de continuar creixent junts 25 anys m\u00e9s.<\/strong><\/p>\n<div class=\"wp-block-image\">\n<figure class=\"aligncenter size-full\"><img loading=\"lazy\" decoding=\"async\" width=\"640\" height=\"640\" src=\"https:\/\/www.fpecaixa.info\/wp-content\/uploads\/2025\/12\/foro-CdC-2025.jpg\" alt=\"\" class=\"wp-image-5887\" srcset=\"https:\/\/www.fpecaixa.info\/wp-content\/uploads\/2025\/12\/foro-CdC-2025.jpg 640w, https:\/\/www.fpecaixa.info\/wp-content\/uploads\/2025\/12\/foro-CdC-2025-300x300.jpg 300w, https:\/\/www.fpecaixa.info\/wp-content\/uploads\/2025\/12\/foro-CdC-2025-150x150.jpg 150w\" sizes=\"auto, (max-width: 640px) 100vw, 640px\" \/><\/figure>\n<\/div>","protected":false},"excerpt":{"rendered":"<p>El F\u00f2rum de Comissions de Control 2025, organitzat conjuntament per Vidacaixa i la Comissi\u00f3 de Control de PC30, va celebrar els 25 anys del Pla de Pensions d&#8217;Empleats de CaixaBank sota el lema \u201cLead the Future\u201d , amb una jornada dedicada a la innovaci\u00f3, la col\u00b7laboraci\u00f3 i el benestar financer. L&#8217;obertura va combinar visi\u00f3 de [&hellip;]<\/p>\n","protected":false},"author":11,"featured_media":5939,"comment_status":"closed","ping_status":"open","sticky":false,"template":"","format":"standard","meta":{"_acf_changed":false,"_monsterinsights_skip_tracking":false,"_monsterinsights_sitenote_active":false,"_monsterinsights_sitenote_note":"","_monsterinsights_sitenote_category":0,"footnotes":""},"categories":[57],"tags":[],"class_list":["post-5940","post","type-post","status-publish","format-standard","has-post-thumbnail","hentry","category-noticies"],"acf":[],"yoast_head":"<!-- This site is optimized with the Yoast SEO plugin v27.5 - https:\/\/yoast.com\/product\/yoast-seo-wordpress\/ -->\n<title>18\u00e8 F\u00d2RUM de Comissions de Control - Plan de Pensiones de Empleo (PC30)<\/title>\n<meta name=\"robots\" content=\"index, follow, max-snippet:-1, max-image-preview:large, max-video-preview:-1\" \/>\n<link rel=\"canonical\" href=\"https:\/\/www.fpecaixa.info\/ca\/18e-forum-de-comissions-de-control\/\" \/>\n<meta property=\"og:locale\" content=\"ca_ES\" \/>\n<meta property=\"og:type\" content=\"article\" \/>\n<meta property=\"og:title\" content=\"18\u00e8 F\u00d2RUM de Comissions de Control - Plan de Pensiones de Empleo (PC30)\" \/>\n<meta property=\"og:description\" content=\"El F\u00f2rum de Comissions de Control 2025, organitzat conjuntament per Vidacaixa i la Comissi\u00f3 de Control de PC30, va celebrar els 25 anys del Pla de Pensions d&#8217;Empleats de CaixaBank sota el lema \u201cLead the Future\u201d , amb una jornada dedicada a la innovaci\u00f3, la col\u00b7laboraci\u00f3 i el benestar financer. L&#8217;obertura va combinar visi\u00f3 de [&hellip;]\" \/>\n<meta property=\"og:url\" content=\"https:\/\/www.fpecaixa.info\/ca\/18e-forum-de-comissions-de-control\/\" \/>\n<meta property=\"og:site_name\" content=\"Plan de Pensiones de Empleo (PC30)\" \/>\n<meta property=\"article:published_time\" content=\"2025-12-05T13:12:34+00:00\" \/>\n<meta property=\"article:modified_time\" content=\"2026-02-19T10:07:39+00:00\" \/>\n<meta property=\"og:image\" content=\"https:\/\/www.fpecaixa.info\/wp-content\/uploads\/2025\/12\/foro-CdC-2025.jpg\" \/>\n\t<meta property=\"og:image:width\" content=\"640\" \/>\n\t<meta property=\"og:image:height\" content=\"640\" \/>\n\t<meta property=\"og:image:type\" content=\"image\/jpeg\" \/>\n<meta name=\"author\" content=\"yblanch\" \/>\n<meta name=\"twitter:card\" content=\"summary_large_image\" \/>\n<meta name=\"twitter:label1\" content=\"Escrit per\" \/>\n\t<meta name=\"twitter:data1\" content=\"yblanch\" \/>\n\t<meta name=\"twitter:label2\" content=\"Temps estimat de lectura\" \/>\n\t<meta name=\"twitter:data2\" content=\"2 minuts\" \/>\n<script type=\"application\/ld+json\" class=\"yoast-schema-graph\">{\"@context\":\"https:\\\/\\\/schema.org\",\"@graph\":[{\"@type\":\"Article\",\"@id\":\"https:\\\/\\\/www.fpecaixa.info\\\/ca\\\/18e-forum-de-comissions-de-control\\\/#article\",\"isPartOf\":{\"@id\":\"https:\\\/\\\/www.fpecaixa.info\\\/ca\\\/18e-forum-de-comissions-de-control\\\/\"},\"author\":{\"name\":\"yblanch\",\"@id\":\"https:\\\/\\\/www.fpecaixa.info\\\/#\\\/schema\\\/person\\\/276aa8e6247bc28c8f474b3e30c15c99\"},\"headline\":\"18\u00e8 F\u00d2RUM de Comissions de Control\",\"datePublished\":\"2025-12-05T13:12:34+00:00\",\"dateModified\":\"2026-02-19T10:07:39+00:00\",\"mainEntityOfPage\":{\"@id\":\"https:\\\/\\\/www.fpecaixa.info\\\/ca\\\/18e-forum-de-comissions-de-control\\\/\"},\"wordCount\":347,\"image\":{\"@id\":\"https:\\\/\\\/www.fpecaixa.info\\\/ca\\\/18e-forum-de-comissions-de-control\\\/#primaryimage\"},\"thumbnailUrl\":\"https:\\\/\\\/www.fpecaixa.info\\\/wp-content\\\/uploads\\\/2025\\\/12\\\/foro-CdC-2025.jpg\",\"articleSection\":[\"Not\u00edcies\"],\"inLanguage\":\"ca\"},{\"@type\":\"WebPage\",\"@id\":\"https:\\\/\\\/www.fpecaixa.info\\\/ca\\\/18e-forum-de-comissions-de-control\\\/\",\"url\":\"https:\\\/\\\/www.fpecaixa.info\\\/ca\\\/18e-forum-de-comissions-de-control\\\/\",\"name\":\"18\u00e8 F\u00d2RUM de Comissions de Control - Plan de Pensiones de Empleo (PC30)\",\"isPartOf\":{\"@id\":\"https:\\\/\\\/www.fpecaixa.info\\\/#website\"},\"primaryImageOfPage\":{\"@id\":\"https:\\\/\\\/www.fpecaixa.info\\\/ca\\\/18e-forum-de-comissions-de-control\\\/#primaryimage\"},\"image\":{\"@id\":\"https:\\\/\\\/www.fpecaixa.info\\\/ca\\\/18e-forum-de-comissions-de-control\\\/#primaryimage\"},\"thumbnailUrl\":\"https:\\\/\\\/www.fpecaixa.info\\\/wp-content\\\/uploads\\\/2025\\\/12\\\/foro-CdC-2025.jpg\",\"datePublished\":\"2025-12-05T13:12:34+00:00\",\"dateModified\":\"2026-02-19T10:07:39+00:00\",\"author\":{\"@id\":\"https:\\\/\\\/www.fpecaixa.info\\\/#\\\/schema\\\/person\\\/276aa8e6247bc28c8f474b3e30c15c99\"},\"breadcrumb\":{\"@id\":\"https:\\\/\\\/www.fpecaixa.info\\\/ca\\\/18e-forum-de-comissions-de-control\\\/#breadcrumb\"},\"inLanguage\":\"ca\",\"potentialAction\":[{\"@type\":\"ReadAction\",\"target\":[\"https:\\\/\\\/www.fpecaixa.info\\\/ca\\\/18e-forum-de-comissions-de-control\\\/\"]}]},{\"@type\":\"ImageObject\",\"inLanguage\":\"ca\",\"@id\":\"https:\\\/\\\/www.fpecaixa.info\\\/ca\\\/18e-forum-de-comissions-de-control\\\/#primaryimage\",\"url\":\"https:\\\/\\\/www.fpecaixa.info\\\/wp-content\\\/uploads\\\/2025\\\/12\\\/foro-CdC-2025.jpg\",\"contentUrl\":\"https:\\\/\\\/www.fpecaixa.info\\\/wp-content\\\/uploads\\\/2025\\\/12\\\/foro-CdC-2025.jpg\",\"width\":640,\"height\":640},{\"@type\":\"BreadcrumbList\",\"@id\":\"https:\\\/\\\/www.fpecaixa.info\\\/ca\\\/18e-forum-de-comissions-de-control\\\/#breadcrumb\",\"itemListElement\":[{\"@type\":\"ListItem\",\"position\":1,\"name\":\"Inici\",\"item\":\"https:\\\/\\\/www.fpecaixa.info\\\/ca\\\/\"},{\"@type\":\"ListItem\",\"position\":2,\"name\":\"Sin categorizar\",\"item\":\"https:\\\/\\\/www.fpecaixa.info\\\/category\\\/sin-categorizar\\\/\"},{\"@type\":\"ListItem\",\"position\":3,\"name\":\"18\u00e8 F\u00d2RUM de Comissions de Control\"}]},{\"@type\":\"WebSite\",\"@id\":\"https:\\\/\\\/www.fpecaixa.info\\\/#website\",\"url\":\"https:\\\/\\\/www.fpecaixa.info\\\/\",\"name\":\"Plan de Pensiones de Empleo (PC30)\",\"description\":\"Web informativa para el Plan de Pensiones de Empleo (PC30) de trabajadores de Caixabank\",\"potentialAction\":[{\"@type\":\"SearchAction\",\"target\":{\"@type\":\"EntryPoint\",\"urlTemplate\":\"https:\\\/\\\/www.fpecaixa.info\\\/?s={search_term_string}\"},\"query-input\":{\"@type\":\"PropertyValueSpecification\",\"valueRequired\":true,\"valueName\":\"search_term_string\"}}],\"inLanguage\":\"ca\"},{\"@type\":\"Person\",\"@id\":\"https:\\\/\\\/www.fpecaixa.info\\\/#\\\/schema\\\/person\\\/276aa8e6247bc28c8f474b3e30c15c99\",\"name\":\"yblanch\",\"image\":{\"@type\":\"ImageObject\",\"inLanguage\":\"ca\",\"@id\":\"https:\\\/\\\/secure.gravatar.com\\\/avatar\\\/cf47a2caaa03985056d0c2f0c334709ce05432979b4a5332a281a6514e472491?s=96&d=mm&r=g\",\"url\":\"https:\\\/\\\/secure.gravatar.com\\\/avatar\\\/cf47a2caaa03985056d0c2f0c334709ce05432979b4a5332a281a6514e472491?s=96&d=mm&r=g\",\"contentUrl\":\"https:\\\/\\\/secure.gravatar.com\\\/avatar\\\/cf47a2caaa03985056d0c2f0c334709ce05432979b4a5332a281a6514e472491?s=96&d=mm&r=g\",\"caption\":\"yblanch\"},\"url\":\"https:\\\/\\\/www.fpecaixa.info\\\/ca\\\/author\\\/yblanch\\\/\"}]}<\/script>\n<!-- \/ Yoast SEO plugin. -->","yoast_head_json":{"title":"18\u00e8 F\u00d2RUM de Comissions de Control - Plan de Pensiones de Empleo (PC30)","robots":{"index":"index","follow":"follow","max-snippet":"max-snippet:-1","max-image-preview":"max-image-preview:large","max-video-preview":"max-video-preview:-1"},"canonical":"https:\/\/www.fpecaixa.info\/ca\/18e-forum-de-comissions-de-control\/","og_locale":"ca_ES","og_type":"article","og_title":"18\u00e8 F\u00d2RUM de Comissions de Control - Plan de Pensiones de Empleo (PC30)","og_description":"El F\u00f2rum de Comissions de Control 2025, organitzat conjuntament per Vidacaixa i la Comissi\u00f3 de Control de PC30, va celebrar els 25 anys del Pla de Pensions d&#8217;Empleats de CaixaBank sota el lema \u201cLead the Future\u201d , amb una jornada dedicada a la innovaci\u00f3, la col\u00b7laboraci\u00f3 i el benestar financer. L&#8217;obertura va combinar visi\u00f3 de [&hellip;]","og_url":"https:\/\/www.fpecaixa.info\/ca\/18e-forum-de-comissions-de-control\/","og_site_name":"Plan de Pensiones de Empleo (PC30)","article_published_time":"2025-12-05T13:12:34+00:00","article_modified_time":"2026-02-19T10:07:39+00:00","og_image":[{"width":640,"height":640,"url":"https:\/\/www.fpecaixa.info\/wp-content\/uploads\/2025\/12\/foro-CdC-2025.jpg","type":"image\/jpeg"}],"author":"yblanch","twitter_card":"summary_large_image","twitter_misc":{"Escrit per":"yblanch","Temps estimat de lectura":"2 minuts"},"schema":{"@context":"https:\/\/schema.org","@graph":[{"@type":"Article","@id":"https:\/\/www.fpecaixa.info\/ca\/18e-forum-de-comissions-de-control\/#article","isPartOf":{"@id":"https:\/\/www.fpecaixa.info\/ca\/18e-forum-de-comissions-de-control\/"},"author":{"name":"yblanch","@id":"https:\/\/www.fpecaixa.info\/#\/schema\/person\/276aa8e6247bc28c8f474b3e30c15c99"},"headline":"18\u00e8 F\u00d2RUM de Comissions de Control","datePublished":"2025-12-05T13:12:34+00:00","dateModified":"2026-02-19T10:07:39+00:00","mainEntityOfPage":{"@id":"https:\/\/www.fpecaixa.info\/ca\/18e-forum-de-comissions-de-control\/"},"wordCount":347,"image":{"@id":"https:\/\/www.fpecaixa.info\/ca\/18e-forum-de-comissions-de-control\/#primaryimage"},"thumbnailUrl":"https:\/\/www.fpecaixa.info\/wp-content\/uploads\/2025\/12\/foro-CdC-2025.jpg","articleSection":["Not\u00edcies"],"inLanguage":"ca"},{"@type":"WebPage","@id":"https:\/\/www.fpecaixa.info\/ca\/18e-forum-de-comissions-de-control\/","url":"https:\/\/www.fpecaixa.info\/ca\/18e-forum-de-comissions-de-control\/","name":"18\u00e8 F\u00d2RUM de Comissions de Control - Plan de Pensiones de Empleo (PC30)","isPartOf":{"@id":"https:\/\/www.fpecaixa.info\/#website"},"primaryImageOfPage":{"@id":"https:\/\/www.fpecaixa.info\/ca\/18e-forum-de-comissions-de-control\/#primaryimage"},"image":{"@id":"https:\/\/www.fpecaixa.info\/ca\/18e-forum-de-comissions-de-control\/#primaryimage"},"thumbnailUrl":"https:\/\/www.fpecaixa.info\/wp-content\/uploads\/2025\/12\/foro-CdC-2025.jpg","datePublished":"2025-12-05T13:12:34+00:00","dateModified":"2026-02-19T10:07:39+00:00","author":{"@id":"https:\/\/www.fpecaixa.info\/#\/schema\/person\/276aa8e6247bc28c8f474b3e30c15c99"},"breadcrumb":{"@id":"https:\/\/www.fpecaixa.info\/ca\/18e-forum-de-comissions-de-control\/#breadcrumb"},"inLanguage":"ca","potentialAction":[{"@type":"ReadAction","target":["https:\/\/www.fpecaixa.info\/ca\/18e-forum-de-comissions-de-control\/"]}]},{"@type":"ImageObject","inLanguage":"ca","@id":"https:\/\/www.fpecaixa.info\/ca\/18e-forum-de-comissions-de-control\/#primaryimage","url":"https:\/\/www.fpecaixa.info\/wp-content\/uploads\/2025\/12\/foro-CdC-2025.jpg","contentUrl":"https:\/\/www.fpecaixa.info\/wp-content\/uploads\/2025\/12\/foro-CdC-2025.jpg","width":640,"height":640},{"@type":"BreadcrumbList","@id":"https:\/\/www.fpecaixa.info\/ca\/18e-forum-de-comissions-de-control\/#breadcrumb","itemListElement":[{"@type":"ListItem","position":1,"name":"Inici","item":"https:\/\/www.fpecaixa.info\/ca\/"},{"@type":"ListItem","position":2,"name":"Sin categorizar","item":"https:\/\/www.fpecaixa.info\/category\/sin-categorizar\/"},{"@type":"ListItem","position":3,"name":"18\u00e8 F\u00d2RUM de Comissions de Control"}]},{"@type":"WebSite","@id":"https:\/\/www.fpecaixa.info\/#website","url":"https:\/\/www.fpecaixa.info\/","name":"Plan de Pensiones de Empleo (PC30)","description":"Web informativa para el Plan de Pensiones de Empleo (PC30) de trabajadores de Caixabank","potentialAction":[{"@type":"SearchAction","target":{"@type":"EntryPoint","urlTemplate":"https:\/\/www.fpecaixa.info\/?s={search_term_string}"},"query-input":{"@type":"PropertyValueSpecification","valueRequired":true,"valueName":"search_term_string"}}],"inLanguage":"ca"},{"@type":"Person","@id":"https:\/\/www.fpecaixa.info\/#\/schema\/person\/276aa8e6247bc28c8f474b3e30c15c99","name":"yblanch","image":{"@type":"ImageObject","inLanguage":"ca","@id":"https:\/\/secure.gravatar.com\/avatar\/cf47a2caaa03985056d0c2f0c334709ce05432979b4a5332a281a6514e472491?s=96&d=mm&r=g","url":"https:\/\/secure.gravatar.com\/avatar\/cf47a2caaa03985056d0c2f0c334709ce05432979b4a5332a281a6514e472491?s=96&d=mm&r=g","contentUrl":"https:\/\/secure.gravatar.com\/avatar\/cf47a2caaa03985056d0c2f0c334709ce05432979b4a5332a281a6514e472491?s=96&d=mm&r=g","caption":"yblanch"},"url":"https:\/\/www.fpecaixa.info\/ca\/author\/yblanch\/"}]}},"_links":{"self":[{"href":"https:\/\/www.fpecaixa.info\/ca\/wp-json\/wp\/v2\/posts\/5940","targetHints":{"allow":["GET"]}}],"collection":[{"href":"https:\/\/www.fpecaixa.info\/ca\/wp-json\/wp\/v2\/posts"}],"about":[{"href":"https:\/\/www.fpecaixa.info\/ca\/wp-json\/wp\/v2\/types\/post"}],"author":[{"embeddable":true,"href":"https:\/\/www.fpecaixa.info\/ca\/wp-json\/wp\/v2\/users\/11"}],"replies":[{"embeddable":true,"href":"https:\/\/www.fpecaixa.info\/ca\/wp-json\/wp\/v2\/comments?post=5940"}],"version-history":[{"count":1,"href":"https:\/\/www.fpecaixa.info\/ca\/wp-json\/wp\/v2\/posts\/5940\/revisions"}],"predecessor-version":[{"id":5941,"href":"https:\/\/www.fpecaixa.info\/ca\/wp-json\/wp\/v2\/posts\/5940\/revisions\/5941"}],"wp:featuredmedia":[{"embeddable":true,"href":"https:\/\/www.fpecaixa.info\/ca\/wp-json\/wp\/v2\/media\/5939"}],"wp:attachment":[{"href":"https:\/\/www.fpecaixa.info\/ca\/wp-json\/wp\/v2\/media?parent=5940"}],"wp:term":[{"taxonomy":"category","embeddable":true,"href":"https:\/\/www.fpecaixa.info\/ca\/wp-json\/wp\/v2\/categories?post=5940"},{"taxonomy":"post_tag","embeddable":true,"href":"https:\/\/www.fpecaixa.info\/ca\/wp-json\/wp\/v2\/tags?post=5940"}],"curies":[{"name":"wp","href":"https:\/\/api.w.org\/{rel}","templated":true}]}}