{"id":4281,"date":"2022-06-02T10:41:57","date_gmt":"2022-06-02T10:41:57","guid":{"rendered":"https:\/\/www.fpecaixa.info\/?p=4281"},"modified":"2025-02-21T08:44:03","modified_gmt":"2025-02-21T08:44:03","slug":"evento-online-del-pc30-para-participes-y-beneficiarios","status":"publish","type":"post","link":"https:\/\/www.fpecaixa.info\/en\/evento-online-del-pc30-para-participes-y-beneficiarios\/","title":{"rendered":"Evento online del PC30 para part\u00edcipes y beneficiarios."},"content":{"rendered":"\n<h2 class=\"wp-block-heading\">7 de julio a las 17.00 &#8230; save the date.<\/h2>\n\n\n\n<p>Te invitamos a participar en el primer evento anual para part\u00edcipes y beneficiarios que gestionar\u00e1 nuestro Plan de Pensiones de Empleo de CaixaBank (PC30), y que tendr\u00e1 lugar el pr\u00f3ximo 7 de julio a las 17.00 formato online.<\/p>\n\n\n\n<p>El acto se centrar\u00e1 en la presentaci\u00f3n del \u201cPensions Caixa 30, Fondo de Pensiones\u201d. El principal objetivo de la sesi\u00f3n es responder, de una forma din\u00e1mica y did\u00e1ctica, a las preguntas \u00bfQu\u00e9 hacemos? y \u00bfPor qu\u00e9 hacemos lo que hacemos?<\/p>\n\n\n\n<p>En la sesi\u00f3n se tratar\u00e1n, entre otros temas, los objetivos del fondo, los motivos de la estrategia de inversi\u00f3n y la gesti\u00f3n de los compromisos del Plan de Pensiones a trav\u00e9s de la Oficina del Part\u00edcipe. Habr\u00e1 tambi\u00e9n espacio para comentar el contexto actual de las pensiones p\u00fablicas y la importancia de los sistemas de previsi\u00f3n social complementaria.<\/p>\n\n\n\n<p>Es una oportunidad \u00fanica para que los part\u00edcipes y beneficiarios podamos tener informaci\u00f3n de primera mano sobre el funcionamiento de nuestro Plan de Pensiones de Empleo, as\u00ed como para plantear preguntas o inquietudes directamente en un espacio destinado ello.<\/p>\n\n\n\n<hr class=\"wp-block-separator\" \/>\n\n\n\n<p class=\"has-text-align-center\"><strong> 7 de julio  las 17.00 horas <\/strong>(<strong>formato online<\/strong>)<\/p>\n\n\n\n<p class=\"has-text-align-center\">Reserva la fecha. <strong>\u00a1Te esperamos!<\/strong><\/p>\n\n\n\n<hr class=\"wp-block-separator\" \/>\n\n\n\n<p><\/p>\n","protected":false},"excerpt":{"rendered":"<p>7 de julio a las 17.00 &#8230; save the date. Te invitamos a participar en el primer evento anual para part\u00edcipes y beneficiarios que gestionar\u00e1 nuestro Plan de Pensiones de Empleo de CaixaBank (PC30), y que tendr\u00e1 lugar el pr\u00f3ximo 7 de julio a las 17.00 formato online. El acto se centrar\u00e1 en la presentaci\u00f3n [&hellip;]<\/p>\n","protected":false},"author":11,"featured_media":4319,"comment_status":"closed","ping_status":"open","sticky":false,"template":"","format":"standard","meta":{"_acf_changed":false,"_monsterinsights_skip_tracking":false,"_monsterinsights_sitenote_active":false,"_monsterinsights_sitenote_note":"","_monsterinsights_sitenote_category":0,"footnotes":""},"categories":[37,10],"tags":[],"class_list":["post-4281","post","type-post","status-publish","format-standard","has-post-thumbnail","hentry","category-destacadas","category-noticias"],"acf":[],"yoast_head":"<!-- This site is optimized with the Yoast SEO plugin v27.5 - https:\/\/yoast.com\/product\/yoast-seo-wordpress\/ -->\n<title>Evento online del PC30 para part\u00edcipes y beneficiarios. - Plan de Pensiones de Empleo (PC30)<\/title>\n<meta name=\"robots\" content=\"index, follow, max-snippet:-1, max-image-preview:large, max-video-preview:-1\" \/>\n<link rel=\"canonical\" href=\"https:\/\/www.fpecaixa.info\/evento-online-del-pc30-para-participes-y-beneficiarios\/\" \/>\n<meta property=\"og:locale\" content=\"en_US\" \/>\n<meta property=\"og:type\" content=\"article\" \/>\n<meta property=\"og:title\" content=\"Evento online del PC30 para part\u00edcipes y beneficiarios. - Plan de Pensiones de Empleo (PC30)\" \/>\n<meta property=\"og:description\" content=\"7 de julio a las 17.00 &#8230; save the date. Te invitamos a participar en el primer evento anual para part\u00edcipes y beneficiarios que gestionar\u00e1 nuestro Plan de Pensiones de Empleo de CaixaBank (PC30), y que tendr\u00e1 lugar el pr\u00f3ximo 7 de julio a las 17.00 formato online. El acto se centrar\u00e1 en la presentaci\u00f3n [&hellip;]\" \/>\n<meta property=\"og:url\" content=\"https:\/\/www.fpecaixa.info\/evento-online-del-pc30-para-participes-y-beneficiarios\/\" \/>\n<meta property=\"og:site_name\" content=\"Plan de Pensiones de Empleo (PC30)\" \/>\n<meta property=\"article:published_time\" content=\"2022-06-02T10:41:57+00:00\" \/>\n<meta property=\"article:modified_time\" content=\"2025-02-21T08:44:03+00:00\" \/>\n<meta property=\"og:image\" content=\"https:\/\/www.fpecaixa.info\/wp-content\/uploads\/2022\/06\/mar.webp\" \/>\n\t<meta property=\"og:image:width\" content=\"600\" \/>\n\t<meta property=\"og:image:height\" content=\"436\" \/>\n\t<meta property=\"og:image:type\" content=\"image\/webp\" \/>\n<meta name=\"author\" content=\"yblanch\" \/>\n<meta name=\"twitter:card\" content=\"summary_large_image\" \/>\n<meta name=\"twitter:label1\" content=\"Written by\" \/>\n\t<meta name=\"twitter:data1\" content=\"yblanch\" \/>\n\t<meta name=\"twitter:label2\" content=\"Est. reading time\" \/>\n\t<meta name=\"twitter:data2\" content=\"1 minute\" \/>\n<script type=\"application\/ld+json\" class=\"yoast-schema-graph\">{\"@context\":\"https:\\\/\\\/schema.org\",\"@graph\":[{\"@type\":\"Article\",\"@id\":\"https:\\\/\\\/www.fpecaixa.info\\\/evento-online-del-pc30-para-participes-y-beneficiarios\\\/#article\",\"isPartOf\":{\"@id\":\"https:\\\/\\\/www.fpecaixa.info\\\/evento-online-del-pc30-para-participes-y-beneficiarios\\\/\"},\"author\":{\"name\":\"yblanch\",\"@id\":\"https:\\\/\\\/www.fpecaixa.info\\\/#\\\/schema\\\/person\\\/276aa8e6247bc28c8f474b3e30c15c99\"},\"headline\":\"Evento online del PC30 para part\u00edcipes y beneficiarios.\",\"datePublished\":\"2022-06-02T10:41:57+00:00\",\"dateModified\":\"2025-02-21T08:44:03+00:00\",\"mainEntityOfPage\":{\"@id\":\"https:\\\/\\\/www.fpecaixa.info\\\/evento-online-del-pc30-para-participes-y-beneficiarios\\\/\"},\"wordCount\":216,\"image\":{\"@id\":\"https:\\\/\\\/www.fpecaixa.info\\\/evento-online-del-pc30-para-participes-y-beneficiarios\\\/#primaryimage\"},\"thumbnailUrl\":\"https:\\\/\\\/www.fpecaixa.info\\\/wp-content\\\/uploads\\\/2022\\\/06\\\/mar.webp\",\"articleSection\":[\"Destacadas\",\"Noticias\"],\"inLanguage\":\"en-US\"},{\"@type\":\"WebPage\",\"@id\":\"https:\\\/\\\/www.fpecaixa.info\\\/evento-online-del-pc30-para-participes-y-beneficiarios\\\/\",\"url\":\"https:\\\/\\\/www.fpecaixa.info\\\/evento-online-del-pc30-para-participes-y-beneficiarios\\\/\",\"name\":\"Evento online del PC30 para part\u00edcipes y beneficiarios. - Plan de Pensiones de Empleo (PC30)\",\"isPartOf\":{\"@id\":\"https:\\\/\\\/www.fpecaixa.info\\\/#website\"},\"primaryImageOfPage\":{\"@id\":\"https:\\\/\\\/www.fpecaixa.info\\\/evento-online-del-pc30-para-participes-y-beneficiarios\\\/#primaryimage\"},\"image\":{\"@id\":\"https:\\\/\\\/www.fpecaixa.info\\\/evento-online-del-pc30-para-participes-y-beneficiarios\\\/#primaryimage\"},\"thumbnailUrl\":\"https:\\\/\\\/www.fpecaixa.info\\\/wp-content\\\/uploads\\\/2022\\\/06\\\/mar.webp\",\"datePublished\":\"2022-06-02T10:41:57+00:00\",\"dateModified\":\"2025-02-21T08:44:03+00:00\",\"author\":{\"@id\":\"https:\\\/\\\/www.fpecaixa.info\\\/#\\\/schema\\\/person\\\/276aa8e6247bc28c8f474b3e30c15c99\"},\"breadcrumb\":{\"@id\":\"https:\\\/\\\/www.fpecaixa.info\\\/evento-online-del-pc30-para-participes-y-beneficiarios\\\/#breadcrumb\"},\"inLanguage\":\"en-US\",\"potentialAction\":[{\"@type\":\"ReadAction\",\"target\":[\"https:\\\/\\\/www.fpecaixa.info\\\/evento-online-del-pc30-para-participes-y-beneficiarios\\\/\"]}]},{\"@type\":\"ImageObject\",\"inLanguage\":\"en-US\",\"@id\":\"https:\\\/\\\/www.fpecaixa.info\\\/evento-online-del-pc30-para-participes-y-beneficiarios\\\/#primaryimage\",\"url\":\"https:\\\/\\\/www.fpecaixa.info\\\/wp-content\\\/uploads\\\/2022\\\/06\\\/mar.webp\",\"contentUrl\":\"https:\\\/\\\/www.fpecaixa.info\\\/wp-content\\\/uploads\\\/2022\\\/06\\\/mar.webp\",\"width\":600,\"height\":436},{\"@type\":\"BreadcrumbList\",\"@id\":\"https:\\\/\\\/www.fpecaixa.info\\\/evento-online-del-pc30-para-participes-y-beneficiarios\\\/#breadcrumb\",\"itemListElement\":[{\"@type\":\"ListItem\",\"position\":1,\"name\":\"Home\",\"item\":\"https:\\\/\\\/www.fpecaixa.info\\\/en\\\/\"},{\"@type\":\"ListItem\",\"position\":2,\"name\":\"Destacadas\",\"item\":\"https:\\\/\\\/www.fpecaixa.info\\\/category\\\/destacadas\\\/\"},{\"@type\":\"ListItem\",\"position\":3,\"name\":\"Evento online del PC30 para part\u00edcipes y beneficiarios.\"}]},{\"@type\":\"WebSite\",\"@id\":\"https:\\\/\\\/www.fpecaixa.info\\\/#website\",\"url\":\"https:\\\/\\\/www.fpecaixa.info\\\/\",\"name\":\"Plan de Pensiones de Empleo (PC30)\",\"description\":\"Web informativa para el Plan de Pensiones de Empleo (PC30) de trabajadores de Caixabank\",\"potentialAction\":[{\"@type\":\"SearchAction\",\"target\":{\"@type\":\"EntryPoint\",\"urlTemplate\":\"https:\\\/\\\/www.fpecaixa.info\\\/?s={search_term_string}\"},\"query-input\":{\"@type\":\"PropertyValueSpecification\",\"valueRequired\":true,\"valueName\":\"search_term_string\"}}],\"inLanguage\":\"en-US\"},{\"@type\":\"Person\",\"@id\":\"https:\\\/\\\/www.fpecaixa.info\\\/#\\\/schema\\\/person\\\/276aa8e6247bc28c8f474b3e30c15c99\",\"name\":\"yblanch\",\"image\":{\"@type\":\"ImageObject\",\"inLanguage\":\"en-US\",\"@id\":\"https:\\\/\\\/secure.gravatar.com\\\/avatar\\\/cf47a2caaa03985056d0c2f0c334709ce05432979b4a5332a281a6514e472491?s=96&d=mm&r=g\",\"url\":\"https:\\\/\\\/secure.gravatar.com\\\/avatar\\\/cf47a2caaa03985056d0c2f0c334709ce05432979b4a5332a281a6514e472491?s=96&d=mm&r=g\",\"contentUrl\":\"https:\\\/\\\/secure.gravatar.com\\\/avatar\\\/cf47a2caaa03985056d0c2f0c334709ce05432979b4a5332a281a6514e472491?s=96&d=mm&r=g\",\"caption\":\"yblanch\"},\"url\":\"https:\\\/\\\/www.fpecaixa.info\\\/en\\\/author\\\/yblanch\\\/\"}]}<\/script>\n<!-- \/ Yoast SEO plugin. -->","yoast_head_json":{"title":"Evento online del PC30 para part\u00edcipes y beneficiarios. - Plan de Pensiones de Empleo (PC30)","robots":{"index":"index","follow":"follow","max-snippet":"max-snippet:-1","max-image-preview":"max-image-preview:large","max-video-preview":"max-video-preview:-1"},"canonical":"https:\/\/www.fpecaixa.info\/evento-online-del-pc30-para-participes-y-beneficiarios\/","og_locale":"en_US","og_type":"article","og_title":"Evento online del PC30 para part\u00edcipes y beneficiarios. - Plan de Pensiones de Empleo (PC30)","og_description":"7 de julio a las 17.00 &#8230; save the date. Te invitamos a participar en el primer evento anual para part\u00edcipes y beneficiarios que gestionar\u00e1 nuestro Plan de Pensiones de Empleo de CaixaBank (PC30), y que tendr\u00e1 lugar el pr\u00f3ximo 7 de julio a las 17.00 formato online. El acto se centrar\u00e1 en la presentaci\u00f3n [&hellip;]","og_url":"https:\/\/www.fpecaixa.info\/evento-online-del-pc30-para-participes-y-beneficiarios\/","og_site_name":"Plan de Pensiones de Empleo (PC30)","article_published_time":"2022-06-02T10:41:57+00:00","article_modified_time":"2025-02-21T08:44:03+00:00","og_image":[{"width":600,"height":436,"url":"https:\/\/www.fpecaixa.info\/wp-content\/uploads\/2022\/06\/mar.webp","type":"image\/webp"}],"author":"yblanch","twitter_card":"summary_large_image","twitter_misc":{"Written by":"yblanch","Est. reading time":"1 minute"},"schema":{"@context":"https:\/\/schema.org","@graph":[{"@type":"Article","@id":"https:\/\/www.fpecaixa.info\/evento-online-del-pc30-para-participes-y-beneficiarios\/#article","isPartOf":{"@id":"https:\/\/www.fpecaixa.info\/evento-online-del-pc30-para-participes-y-beneficiarios\/"},"author":{"name":"yblanch","@id":"https:\/\/www.fpecaixa.info\/#\/schema\/person\/276aa8e6247bc28c8f474b3e30c15c99"},"headline":"Evento online del PC30 para part\u00edcipes y beneficiarios.","datePublished":"2022-06-02T10:41:57+00:00","dateModified":"2025-02-21T08:44:03+00:00","mainEntityOfPage":{"@id":"https:\/\/www.fpecaixa.info\/evento-online-del-pc30-para-participes-y-beneficiarios\/"},"wordCount":216,"image":{"@id":"https:\/\/www.fpecaixa.info\/evento-online-del-pc30-para-participes-y-beneficiarios\/#primaryimage"},"thumbnailUrl":"https:\/\/www.fpecaixa.info\/wp-content\/uploads\/2022\/06\/mar.webp","articleSection":["Destacadas","Noticias"],"inLanguage":"en-US"},{"@type":"WebPage","@id":"https:\/\/www.fpecaixa.info\/evento-online-del-pc30-para-participes-y-beneficiarios\/","url":"https:\/\/www.fpecaixa.info\/evento-online-del-pc30-para-participes-y-beneficiarios\/","name":"Evento online del PC30 para part\u00edcipes y beneficiarios. - Plan de Pensiones de Empleo (PC30)","isPartOf":{"@id":"https:\/\/www.fpecaixa.info\/#website"},"primaryImageOfPage":{"@id":"https:\/\/www.fpecaixa.info\/evento-online-del-pc30-para-participes-y-beneficiarios\/#primaryimage"},"image":{"@id":"https:\/\/www.fpecaixa.info\/evento-online-del-pc30-para-participes-y-beneficiarios\/#primaryimage"},"thumbnailUrl":"https:\/\/www.fpecaixa.info\/wp-content\/uploads\/2022\/06\/mar.webp","datePublished":"2022-06-02T10:41:57+00:00","dateModified":"2025-02-21T08:44:03+00:00","author":{"@id":"https:\/\/www.fpecaixa.info\/#\/schema\/person\/276aa8e6247bc28c8f474b3e30c15c99"},"breadcrumb":{"@id":"https:\/\/www.fpecaixa.info\/evento-online-del-pc30-para-participes-y-beneficiarios\/#breadcrumb"},"inLanguage":"en-US","potentialAction":[{"@type":"ReadAction","target":["https:\/\/www.fpecaixa.info\/evento-online-del-pc30-para-participes-y-beneficiarios\/"]}]},{"@type":"ImageObject","inLanguage":"en-US","@id":"https:\/\/www.fpecaixa.info\/evento-online-del-pc30-para-participes-y-beneficiarios\/#primaryimage","url":"https:\/\/www.fpecaixa.info\/wp-content\/uploads\/2022\/06\/mar.webp","contentUrl":"https:\/\/www.fpecaixa.info\/wp-content\/uploads\/2022\/06\/mar.webp","width":600,"height":436},{"@type":"BreadcrumbList","@id":"https:\/\/www.fpecaixa.info\/evento-online-del-pc30-para-participes-y-beneficiarios\/#breadcrumb","itemListElement":[{"@type":"ListItem","position":1,"name":"Home","item":"https:\/\/www.fpecaixa.info\/en\/"},{"@type":"ListItem","position":2,"name":"Destacadas","item":"https:\/\/www.fpecaixa.info\/category\/destacadas\/"},{"@type":"ListItem","position":3,"name":"Evento online del PC30 para part\u00edcipes y beneficiarios."}]},{"@type":"WebSite","@id":"https:\/\/www.fpecaixa.info\/#website","url":"https:\/\/www.fpecaixa.info\/","name":"Plan de Pensiones de Empleo (PC30)","description":"Web informativa para el Plan de Pensiones de Empleo (PC30) de trabajadores de Caixabank","potentialAction":[{"@type":"SearchAction","target":{"@type":"EntryPoint","urlTemplate":"https:\/\/www.fpecaixa.info\/?s={search_term_string}"},"query-input":{"@type":"PropertyValueSpecification","valueRequired":true,"valueName":"search_term_string"}}],"inLanguage":"en-US"},{"@type":"Person","@id":"https:\/\/www.fpecaixa.info\/#\/schema\/person\/276aa8e6247bc28c8f474b3e30c15c99","name":"yblanch","image":{"@type":"ImageObject","inLanguage":"en-US","@id":"https:\/\/secure.gravatar.com\/avatar\/cf47a2caaa03985056d0c2f0c334709ce05432979b4a5332a281a6514e472491?s=96&d=mm&r=g","url":"https:\/\/secure.gravatar.com\/avatar\/cf47a2caaa03985056d0c2f0c334709ce05432979b4a5332a281a6514e472491?s=96&d=mm&r=g","contentUrl":"https:\/\/secure.gravatar.com\/avatar\/cf47a2caaa03985056d0c2f0c334709ce05432979b4a5332a281a6514e472491?s=96&d=mm&r=g","caption":"yblanch"},"url":"https:\/\/www.fpecaixa.info\/en\/author\/yblanch\/"}]}},"_links":{"self":[{"href":"https:\/\/www.fpecaixa.info\/en\/wp-json\/wp\/v2\/posts\/4281","targetHints":{"allow":["GET"]}}],"collection":[{"href":"https:\/\/www.fpecaixa.info\/en\/wp-json\/wp\/v2\/posts"}],"about":[{"href":"https:\/\/www.fpecaixa.info\/en\/wp-json\/wp\/v2\/types\/post"}],"author":[{"embeddable":true,"href":"https:\/\/www.fpecaixa.info\/en\/wp-json\/wp\/v2\/users\/11"}],"replies":[{"embeddable":true,"href":"https:\/\/www.fpecaixa.info\/en\/wp-json\/wp\/v2\/comments?post=4281"}],"version-history":[{"count":3,"href":"https:\/\/www.fpecaixa.info\/en\/wp-json\/wp\/v2\/posts\/4281\/revisions"}],"predecessor-version":[{"id":4287,"href":"https:\/\/www.fpecaixa.info\/en\/wp-json\/wp\/v2\/posts\/4281\/revisions\/4287"}],"wp:featuredmedia":[{"embeddable":true,"href":"https:\/\/www.fpecaixa.info\/en\/wp-json\/wp\/v2\/media\/4319"}],"wp:attachment":[{"href":"https:\/\/www.fpecaixa.info\/en\/wp-json\/wp\/v2\/media?parent=4281"}],"wp:term":[{"taxonomy":"category","embeddable":true,"href":"https:\/\/www.fpecaixa.info\/en\/wp-json\/wp\/v2\/categories?post=4281"},{"taxonomy":"post_tag","embeddable":true,"href":"https:\/\/www.fpecaixa.info\/en\/wp-json\/wp\/v2\/tags?post=4281"}],"curies":[{"name":"wp","href":"https:\/\/api.w.org\/{rel}","templated":true}]}}