{"id":4635,"date":"2022-12-13T15:34:19","date_gmt":"2022-12-13T15:34:19","guid":{"rendered":"https:\/\/www.fpecaixa.info\/?p=4635"},"modified":"2025-02-21T08:43:50","modified_gmt":"2025-02-21T08:43:50","slug":"pc30-y-su-presencia-en-distintos-eventos","status":"publish","type":"post","link":"https:\/\/www.fpecaixa.info\/en\/pc30-y-su-presencia-en-distintos-eventos\/","title":{"rendered":"PC30 y su presencia en distintos eventos"},"content":{"rendered":"\n<h2 class=\"wp-block-heading\">En el \u00faltimo mes y medio el Fondo de Pensiones de Empleados de CaixaBank ha tenido una presencia destacada en distintos eventos internacionales.<\/h2>\n\n\n\n<p>A lo largo de las \u00faltimas semanas el PC30 ha participado en varios eventos relacionados con la industria de planes de pensiones y con las inversiones sostenibles.<\/p>\n\n\n\n<p>En primer lugar, en la primera semana de noviembre, el fondo particip\u00f3 en el World Pension Summit, en La Haya, compartiendo sus planteamientos en la construcci\u00f3n de carteras.<\/p>\n\n\n\n<p>Del 30 de noviembre al 1 de diciembre de 2022 se celebr\u00f3 en Barcelona PRI in person, el evento m\u00e1s relevante a nivel global en lo que respecta a la inversi\u00f3n responsable. All\u00ed, tuvimos la ocasi\u00f3n de participar en un panel en el que trasladamos los retos que implica el uso de los datos asociados con sostenibilidad.<\/p>\n\n\n\n<p>Por \u00faltimo, en la gala de los premios IPE, en Rotterdam, el PC30 fue galardonado con el premio al fondo con mejor gesti\u00f3n de riesgo de Europa. Esta es la primera vez que el fondo recibe este galard\u00f3n.<\/p>\n\n\n\n<p><\/p>\n\n\n\n<figure class=\"wp-block-image size-large\"><img loading=\"lazy\" decoding=\"async\" width=\"1024\" height=\"258\" src=\"https:\/\/www.fpecaixa.info\/wp-content\/uploads\/2022\/12\/image-1024x258.png\" alt=\"\" class=\"wp-image-4636\" srcset=\"https:\/\/www.fpecaixa.info\/wp-content\/uploads\/2022\/12\/image-1024x258.png 1024w, https:\/\/www.fpecaixa.info\/wp-content\/uploads\/2022\/12\/image-300x75.png 300w, https:\/\/www.fpecaixa.info\/wp-content\/uploads\/2022\/12\/image-768x193.png 768w, https:\/\/www.fpecaixa.info\/wp-content\/uploads\/2022\/12\/image.png 1085w\" sizes=\"auto, (max-width: 1024px) 100vw, 1024px\" \/><\/figure>\n","protected":false},"excerpt":{"rendered":"<p>En el \u00faltimo mes y medio el Fondo de Pensiones de Empleados de CaixaBank ha tenido una presencia destacada en distintos eventos internacionales. A lo largo de las \u00faltimas semanas el PC30 ha participado en varios eventos relacionados con la industria de planes de pensiones y con las inversiones sostenibles. En primer lugar, en la [&hellip;]<\/p>\n","protected":false},"author":6,"featured_media":4639,"comment_status":"closed","ping_status":"open","sticky":false,"template":"","format":"standard","meta":{"_acf_changed":false,"_monsterinsights_skip_tracking":false,"_monsterinsights_sitenote_active":false,"_monsterinsights_sitenote_note":"","_monsterinsights_sitenote_category":0,"footnotes":""},"categories":[37,10],"tags":[],"class_list":["post-4635","post","type-post","status-publish","format-standard","has-post-thumbnail","hentry","category-destacadas","category-noticias"],"acf":[],"yoast_head":"<!-- This site is optimized with the Yoast SEO plugin v27.5 - https:\/\/yoast.com\/product\/yoast-seo-wordpress\/ -->\n<title>PC30 y su presencia en distintos eventos - Plan de Pensiones de Empleo (PC30)<\/title>\n<meta name=\"robots\" content=\"index, follow, max-snippet:-1, max-image-preview:large, max-video-preview:-1\" \/>\n<link rel=\"canonical\" href=\"https:\/\/www.fpecaixa.info\/pc30-y-su-presencia-en-distintos-eventos\/\" \/>\n<meta property=\"og:locale\" content=\"en_US\" \/>\n<meta property=\"og:type\" content=\"article\" \/>\n<meta property=\"og:title\" content=\"PC30 y su presencia en distintos eventos - Plan de Pensiones de Empleo (PC30)\" \/>\n<meta property=\"og:description\" content=\"En el \u00faltimo mes y medio el Fondo de Pensiones de Empleados de CaixaBank ha tenido una presencia destacada en distintos eventos internacionales. A lo largo de las \u00faltimas semanas el PC30 ha participado en varios eventos relacionados con la industria de planes de pensiones y con las inversiones sostenibles. En primer lugar, en la [&hellip;]\" \/>\n<meta property=\"og:url\" content=\"https:\/\/www.fpecaixa.info\/pc30-y-su-presencia-en-distintos-eventos\/\" \/>\n<meta property=\"og:site_name\" content=\"Plan de Pensiones de Empleo (PC30)\" \/>\n<meta property=\"article:published_time\" content=\"2022-12-13T15:34:19+00:00\" \/>\n<meta property=\"article:modified_time\" content=\"2025-02-21T08:43:50+00:00\" \/>\n<meta property=\"og:image\" content=\"https:\/\/www.fpecaixa.info\/wp-content\/uploads\/2022\/12\/ipe2022.png\" \/>\n\t<meta property=\"og:image:width\" content=\"288\" \/>\n\t<meta property=\"og:image:height\" content=\"175\" \/>\n\t<meta property=\"og:image:type\" content=\"image\/png\" \/>\n<meta name=\"author\" content=\"ijhernandez\" \/>\n<meta name=\"twitter:card\" content=\"summary_large_image\" \/>\n<meta name=\"twitter:label1\" content=\"Written by\" \/>\n\t<meta name=\"twitter:data1\" content=\"ijhernandez\" \/>\n\t<meta name=\"twitter:label2\" content=\"Est. reading time\" \/>\n\t<meta name=\"twitter:data2\" content=\"1 minute\" \/>\n<script type=\"application\/ld+json\" class=\"yoast-schema-graph\">{\"@context\":\"https:\\\/\\\/schema.org\",\"@graph\":[{\"@type\":\"Article\",\"@id\":\"https:\\\/\\\/www.fpecaixa.info\\\/pc30-y-su-presencia-en-distintos-eventos\\\/#article\",\"isPartOf\":{\"@id\":\"https:\\\/\\\/www.fpecaixa.info\\\/pc30-y-su-presencia-en-distintos-eventos\\\/\"},\"author\":{\"name\":\"ijhernandez\",\"@id\":\"https:\\\/\\\/www.fpecaixa.info\\\/#\\\/schema\\\/person\\\/aa69608ee32bb66f1154144f2e88b216\"},\"headline\":\"PC30 y su presencia en distintos eventos\",\"datePublished\":\"2022-12-13T15:34:19+00:00\",\"dateModified\":\"2025-02-21T08:43:50+00:00\",\"mainEntityOfPage\":{\"@id\":\"https:\\\/\\\/www.fpecaixa.info\\\/pc30-y-su-presencia-en-distintos-eventos\\\/\"},\"wordCount\":183,\"image\":{\"@id\":\"https:\\\/\\\/www.fpecaixa.info\\\/pc30-y-su-presencia-en-distintos-eventos\\\/#primaryimage\"},\"thumbnailUrl\":\"https:\\\/\\\/www.fpecaixa.info\\\/wp-content\\\/uploads\\\/2022\\\/12\\\/ipe2022.png\",\"articleSection\":[\"Destacadas\",\"Noticias\"],\"inLanguage\":\"en-US\"},{\"@type\":\"WebPage\",\"@id\":\"https:\\\/\\\/www.fpecaixa.info\\\/pc30-y-su-presencia-en-distintos-eventos\\\/\",\"url\":\"https:\\\/\\\/www.fpecaixa.info\\\/pc30-y-su-presencia-en-distintos-eventos\\\/\",\"name\":\"PC30 y su presencia en distintos eventos - Plan de Pensiones de Empleo (PC30)\",\"isPartOf\":{\"@id\":\"https:\\\/\\\/www.fpecaixa.info\\\/#website\"},\"primaryImageOfPage\":{\"@id\":\"https:\\\/\\\/www.fpecaixa.info\\\/pc30-y-su-presencia-en-distintos-eventos\\\/#primaryimage\"},\"image\":{\"@id\":\"https:\\\/\\\/www.fpecaixa.info\\\/pc30-y-su-presencia-en-distintos-eventos\\\/#primaryimage\"},\"thumbnailUrl\":\"https:\\\/\\\/www.fpecaixa.info\\\/wp-content\\\/uploads\\\/2022\\\/12\\\/ipe2022.png\",\"datePublished\":\"2022-12-13T15:34:19+00:00\",\"dateModified\":\"2025-02-21T08:43:50+00:00\",\"author\":{\"@id\":\"https:\\\/\\\/www.fpecaixa.info\\\/#\\\/schema\\\/person\\\/aa69608ee32bb66f1154144f2e88b216\"},\"breadcrumb\":{\"@id\":\"https:\\\/\\\/www.fpecaixa.info\\\/pc30-y-su-presencia-en-distintos-eventos\\\/#breadcrumb\"},\"inLanguage\":\"en-US\",\"potentialAction\":[{\"@type\":\"ReadAction\",\"target\":[\"https:\\\/\\\/www.fpecaixa.info\\\/pc30-y-su-presencia-en-distintos-eventos\\\/\"]}]},{\"@type\":\"ImageObject\",\"inLanguage\":\"en-US\",\"@id\":\"https:\\\/\\\/www.fpecaixa.info\\\/pc30-y-su-presencia-en-distintos-eventos\\\/#primaryimage\",\"url\":\"https:\\\/\\\/www.fpecaixa.info\\\/wp-content\\\/uploads\\\/2022\\\/12\\\/ipe2022.png\",\"contentUrl\":\"https:\\\/\\\/www.fpecaixa.info\\\/wp-content\\\/uploads\\\/2022\\\/12\\\/ipe2022.png\",\"width\":288,\"height\":175},{\"@type\":\"BreadcrumbList\",\"@id\":\"https:\\\/\\\/www.fpecaixa.info\\\/pc30-y-su-presencia-en-distintos-eventos\\\/#breadcrumb\",\"itemListElement\":[{\"@type\":\"ListItem\",\"position\":1,\"name\":\"Home\",\"item\":\"https:\\\/\\\/www.fpecaixa.info\\\/en\\\/\"},{\"@type\":\"ListItem\",\"position\":2,\"name\":\"Noticias\",\"item\":\"https:\\\/\\\/www.fpecaixa.info\\\/category\\\/noticias\\\/\"},{\"@type\":\"ListItem\",\"position\":3,\"name\":\"PC30 y su presencia en distintos eventos\"}]},{\"@type\":\"WebSite\",\"@id\":\"https:\\\/\\\/www.fpecaixa.info\\\/#website\",\"url\":\"https:\\\/\\\/www.fpecaixa.info\\\/\",\"name\":\"Plan de Pensiones de Empleo (PC30)\",\"description\":\"Web informativa para el Plan de Pensiones de Empleo (PC30) de trabajadores de Caixabank\",\"potentialAction\":[{\"@type\":\"SearchAction\",\"target\":{\"@type\":\"EntryPoint\",\"urlTemplate\":\"https:\\\/\\\/www.fpecaixa.info\\\/?s={search_term_string}\"},\"query-input\":{\"@type\":\"PropertyValueSpecification\",\"valueRequired\":true,\"valueName\":\"search_term_string\"}}],\"inLanguage\":\"en-US\"},{\"@type\":\"Person\",\"@id\":\"https:\\\/\\\/www.fpecaixa.info\\\/#\\\/schema\\\/person\\\/aa69608ee32bb66f1154144f2e88b216\",\"name\":\"ijhernandez\",\"image\":{\"@type\":\"ImageObject\",\"inLanguage\":\"en-US\",\"@id\":\"https:\\\/\\\/secure.gravatar.com\\\/avatar\\\/fc12ba80fe04063a2c363a116cf1b94dc0270db700aa98301e2345b84be9a049?s=96&d=mm&r=g\",\"url\":\"https:\\\/\\\/secure.gravatar.com\\\/avatar\\\/fc12ba80fe04063a2c363a116cf1b94dc0270db700aa98301e2345b84be9a049?s=96&d=mm&r=g\",\"contentUrl\":\"https:\\\/\\\/secure.gravatar.com\\\/avatar\\\/fc12ba80fe04063a2c363a116cf1b94dc0270db700aa98301e2345b84be9a049?s=96&d=mm&r=g\",\"caption\":\"ijhernandez\"},\"url\":\"https:\\\/\\\/www.fpecaixa.info\\\/en\\\/author\\\/ijhernandez\\\/\"}]}<\/script>\n<!-- \/ Yoast SEO plugin. -->","yoast_head_json":{"title":"PC30 y su presencia en distintos eventos - Plan de Pensiones de Empleo (PC30)","robots":{"index":"index","follow":"follow","max-snippet":"max-snippet:-1","max-image-preview":"max-image-preview:large","max-video-preview":"max-video-preview:-1"},"canonical":"https:\/\/www.fpecaixa.info\/pc30-y-su-presencia-en-distintos-eventos\/","og_locale":"en_US","og_type":"article","og_title":"PC30 y su presencia en distintos eventos - Plan de Pensiones de Empleo (PC30)","og_description":"En el \u00faltimo mes y medio el Fondo de Pensiones de Empleados de CaixaBank ha tenido una presencia destacada en distintos eventos internacionales. A lo largo de las \u00faltimas semanas el PC30 ha participado en varios eventos relacionados con la industria de planes de pensiones y con las inversiones sostenibles. En primer lugar, en la [&hellip;]","og_url":"https:\/\/www.fpecaixa.info\/pc30-y-su-presencia-en-distintos-eventos\/","og_site_name":"Plan de Pensiones de Empleo (PC30)","article_published_time":"2022-12-13T15:34:19+00:00","article_modified_time":"2025-02-21T08:43:50+00:00","og_image":[{"width":288,"height":175,"url":"https:\/\/www.fpecaixa.info\/wp-content\/uploads\/2022\/12\/ipe2022.png","type":"image\/png"}],"author":"ijhernandez","twitter_card":"summary_large_image","twitter_misc":{"Written by":"ijhernandez","Est. reading time":"1 minute"},"schema":{"@context":"https:\/\/schema.org","@graph":[{"@type":"Article","@id":"https:\/\/www.fpecaixa.info\/pc30-y-su-presencia-en-distintos-eventos\/#article","isPartOf":{"@id":"https:\/\/www.fpecaixa.info\/pc30-y-su-presencia-en-distintos-eventos\/"},"author":{"name":"ijhernandez","@id":"https:\/\/www.fpecaixa.info\/#\/schema\/person\/aa69608ee32bb66f1154144f2e88b216"},"headline":"PC30 y su presencia en distintos eventos","datePublished":"2022-12-13T15:34:19+00:00","dateModified":"2025-02-21T08:43:50+00:00","mainEntityOfPage":{"@id":"https:\/\/www.fpecaixa.info\/pc30-y-su-presencia-en-distintos-eventos\/"},"wordCount":183,"image":{"@id":"https:\/\/www.fpecaixa.info\/pc30-y-su-presencia-en-distintos-eventos\/#primaryimage"},"thumbnailUrl":"https:\/\/www.fpecaixa.info\/wp-content\/uploads\/2022\/12\/ipe2022.png","articleSection":["Destacadas","Noticias"],"inLanguage":"en-US"},{"@type":"WebPage","@id":"https:\/\/www.fpecaixa.info\/pc30-y-su-presencia-en-distintos-eventos\/","url":"https:\/\/www.fpecaixa.info\/pc30-y-su-presencia-en-distintos-eventos\/","name":"PC30 y su presencia en distintos eventos - Plan de Pensiones de Empleo (PC30)","isPartOf":{"@id":"https:\/\/www.fpecaixa.info\/#website"},"primaryImageOfPage":{"@id":"https:\/\/www.fpecaixa.info\/pc30-y-su-presencia-en-distintos-eventos\/#primaryimage"},"image":{"@id":"https:\/\/www.fpecaixa.info\/pc30-y-su-presencia-en-distintos-eventos\/#primaryimage"},"thumbnailUrl":"https:\/\/www.fpecaixa.info\/wp-content\/uploads\/2022\/12\/ipe2022.png","datePublished":"2022-12-13T15:34:19+00:00","dateModified":"2025-02-21T08:43:50+00:00","author":{"@id":"https:\/\/www.fpecaixa.info\/#\/schema\/person\/aa69608ee32bb66f1154144f2e88b216"},"breadcrumb":{"@id":"https:\/\/www.fpecaixa.info\/pc30-y-su-presencia-en-distintos-eventos\/#breadcrumb"},"inLanguage":"en-US","potentialAction":[{"@type":"ReadAction","target":["https:\/\/www.fpecaixa.info\/pc30-y-su-presencia-en-distintos-eventos\/"]}]},{"@type":"ImageObject","inLanguage":"en-US","@id":"https:\/\/www.fpecaixa.info\/pc30-y-su-presencia-en-distintos-eventos\/#primaryimage","url":"https:\/\/www.fpecaixa.info\/wp-content\/uploads\/2022\/12\/ipe2022.png","contentUrl":"https:\/\/www.fpecaixa.info\/wp-content\/uploads\/2022\/12\/ipe2022.png","width":288,"height":175},{"@type":"BreadcrumbList","@id":"https:\/\/www.fpecaixa.info\/pc30-y-su-presencia-en-distintos-eventos\/#breadcrumb","itemListElement":[{"@type":"ListItem","position":1,"name":"Home","item":"https:\/\/www.fpecaixa.info\/en\/"},{"@type":"ListItem","position":2,"name":"Noticias","item":"https:\/\/www.fpecaixa.info\/category\/noticias\/"},{"@type":"ListItem","position":3,"name":"PC30 y su presencia en distintos eventos"}]},{"@type":"WebSite","@id":"https:\/\/www.fpecaixa.info\/#website","url":"https:\/\/www.fpecaixa.info\/","name":"Plan de Pensiones de Empleo (PC30)","description":"Web informativa para el Plan de Pensiones de Empleo (PC30) de trabajadores de Caixabank","potentialAction":[{"@type":"SearchAction","target":{"@type":"EntryPoint","urlTemplate":"https:\/\/www.fpecaixa.info\/?s={search_term_string}"},"query-input":{"@type":"PropertyValueSpecification","valueRequired":true,"valueName":"search_term_string"}}],"inLanguage":"en-US"},{"@type":"Person","@id":"https:\/\/www.fpecaixa.info\/#\/schema\/person\/aa69608ee32bb66f1154144f2e88b216","name":"ijhernandez","image":{"@type":"ImageObject","inLanguage":"en-US","@id":"https:\/\/secure.gravatar.com\/avatar\/fc12ba80fe04063a2c363a116cf1b94dc0270db700aa98301e2345b84be9a049?s=96&d=mm&r=g","url":"https:\/\/secure.gravatar.com\/avatar\/fc12ba80fe04063a2c363a116cf1b94dc0270db700aa98301e2345b84be9a049?s=96&d=mm&r=g","contentUrl":"https:\/\/secure.gravatar.com\/avatar\/fc12ba80fe04063a2c363a116cf1b94dc0270db700aa98301e2345b84be9a049?s=96&d=mm&r=g","caption":"ijhernandez"},"url":"https:\/\/www.fpecaixa.info\/en\/author\/ijhernandez\/"}]}},"_links":{"self":[{"href":"https:\/\/www.fpecaixa.info\/en\/wp-json\/wp\/v2\/posts\/4635","targetHints":{"allow":["GET"]}}],"collection":[{"href":"https:\/\/www.fpecaixa.info\/en\/wp-json\/wp\/v2\/posts"}],"about":[{"href":"https:\/\/www.fpecaixa.info\/en\/wp-json\/wp\/v2\/types\/post"}],"author":[{"embeddable":true,"href":"https:\/\/www.fpecaixa.info\/en\/wp-json\/wp\/v2\/users\/6"}],"replies":[{"embeddable":true,"href":"https:\/\/www.fpecaixa.info\/en\/wp-json\/wp\/v2\/comments?post=4635"}],"version-history":[{"count":1,"href":"https:\/\/www.fpecaixa.info\/en\/wp-json\/wp\/v2\/posts\/4635\/revisions"}],"predecessor-version":[{"id":4642,"href":"https:\/\/www.fpecaixa.info\/en\/wp-json\/wp\/v2\/posts\/4635\/revisions\/4642"}],"wp:featuredmedia":[{"embeddable":true,"href":"https:\/\/www.fpecaixa.info\/en\/wp-json\/wp\/v2\/media\/4639"}],"wp:attachment":[{"href":"https:\/\/www.fpecaixa.info\/en\/wp-json\/wp\/v2\/media?parent=4635"}],"wp:term":[{"taxonomy":"category","embeddable":true,"href":"https:\/\/www.fpecaixa.info\/en\/wp-json\/wp\/v2\/categories?post=4635"},{"taxonomy":"post_tag","embeddable":true,"href":"https:\/\/www.fpecaixa.info\/en\/wp-json\/wp\/v2\/tags?post=4635"}],"curies":[{"name":"wp","href":"https:\/\/api.w.org\/{rel}","templated":true}]}}