{"id":5088,"date":"2024-01-22T11:21:47","date_gmt":"2024-01-22T11:21:47","guid":{"rendered":"https:\/\/www.fpecaixa.info\/?p=5088"},"modified":"2025-02-21T08:43:35","modified_gmt":"2025-02-21T08:43:35","slug":"plan-estrategico-del-fondo-de-pensiones-pc30-para-los-anos-2024-a-2026","status":"publish","type":"post","link":"https:\/\/www.fpecaixa.info\/en\/plan-estrategico-del-fondo-de-pensiones-pc30-para-los-anos-2024-a-2026\/","title":{"rendered":"Plan Estrat\u00e9gico Del Fondo De Pensiones\u00a0Pc30 Para Los A\u00f1os 2024 A 2026"},"content":{"rendered":"\n<h2 class=\"wp-block-heading\">Marcar\u00e1 la evoluci\u00f3n del fondo en los pr\u00f3ximos tres a\u00f1os<\/h2>\n\n\n\n<p>El pasado mes de diciembre, la Comisi\u00f3n de Control del Plan de Empleo de CaixaBank aprob\u00f3 el nuevo plan estrat\u00e9gico que marcar\u00e1 la evoluci\u00f3n del fondo a lo largo de los tres pr\u00f3ximos a\u00f1os. En \u00e9l, se introducen nuevos objetivos. Adem\u00e1s, se ahonda en materias que ya se encontraban en el plan anterior, como la sostenibilidad, la comunicaci\u00f3n con los part\u00edcipes o la gesti\u00f3n del riesgo. Nuestro fondo busca ser un referente europeo en Fondos de Pensiones de Empleo, destacando por su compromiso y cercan\u00eda con el colectivo, la innovaci\u00f3n y la sostenibilidad.<\/p>\n\n\n\n<p>El nuevo plan consta de tres pilares estrat\u00e9gicos que se desarrollan a partir de diversas l\u00edneas de acci\u00f3n.<\/p>\n\n\n\n<div class=\"wp-block-image\"><figure class=\"aligncenter size-large\"><img loading=\"lazy\" decoding=\"async\" width=\"1024\" height=\"591\" src=\"https:\/\/www.fpecaixa.info\/wp-content\/uploads\/2024\/01\/image-1024x591.png\" alt=\"\" class=\"wp-image-5089\" srcset=\"https:\/\/www.fpecaixa.info\/wp-content\/uploads\/2024\/01\/image-1024x591.png 1024w, https:\/\/www.fpecaixa.info\/wp-content\/uploads\/2024\/01\/image-300x173.png 300w, https:\/\/www.fpecaixa.info\/wp-content\/uploads\/2024\/01\/image-768x443.png 768w, https:\/\/www.fpecaixa.info\/wp-content\/uploads\/2024\/01\/image.png 1288w\" sizes=\"auto, (max-width: 1024px) 100vw, 1024px\" \/><\/figure><\/div>\n\n\n\n<div class=\"wp-block-image\"><figure class=\"aligncenter size-large\"><img loading=\"lazy\" decoding=\"async\" width=\"1024\" height=\"580\" src=\"https:\/\/www.fpecaixa.info\/wp-content\/uploads\/2024\/01\/image-3-1024x580.png\" alt=\"\" class=\"wp-image-5098\" srcset=\"https:\/\/www.fpecaixa.info\/wp-content\/uploads\/2024\/01\/image-3-1024x580.png 1024w, https:\/\/www.fpecaixa.info\/wp-content\/uploads\/2024\/01\/image-3-300x170.png 300w, https:\/\/www.fpecaixa.info\/wp-content\/uploads\/2024\/01\/image-3-768x435.png 768w, https:\/\/www.fpecaixa.info\/wp-content\/uploads\/2024\/01\/image-3.png 1254w\" sizes=\"auto, (max-width: 1024px) 100vw, 1024px\" \/><\/figure><\/div>\n\n\n\n<p>Adem\u00e1s, tambi\u00e9n se actualizan la misi\u00f3n, la visi\u00f3n y los valores, siendo estos;<\/p>\n\n\n\n<p>\u2022&nbsp;&nbsp;&nbsp; <strong>Misi\u00f3n:<\/strong> Responder a las necesidades y objetivos a largo plazo del colectivo, de una manera responsable y sostenible por todos los agentes involucrados en el funcionamiento del Fondo de Pensiones.<\/p>\n\n\n\n<p>\u2022&nbsp;&nbsp; <strong>Visi\u00f3n:<\/strong> Ser un referente en el \u00e1mbito europeo de Fondos de Pensiones de Empleo, reconocido por su compromiso con el colectivo, la innovaci\u00f3n y la sostenibilidad.<\/p>\n\n\n\n<p>\u2022&nbsp;&nbsp;&nbsp;<strong>Valores:<\/strong> Compromiso con el colectivo, innovaci\u00f3n y sostenibilidad.<\/p>\n\n\n\n<p>Para m\u00e1s informaci\u00f3n, puede dirigirse al apartado de Plan Estrat\u00e9gico que se encuentra en <a href=\"https:\/\/www.fpecaixa.info\/el-fondo\/el-fondo-2\/\">Conoce tu Fondo <\/a><\/p>\n","protected":false},"excerpt":{"rendered":"<p>Marcar\u00e1 la evoluci\u00f3n del fondo en los pr\u00f3ximos tres a\u00f1os El pasado mes de diciembre, la Comisi\u00f3n de Control del Plan de Empleo de CaixaBank aprob\u00f3 el nuevo plan estrat\u00e9gico que marcar\u00e1 la evoluci\u00f3n del fondo a lo largo de los tres pr\u00f3ximos a\u00f1os. En \u00e9l, se introducen nuevos objetivos. Adem\u00e1s, se ahonda en materias [&hellip;]<\/p>\n","protected":false},"author":6,"featured_media":5101,"comment_status":"closed","ping_status":"open","sticky":false,"template":"","format":"standard","meta":{"_acf_changed":false,"_monsterinsights_skip_tracking":false,"_monsterinsights_sitenote_active":false,"_monsterinsights_sitenote_note":"","_monsterinsights_sitenote_category":0,"footnotes":""},"categories":[10],"tags":[],"class_list":["post-5088","post","type-post","status-publish","format-standard","has-post-thumbnail","hentry","category-noticias"],"acf":[],"yoast_head":"<!-- This site is optimized with the Yoast SEO plugin v27.5 - https:\/\/yoast.com\/product\/yoast-seo-wordpress\/ -->\n<title>Plan Estrat\u00e9gico Del Fondo De Pensiones\u00a0Pc30 Para Los A\u00f1os 2024 A 2026 - Plan de Pensiones de Empleo (PC30)<\/title>\n<meta name=\"robots\" content=\"index, follow, max-snippet:-1, max-image-preview:large, max-video-preview:-1\" \/>\n<link rel=\"canonical\" href=\"https:\/\/www.fpecaixa.info\/en\/plan-estrategico-del-fondo-de-pensiones-pc30-para-los-anos-2024-a-2026\/\" \/>\n<meta property=\"og:locale\" content=\"en_US\" \/>\n<meta property=\"og:type\" content=\"article\" \/>\n<meta property=\"og:title\" content=\"Plan Estrat\u00e9gico Del Fondo De Pensiones\u00a0Pc30 Para Los A\u00f1os 2024 A 2026 - Plan de Pensiones de Empleo (PC30)\" \/>\n<meta property=\"og:description\" content=\"Marcar\u00e1 la evoluci\u00f3n del fondo en los pr\u00f3ximos tres a\u00f1os El pasado mes de diciembre, la Comisi\u00f3n de Control del Plan de Empleo de CaixaBank aprob\u00f3 el nuevo plan estrat\u00e9gico que marcar\u00e1 la evoluci\u00f3n del fondo a lo largo de los tres pr\u00f3ximos a\u00f1os. En \u00e9l, se introducen nuevos objetivos. Adem\u00e1s, se ahonda en materias [&hellip;]\" \/>\n<meta property=\"og:url\" content=\"https:\/\/www.fpecaixa.info\/en\/plan-estrategico-del-fondo-de-pensiones-pc30-para-los-anos-2024-a-2026\/\" \/>\n<meta property=\"og:site_name\" content=\"Plan de Pensiones de Empleo (PC30)\" \/>\n<meta property=\"article:published_time\" content=\"2024-01-22T11:21:47+00:00\" \/>\n<meta property=\"article:modified_time\" content=\"2025-02-21T08:43:35+00:00\" \/>\n<meta property=\"og:image\" content=\"https:\/\/www.fpecaixa.info\/wp-content\/uploads\/2024\/01\/empty-road-with-wide-open-pasture-mountains-style-creative-commons-attribution_921860-38179.webp\" \/>\n\t<meta property=\"og:image:width\" content=\"541\" \/>\n\t<meta property=\"og:image:height\" content=\"626\" \/>\n\t<meta property=\"og:image:type\" content=\"image\/webp\" \/>\n<meta name=\"author\" content=\"ijhernandez\" \/>\n<meta name=\"twitter:card\" content=\"summary_large_image\" \/>\n<meta name=\"twitter:label1\" content=\"Written by\" \/>\n\t<meta name=\"twitter:data1\" content=\"ijhernandez\" \/>\n\t<meta name=\"twitter:label2\" content=\"Est. reading time\" \/>\n\t<meta name=\"twitter:data2\" content=\"2 minutes\" \/>\n<script type=\"application\/ld+json\" class=\"yoast-schema-graph\">{\"@context\":\"https:\\\/\\\/schema.org\",\"@graph\":[{\"@type\":\"Article\",\"@id\":\"https:\\\/\\\/www.fpecaixa.info\\\/en\\\/plan-estrategico-del-fondo-de-pensiones-pc30-para-los-anos-2024-a-2026\\\/#article\",\"isPartOf\":{\"@id\":\"https:\\\/\\\/www.fpecaixa.info\\\/en\\\/plan-estrategico-del-fondo-de-pensiones-pc30-para-los-anos-2024-a-2026\\\/\"},\"author\":{\"name\":\"ijhernandez\",\"@id\":\"https:\\\/\\\/www.fpecaixa.info\\\/#\\\/schema\\\/person\\\/aa69608ee32bb66f1154144f2e88b216\"},\"headline\":\"Plan Estrat\u00e9gico Del Fondo De Pensiones\u00a0Pc30 Para Los A\u00f1os 2024 A 2026\",\"datePublished\":\"2024-01-22T11:21:47+00:00\",\"dateModified\":\"2025-02-21T08:43:35+00:00\",\"mainEntityOfPage\":{\"@id\":\"https:\\\/\\\/www.fpecaixa.info\\\/en\\\/plan-estrategico-del-fondo-de-pensiones-pc30-para-los-anos-2024-a-2026\\\/\"},\"wordCount\":264,\"image\":{\"@id\":\"https:\\\/\\\/www.fpecaixa.info\\\/en\\\/plan-estrategico-del-fondo-de-pensiones-pc30-para-los-anos-2024-a-2026\\\/#primaryimage\"},\"thumbnailUrl\":\"https:\\\/\\\/www.fpecaixa.info\\\/wp-content\\\/uploads\\\/2024\\\/01\\\/empty-road-with-wide-open-pasture-mountains-style-creative-commons-attribution_921860-38179.webp\",\"articleSection\":[\"Noticias\"],\"inLanguage\":\"en-US\"},{\"@type\":\"WebPage\",\"@id\":\"https:\\\/\\\/www.fpecaixa.info\\\/en\\\/plan-estrategico-del-fondo-de-pensiones-pc30-para-los-anos-2024-a-2026\\\/\",\"url\":\"https:\\\/\\\/www.fpecaixa.info\\\/en\\\/plan-estrategico-del-fondo-de-pensiones-pc30-para-los-anos-2024-a-2026\\\/\",\"name\":\"Plan Estrat\u00e9gico Del Fondo De Pensiones\u00a0Pc30 Para Los A\u00f1os 2024 A 2026 - Plan de Pensiones de Empleo (PC30)\",\"isPartOf\":{\"@id\":\"https:\\\/\\\/www.fpecaixa.info\\\/#website\"},\"primaryImageOfPage\":{\"@id\":\"https:\\\/\\\/www.fpecaixa.info\\\/en\\\/plan-estrategico-del-fondo-de-pensiones-pc30-para-los-anos-2024-a-2026\\\/#primaryimage\"},\"image\":{\"@id\":\"https:\\\/\\\/www.fpecaixa.info\\\/en\\\/plan-estrategico-del-fondo-de-pensiones-pc30-para-los-anos-2024-a-2026\\\/#primaryimage\"},\"thumbnailUrl\":\"https:\\\/\\\/www.fpecaixa.info\\\/wp-content\\\/uploads\\\/2024\\\/01\\\/empty-road-with-wide-open-pasture-mountains-style-creative-commons-attribution_921860-38179.webp\",\"datePublished\":\"2024-01-22T11:21:47+00:00\",\"dateModified\":\"2025-02-21T08:43:35+00:00\",\"author\":{\"@id\":\"https:\\\/\\\/www.fpecaixa.info\\\/#\\\/schema\\\/person\\\/aa69608ee32bb66f1154144f2e88b216\"},\"breadcrumb\":{\"@id\":\"https:\\\/\\\/www.fpecaixa.info\\\/en\\\/plan-estrategico-del-fondo-de-pensiones-pc30-para-los-anos-2024-a-2026\\\/#breadcrumb\"},\"inLanguage\":\"en-US\",\"potentialAction\":[{\"@type\":\"ReadAction\",\"target\":[\"https:\\\/\\\/www.fpecaixa.info\\\/en\\\/plan-estrategico-del-fondo-de-pensiones-pc30-para-los-anos-2024-a-2026\\\/\"]}]},{\"@type\":\"ImageObject\",\"inLanguage\":\"en-US\",\"@id\":\"https:\\\/\\\/www.fpecaixa.info\\\/en\\\/plan-estrategico-del-fondo-de-pensiones-pc30-para-los-anos-2024-a-2026\\\/#primaryimage\",\"url\":\"https:\\\/\\\/www.fpecaixa.info\\\/wp-content\\\/uploads\\\/2024\\\/01\\\/empty-road-with-wide-open-pasture-mountains-style-creative-commons-attribution_921860-38179.webp\",\"contentUrl\":\"https:\\\/\\\/www.fpecaixa.info\\\/wp-content\\\/uploads\\\/2024\\\/01\\\/empty-road-with-wide-open-pasture-mountains-style-creative-commons-attribution_921860-38179.webp\",\"width\":541,\"height\":626},{\"@type\":\"BreadcrumbList\",\"@id\":\"https:\\\/\\\/www.fpecaixa.info\\\/en\\\/plan-estrategico-del-fondo-de-pensiones-pc30-para-los-anos-2024-a-2026\\\/#breadcrumb\",\"itemListElement\":[{\"@type\":\"ListItem\",\"position\":1,\"name\":\"Home\",\"item\":\"https:\\\/\\\/www.fpecaixa.info\\\/en\\\/\"},{\"@type\":\"ListItem\",\"position\":2,\"name\":\"Noticias\",\"item\":\"https:\\\/\\\/www.fpecaixa.info\\\/category\\\/noticias\\\/\"},{\"@type\":\"ListItem\",\"position\":3,\"name\":\"Plan Estrat\u00e9gico Del Fondo De Pensiones\u00a0Pc30 Para Los A\u00f1os 2024 A 2026\"}]},{\"@type\":\"WebSite\",\"@id\":\"https:\\\/\\\/www.fpecaixa.info\\\/#website\",\"url\":\"https:\\\/\\\/www.fpecaixa.info\\\/\",\"name\":\"Plan de Pensiones de Empleo (PC30)\",\"description\":\"Web informativa para el Plan de Pensiones de Empleo (PC30) de trabajadores de Caixabank\",\"potentialAction\":[{\"@type\":\"SearchAction\",\"target\":{\"@type\":\"EntryPoint\",\"urlTemplate\":\"https:\\\/\\\/www.fpecaixa.info\\\/?s={search_term_string}\"},\"query-input\":{\"@type\":\"PropertyValueSpecification\",\"valueRequired\":true,\"valueName\":\"search_term_string\"}}],\"inLanguage\":\"en-US\"},{\"@type\":\"Person\",\"@id\":\"https:\\\/\\\/www.fpecaixa.info\\\/#\\\/schema\\\/person\\\/aa69608ee32bb66f1154144f2e88b216\",\"name\":\"ijhernandez\",\"image\":{\"@type\":\"ImageObject\",\"inLanguage\":\"en-US\",\"@id\":\"https:\\\/\\\/secure.gravatar.com\\\/avatar\\\/fc12ba80fe04063a2c363a116cf1b94dc0270db700aa98301e2345b84be9a049?s=96&d=mm&r=g\",\"url\":\"https:\\\/\\\/secure.gravatar.com\\\/avatar\\\/fc12ba80fe04063a2c363a116cf1b94dc0270db700aa98301e2345b84be9a049?s=96&d=mm&r=g\",\"contentUrl\":\"https:\\\/\\\/secure.gravatar.com\\\/avatar\\\/fc12ba80fe04063a2c363a116cf1b94dc0270db700aa98301e2345b84be9a049?s=96&d=mm&r=g\",\"caption\":\"ijhernandez\"},\"url\":\"https:\\\/\\\/www.fpecaixa.info\\\/en\\\/author\\\/ijhernandez\\\/\"}]}<\/script>\n<!-- \/ Yoast SEO plugin. -->","yoast_head_json":{"title":"Plan Estrat\u00e9gico Del Fondo De Pensiones\u00a0Pc30 Para Los A\u00f1os 2024 A 2026 - Plan de Pensiones de Empleo (PC30)","robots":{"index":"index","follow":"follow","max-snippet":"max-snippet:-1","max-image-preview":"max-image-preview:large","max-video-preview":"max-video-preview:-1"},"canonical":"https:\/\/www.fpecaixa.info\/en\/plan-estrategico-del-fondo-de-pensiones-pc30-para-los-anos-2024-a-2026\/","og_locale":"en_US","og_type":"article","og_title":"Plan Estrat\u00e9gico Del Fondo De Pensiones\u00a0Pc30 Para Los A\u00f1os 2024 A 2026 - Plan de Pensiones de Empleo (PC30)","og_description":"Marcar\u00e1 la evoluci\u00f3n del fondo en los pr\u00f3ximos tres a\u00f1os El pasado mes de diciembre, la Comisi\u00f3n de Control del Plan de Empleo de CaixaBank aprob\u00f3 el nuevo plan estrat\u00e9gico que marcar\u00e1 la evoluci\u00f3n del fondo a lo largo de los tres pr\u00f3ximos a\u00f1os. En \u00e9l, se introducen nuevos objetivos. Adem\u00e1s, se ahonda en materias [&hellip;]","og_url":"https:\/\/www.fpecaixa.info\/en\/plan-estrategico-del-fondo-de-pensiones-pc30-para-los-anos-2024-a-2026\/","og_site_name":"Plan de Pensiones de Empleo (PC30)","article_published_time":"2024-01-22T11:21:47+00:00","article_modified_time":"2025-02-21T08:43:35+00:00","og_image":[{"width":541,"height":626,"url":"https:\/\/www.fpecaixa.info\/wp-content\/uploads\/2024\/01\/empty-road-with-wide-open-pasture-mountains-style-creative-commons-attribution_921860-38179.webp","type":"image\/webp"}],"author":"ijhernandez","twitter_card":"summary_large_image","twitter_misc":{"Written by":"ijhernandez","Est. reading time":"2 minutes"},"schema":{"@context":"https:\/\/schema.org","@graph":[{"@type":"Article","@id":"https:\/\/www.fpecaixa.info\/en\/plan-estrategico-del-fondo-de-pensiones-pc30-para-los-anos-2024-a-2026\/#article","isPartOf":{"@id":"https:\/\/www.fpecaixa.info\/en\/plan-estrategico-del-fondo-de-pensiones-pc30-para-los-anos-2024-a-2026\/"},"author":{"name":"ijhernandez","@id":"https:\/\/www.fpecaixa.info\/#\/schema\/person\/aa69608ee32bb66f1154144f2e88b216"},"headline":"Plan Estrat\u00e9gico Del Fondo De Pensiones\u00a0Pc30 Para Los A\u00f1os 2024 A 2026","datePublished":"2024-01-22T11:21:47+00:00","dateModified":"2025-02-21T08:43:35+00:00","mainEntityOfPage":{"@id":"https:\/\/www.fpecaixa.info\/en\/plan-estrategico-del-fondo-de-pensiones-pc30-para-los-anos-2024-a-2026\/"},"wordCount":264,"image":{"@id":"https:\/\/www.fpecaixa.info\/en\/plan-estrategico-del-fondo-de-pensiones-pc30-para-los-anos-2024-a-2026\/#primaryimage"},"thumbnailUrl":"https:\/\/www.fpecaixa.info\/wp-content\/uploads\/2024\/01\/empty-road-with-wide-open-pasture-mountains-style-creative-commons-attribution_921860-38179.webp","articleSection":["Noticias"],"inLanguage":"en-US"},{"@type":"WebPage","@id":"https:\/\/www.fpecaixa.info\/en\/plan-estrategico-del-fondo-de-pensiones-pc30-para-los-anos-2024-a-2026\/","url":"https:\/\/www.fpecaixa.info\/en\/plan-estrategico-del-fondo-de-pensiones-pc30-para-los-anos-2024-a-2026\/","name":"Plan Estrat\u00e9gico Del Fondo De Pensiones\u00a0Pc30 Para Los A\u00f1os 2024 A 2026 - Plan de Pensiones de Empleo (PC30)","isPartOf":{"@id":"https:\/\/www.fpecaixa.info\/#website"},"primaryImageOfPage":{"@id":"https:\/\/www.fpecaixa.info\/en\/plan-estrategico-del-fondo-de-pensiones-pc30-para-los-anos-2024-a-2026\/#primaryimage"},"image":{"@id":"https:\/\/www.fpecaixa.info\/en\/plan-estrategico-del-fondo-de-pensiones-pc30-para-los-anos-2024-a-2026\/#primaryimage"},"thumbnailUrl":"https:\/\/www.fpecaixa.info\/wp-content\/uploads\/2024\/01\/empty-road-with-wide-open-pasture-mountains-style-creative-commons-attribution_921860-38179.webp","datePublished":"2024-01-22T11:21:47+00:00","dateModified":"2025-02-21T08:43:35+00:00","author":{"@id":"https:\/\/www.fpecaixa.info\/#\/schema\/person\/aa69608ee32bb66f1154144f2e88b216"},"breadcrumb":{"@id":"https:\/\/www.fpecaixa.info\/en\/plan-estrategico-del-fondo-de-pensiones-pc30-para-los-anos-2024-a-2026\/#breadcrumb"},"inLanguage":"en-US","potentialAction":[{"@type":"ReadAction","target":["https:\/\/www.fpecaixa.info\/en\/plan-estrategico-del-fondo-de-pensiones-pc30-para-los-anos-2024-a-2026\/"]}]},{"@type":"ImageObject","inLanguage":"en-US","@id":"https:\/\/www.fpecaixa.info\/en\/plan-estrategico-del-fondo-de-pensiones-pc30-para-los-anos-2024-a-2026\/#primaryimage","url":"https:\/\/www.fpecaixa.info\/wp-content\/uploads\/2024\/01\/empty-road-with-wide-open-pasture-mountains-style-creative-commons-attribution_921860-38179.webp","contentUrl":"https:\/\/www.fpecaixa.info\/wp-content\/uploads\/2024\/01\/empty-road-with-wide-open-pasture-mountains-style-creative-commons-attribution_921860-38179.webp","width":541,"height":626},{"@type":"BreadcrumbList","@id":"https:\/\/www.fpecaixa.info\/en\/plan-estrategico-del-fondo-de-pensiones-pc30-para-los-anos-2024-a-2026\/#breadcrumb","itemListElement":[{"@type":"ListItem","position":1,"name":"Home","item":"https:\/\/www.fpecaixa.info\/en\/"},{"@type":"ListItem","position":2,"name":"Noticias","item":"https:\/\/www.fpecaixa.info\/category\/noticias\/"},{"@type":"ListItem","position":3,"name":"Plan Estrat\u00e9gico Del Fondo De Pensiones\u00a0Pc30 Para Los A\u00f1os 2024 A 2026"}]},{"@type":"WebSite","@id":"https:\/\/www.fpecaixa.info\/#website","url":"https:\/\/www.fpecaixa.info\/","name":"Plan de Pensiones de Empleo (PC30)","description":"Web informativa para el Plan de Pensiones de Empleo (PC30) de trabajadores de Caixabank","potentialAction":[{"@type":"SearchAction","target":{"@type":"EntryPoint","urlTemplate":"https:\/\/www.fpecaixa.info\/?s={search_term_string}"},"query-input":{"@type":"PropertyValueSpecification","valueRequired":true,"valueName":"search_term_string"}}],"inLanguage":"en-US"},{"@type":"Person","@id":"https:\/\/www.fpecaixa.info\/#\/schema\/person\/aa69608ee32bb66f1154144f2e88b216","name":"ijhernandez","image":{"@type":"ImageObject","inLanguage":"en-US","@id":"https:\/\/secure.gravatar.com\/avatar\/fc12ba80fe04063a2c363a116cf1b94dc0270db700aa98301e2345b84be9a049?s=96&d=mm&r=g","url":"https:\/\/secure.gravatar.com\/avatar\/fc12ba80fe04063a2c363a116cf1b94dc0270db700aa98301e2345b84be9a049?s=96&d=mm&r=g","contentUrl":"https:\/\/secure.gravatar.com\/avatar\/fc12ba80fe04063a2c363a116cf1b94dc0270db700aa98301e2345b84be9a049?s=96&d=mm&r=g","caption":"ijhernandez"},"url":"https:\/\/www.fpecaixa.info\/en\/author\/ijhernandez\/"}]}},"_links":{"self":[{"href":"https:\/\/www.fpecaixa.info\/en\/wp-json\/wp\/v2\/posts\/5088","targetHints":{"allow":["GET"]}}],"collection":[{"href":"https:\/\/www.fpecaixa.info\/en\/wp-json\/wp\/v2\/posts"}],"about":[{"href":"https:\/\/www.fpecaixa.info\/en\/wp-json\/wp\/v2\/types\/post"}],"author":[{"embeddable":true,"href":"https:\/\/www.fpecaixa.info\/en\/wp-json\/wp\/v2\/users\/6"}],"replies":[{"embeddable":true,"href":"https:\/\/www.fpecaixa.info\/en\/wp-json\/wp\/v2\/comments?post=5088"}],"version-history":[{"count":2,"href":"https:\/\/www.fpecaixa.info\/en\/wp-json\/wp\/v2\/posts\/5088\/revisions"}],"predecessor-version":[{"id":5169,"href":"https:\/\/www.fpecaixa.info\/en\/wp-json\/wp\/v2\/posts\/5088\/revisions\/5169"}],"wp:featuredmedia":[{"embeddable":true,"href":"https:\/\/www.fpecaixa.info\/en\/wp-json\/wp\/v2\/media\/5101"}],"wp:attachment":[{"href":"https:\/\/www.fpecaixa.info\/en\/wp-json\/wp\/v2\/media?parent=5088"}],"wp:term":[{"taxonomy":"category","embeddable":true,"href":"https:\/\/www.fpecaixa.info\/en\/wp-json\/wp\/v2\/categories?post=5088"},{"taxonomy":"post_tag","embeddable":true,"href":"https:\/\/www.fpecaixa.info\/en\/wp-json\/wp\/v2\/tags?post=5088"}],"curies":[{"name":"wp","href":"https:\/\/api.w.org\/{rel}","templated":true}]}}