{"id":5127,"date":"2024-02-14T09:45:09","date_gmt":"2024-02-14T09:45:09","guid":{"rendered":"https:\/\/www.fpecaixa.info\/?p=5127"},"modified":"2025-02-21T08:43:35","modified_gmt":"2025-02-21T08:43:35","slug":"pc30-se-adhiere-a-la-iniciativa-conjunta-spring","status":"publish","type":"post","link":"https:\/\/www.fpecaixa.info\/en\/pc30-se-adhiere-a-la-iniciativa-conjunta-spring\/","title":{"rendered":"PC30 se adhiere a la iniciativa conjunta SPRING"},"content":{"rendered":"\n<h2 class=\"wp-block-heading\">La iniciativa pretende promover la biodiversidad<\/h2>\n\n\n\n<div class=\"wp-block-image\"><figure class=\"aligncenter size-full\"><img loading=\"lazy\" decoding=\"async\" width=\"465\" height=\"198\" src=\"https:\/\/www.fpecaixa.info\/wp-content\/uploads\/2024\/02\/image.png\" alt=\"\" class=\"wp-image-5128\" srcset=\"https:\/\/www.fpecaixa.info\/wp-content\/uploads\/2024\/02\/image.png 465w, https:\/\/www.fpecaixa.info\/wp-content\/uploads\/2024\/02\/image-300x128.png 300w\" sizes=\"auto, (max-width: 465px) 100vw, 465px\" \/><\/figure><\/div>\n\n\n\n<p>Cuando se habla de biodiversidad, m\u00e1s all\u00e1 de la responsabilidad \u00e9tica de preservar el planeta para generaciones futuras, que s\u00ed se acostumbra a tener presente, muchas veces no tenemos en cuenta el impacto econ\u00f3mico que las amenazas a esta pueden tener en los inversores a largo plazo. Los servicios que nos ofrecen los ecosistemas, a menudo, no son valorados materialmente por las empresas que se aprovechan de ellos y son, por lo tanto, riesgos durmientes que podr\u00edan afectar al valor de dichas empresas en el caso de no estar disponibles. Algunos ejemplos sencillos podr\u00edan ser: la disponibilidad de agua potable para una embotelladora o la necesidad de agentes animales para realizar la polinizaci\u00f3n que permita la producci\u00f3n de frutos y semillas. El Banco Mundial valora que los riesgos que amenazan a los servicios que nos aportan los diferentes ecosistemas pueden tener un impacto potencial de 2.7 billones de USD para el a\u00f1o 2030.<\/p>\n\n\n\n<p>El PC30, como inversor a largo plazo, considera que es relevante para su gesti\u00f3n de riesgos financieros advertir a las empresas que son sensibles a los servicios anteriormente citados, o a las que m\u00e1s perjuicio pueden producir a estos, la relevancia de tenerlos en cuenta y nuestro inter\u00e9s en preservarlos o, incluso, aumentarlos. PRI, una red de inversores amparada por Naciones Unidas, ha lanzado una iniciativa colaborativa que pretende poner en valor el mantenimiento de la biodiversidad: SPRING. Mediante esta iniciativa, varios inversores institucionales iniciar\u00e1n di\u00e1logos con distintas empresas para trasladar la relevancia de los riesgos que supone para sus carteras obviar el valor que aporta el \u201ccapital natural\u201d.<\/p>\n\n\n\n<p>Desde PC30, nos hemos adherido a SPRING ya que entendemos que el efecto de una iniciativa conjunta siempre tendr\u00e1 mayor efecto que acciones individuales.<\/p>\n\n\n\n<p>Pod\u00e9is leer la declaraci\u00f3n de la iniciativa <a href=\"https:\/\/dwtyzx6upklss.cloudfront.net\/Uploads\/y\/l\/l\/spring_investor_statement_feb_2024_144914.pdf\">aqu\u00ed<\/a>.<\/p>\n","protected":false},"excerpt":{"rendered":"<p>La iniciativa pretende promover la biodiversidad Cuando se habla de biodiversidad, m\u00e1s all\u00e1 de la responsabilidad \u00e9tica de preservar el planeta para generaciones futuras, que s\u00ed se acostumbra a tener presente, muchas veces no tenemos en cuenta el impacto econ\u00f3mico que las amenazas a esta pueden tener en los inversores a largo plazo. Los servicios [&hellip;]<\/p>\n","protected":false},"author":6,"featured_media":5128,"comment_status":"closed","ping_status":"open","sticky":false,"template":"","format":"standard","meta":{"_acf_changed":false,"_monsterinsights_skip_tracking":false,"_monsterinsights_sitenote_active":false,"_monsterinsights_sitenote_note":"","_monsterinsights_sitenote_category":0,"footnotes":""},"categories":[10],"tags":[],"class_list":["post-5127","post","type-post","status-publish","format-standard","has-post-thumbnail","hentry","category-noticias"],"acf":[],"yoast_head":"<!-- This site is optimized with the Yoast SEO plugin v27.5 - https:\/\/yoast.com\/product\/yoast-seo-wordpress\/ -->\n<title>PC30 se adhiere a la iniciativa conjunta SPRING - Plan de Pensiones de Empleo (PC30)<\/title>\n<meta name=\"robots\" content=\"index, follow, max-snippet:-1, max-image-preview:large, max-video-preview:-1\" \/>\n<link rel=\"canonical\" href=\"https:\/\/www.fpecaixa.info\/pc30-se-adhiere-a-la-iniciativa-conjunta-spring\/\" \/>\n<meta property=\"og:locale\" content=\"en_US\" \/>\n<meta property=\"og:type\" content=\"article\" \/>\n<meta property=\"og:title\" content=\"PC30 se adhiere a la iniciativa conjunta SPRING - Plan de Pensiones de Empleo (PC30)\" \/>\n<meta property=\"og:description\" content=\"La iniciativa pretende promover la biodiversidad Cuando se habla de biodiversidad, m\u00e1s all\u00e1 de la responsabilidad \u00e9tica de preservar el planeta para generaciones futuras, que s\u00ed se acostumbra a tener presente, muchas veces no tenemos en cuenta el impacto econ\u00f3mico que las amenazas a esta pueden tener en los inversores a largo plazo. Los servicios [&hellip;]\" \/>\n<meta property=\"og:url\" content=\"https:\/\/www.fpecaixa.info\/pc30-se-adhiere-a-la-iniciativa-conjunta-spring\/\" \/>\n<meta property=\"og:site_name\" content=\"Plan de Pensiones de Empleo (PC30)\" \/>\n<meta property=\"article:published_time\" content=\"2024-02-14T09:45:09+00:00\" \/>\n<meta property=\"article:modified_time\" content=\"2025-02-21T08:43:35+00:00\" \/>\n<meta property=\"og:image\" content=\"https:\/\/www.fpecaixa.info\/wp-content\/uploads\/2024\/02\/image.png\" \/>\n\t<meta property=\"og:image:width\" content=\"465\" \/>\n\t<meta property=\"og:image:height\" content=\"198\" \/>\n\t<meta property=\"og:image:type\" content=\"image\/png\" \/>\n<meta name=\"author\" content=\"ijhernandez\" \/>\n<meta name=\"twitter:card\" content=\"summary_large_image\" \/>\n<meta name=\"twitter:label1\" content=\"Written by\" \/>\n\t<meta name=\"twitter:data1\" content=\"ijhernandez\" \/>\n\t<meta name=\"twitter:label2\" content=\"Est. reading time\" \/>\n\t<meta name=\"twitter:data2\" content=\"2 minutes\" \/>\n<script type=\"application\/ld+json\" class=\"yoast-schema-graph\">{\"@context\":\"https:\\\/\\\/schema.org\",\"@graph\":[{\"@type\":\"Article\",\"@id\":\"https:\\\/\\\/www.fpecaixa.info\\\/pc30-se-adhiere-a-la-iniciativa-conjunta-spring\\\/#article\",\"isPartOf\":{\"@id\":\"https:\\\/\\\/www.fpecaixa.info\\\/pc30-se-adhiere-a-la-iniciativa-conjunta-spring\\\/\"},\"author\":{\"name\":\"ijhernandez\",\"@id\":\"https:\\\/\\\/www.fpecaixa.info\\\/#\\\/schema\\\/person\\\/aa69608ee32bb66f1154144f2e88b216\"},\"headline\":\"PC30 se adhiere a la iniciativa conjunta SPRING\",\"datePublished\":\"2024-02-14T09:45:09+00:00\",\"dateModified\":\"2025-02-21T08:43:35+00:00\",\"mainEntityOfPage\":{\"@id\":\"https:\\\/\\\/www.fpecaixa.info\\\/pc30-se-adhiere-a-la-iniciativa-conjunta-spring\\\/\"},\"wordCount\":320,\"image\":{\"@id\":\"https:\\\/\\\/www.fpecaixa.info\\\/pc30-se-adhiere-a-la-iniciativa-conjunta-spring\\\/#primaryimage\"},\"thumbnailUrl\":\"https:\\\/\\\/www.fpecaixa.info\\\/wp-content\\\/uploads\\\/2024\\\/02\\\/image.png\",\"articleSection\":[\"Noticias\"],\"inLanguage\":\"en-US\"},{\"@type\":\"WebPage\",\"@id\":\"https:\\\/\\\/www.fpecaixa.info\\\/pc30-se-adhiere-a-la-iniciativa-conjunta-spring\\\/\",\"url\":\"https:\\\/\\\/www.fpecaixa.info\\\/pc30-se-adhiere-a-la-iniciativa-conjunta-spring\\\/\",\"name\":\"PC30 se adhiere a la iniciativa conjunta SPRING - Plan de Pensiones de Empleo (PC30)\",\"isPartOf\":{\"@id\":\"https:\\\/\\\/www.fpecaixa.info\\\/#website\"},\"primaryImageOfPage\":{\"@id\":\"https:\\\/\\\/www.fpecaixa.info\\\/pc30-se-adhiere-a-la-iniciativa-conjunta-spring\\\/#primaryimage\"},\"image\":{\"@id\":\"https:\\\/\\\/www.fpecaixa.info\\\/pc30-se-adhiere-a-la-iniciativa-conjunta-spring\\\/#primaryimage\"},\"thumbnailUrl\":\"https:\\\/\\\/www.fpecaixa.info\\\/wp-content\\\/uploads\\\/2024\\\/02\\\/image.png\",\"datePublished\":\"2024-02-14T09:45:09+00:00\",\"dateModified\":\"2025-02-21T08:43:35+00:00\",\"author\":{\"@id\":\"https:\\\/\\\/www.fpecaixa.info\\\/#\\\/schema\\\/person\\\/aa69608ee32bb66f1154144f2e88b216\"},\"breadcrumb\":{\"@id\":\"https:\\\/\\\/www.fpecaixa.info\\\/pc30-se-adhiere-a-la-iniciativa-conjunta-spring\\\/#breadcrumb\"},\"inLanguage\":\"en-US\",\"potentialAction\":[{\"@type\":\"ReadAction\",\"target\":[\"https:\\\/\\\/www.fpecaixa.info\\\/pc30-se-adhiere-a-la-iniciativa-conjunta-spring\\\/\"]}]},{\"@type\":\"ImageObject\",\"inLanguage\":\"en-US\",\"@id\":\"https:\\\/\\\/www.fpecaixa.info\\\/pc30-se-adhiere-a-la-iniciativa-conjunta-spring\\\/#primaryimage\",\"url\":\"https:\\\/\\\/www.fpecaixa.info\\\/wp-content\\\/uploads\\\/2024\\\/02\\\/image.png\",\"contentUrl\":\"https:\\\/\\\/www.fpecaixa.info\\\/wp-content\\\/uploads\\\/2024\\\/02\\\/image.png\",\"width\":465,\"height\":198},{\"@type\":\"BreadcrumbList\",\"@id\":\"https:\\\/\\\/www.fpecaixa.info\\\/pc30-se-adhiere-a-la-iniciativa-conjunta-spring\\\/#breadcrumb\",\"itemListElement\":[{\"@type\":\"ListItem\",\"position\":1,\"name\":\"Home\",\"item\":\"https:\\\/\\\/www.fpecaixa.info\\\/en\\\/\"},{\"@type\":\"ListItem\",\"position\":2,\"name\":\"Noticias\",\"item\":\"https:\\\/\\\/www.fpecaixa.info\\\/category\\\/noticias\\\/\"},{\"@type\":\"ListItem\",\"position\":3,\"name\":\"PC30 se adhiere a la iniciativa conjunta SPRING\"}]},{\"@type\":\"WebSite\",\"@id\":\"https:\\\/\\\/www.fpecaixa.info\\\/#website\",\"url\":\"https:\\\/\\\/www.fpecaixa.info\\\/\",\"name\":\"Plan de Pensiones de Empleo (PC30)\",\"description\":\"Web informativa para el Plan de Pensiones de Empleo (PC30) de trabajadores de Caixabank\",\"potentialAction\":[{\"@type\":\"SearchAction\",\"target\":{\"@type\":\"EntryPoint\",\"urlTemplate\":\"https:\\\/\\\/www.fpecaixa.info\\\/?s={search_term_string}\"},\"query-input\":{\"@type\":\"PropertyValueSpecification\",\"valueRequired\":true,\"valueName\":\"search_term_string\"}}],\"inLanguage\":\"en-US\"},{\"@type\":\"Person\",\"@id\":\"https:\\\/\\\/www.fpecaixa.info\\\/#\\\/schema\\\/person\\\/aa69608ee32bb66f1154144f2e88b216\",\"name\":\"ijhernandez\",\"image\":{\"@type\":\"ImageObject\",\"inLanguage\":\"en-US\",\"@id\":\"https:\\\/\\\/secure.gravatar.com\\\/avatar\\\/fc12ba80fe04063a2c363a116cf1b94dc0270db700aa98301e2345b84be9a049?s=96&d=mm&r=g\",\"url\":\"https:\\\/\\\/secure.gravatar.com\\\/avatar\\\/fc12ba80fe04063a2c363a116cf1b94dc0270db700aa98301e2345b84be9a049?s=96&d=mm&r=g\",\"contentUrl\":\"https:\\\/\\\/secure.gravatar.com\\\/avatar\\\/fc12ba80fe04063a2c363a116cf1b94dc0270db700aa98301e2345b84be9a049?s=96&d=mm&r=g\",\"caption\":\"ijhernandez\"},\"url\":\"https:\\\/\\\/www.fpecaixa.info\\\/en\\\/author\\\/ijhernandez\\\/\"}]}<\/script>\n<!-- \/ Yoast SEO plugin. -->","yoast_head_json":{"title":"PC30 se adhiere a la iniciativa conjunta SPRING - Plan de Pensiones de Empleo (PC30)","robots":{"index":"index","follow":"follow","max-snippet":"max-snippet:-1","max-image-preview":"max-image-preview:large","max-video-preview":"max-video-preview:-1"},"canonical":"https:\/\/www.fpecaixa.info\/pc30-se-adhiere-a-la-iniciativa-conjunta-spring\/","og_locale":"en_US","og_type":"article","og_title":"PC30 se adhiere a la iniciativa conjunta SPRING - Plan de Pensiones de Empleo (PC30)","og_description":"La iniciativa pretende promover la biodiversidad Cuando se habla de biodiversidad, m\u00e1s all\u00e1 de la responsabilidad \u00e9tica de preservar el planeta para generaciones futuras, que s\u00ed se acostumbra a tener presente, muchas veces no tenemos en cuenta el impacto econ\u00f3mico que las amenazas a esta pueden tener en los inversores a largo plazo. Los servicios [&hellip;]","og_url":"https:\/\/www.fpecaixa.info\/pc30-se-adhiere-a-la-iniciativa-conjunta-spring\/","og_site_name":"Plan de Pensiones de Empleo (PC30)","article_published_time":"2024-02-14T09:45:09+00:00","article_modified_time":"2025-02-21T08:43:35+00:00","og_image":[{"width":465,"height":198,"url":"https:\/\/www.fpecaixa.info\/wp-content\/uploads\/2024\/02\/image.png","type":"image\/png"}],"author":"ijhernandez","twitter_card":"summary_large_image","twitter_misc":{"Written by":"ijhernandez","Est. reading time":"2 minutes"},"schema":{"@context":"https:\/\/schema.org","@graph":[{"@type":"Article","@id":"https:\/\/www.fpecaixa.info\/pc30-se-adhiere-a-la-iniciativa-conjunta-spring\/#article","isPartOf":{"@id":"https:\/\/www.fpecaixa.info\/pc30-se-adhiere-a-la-iniciativa-conjunta-spring\/"},"author":{"name":"ijhernandez","@id":"https:\/\/www.fpecaixa.info\/#\/schema\/person\/aa69608ee32bb66f1154144f2e88b216"},"headline":"PC30 se adhiere a la iniciativa conjunta SPRING","datePublished":"2024-02-14T09:45:09+00:00","dateModified":"2025-02-21T08:43:35+00:00","mainEntityOfPage":{"@id":"https:\/\/www.fpecaixa.info\/pc30-se-adhiere-a-la-iniciativa-conjunta-spring\/"},"wordCount":320,"image":{"@id":"https:\/\/www.fpecaixa.info\/pc30-se-adhiere-a-la-iniciativa-conjunta-spring\/#primaryimage"},"thumbnailUrl":"https:\/\/www.fpecaixa.info\/wp-content\/uploads\/2024\/02\/image.png","articleSection":["Noticias"],"inLanguage":"en-US"},{"@type":"WebPage","@id":"https:\/\/www.fpecaixa.info\/pc30-se-adhiere-a-la-iniciativa-conjunta-spring\/","url":"https:\/\/www.fpecaixa.info\/pc30-se-adhiere-a-la-iniciativa-conjunta-spring\/","name":"PC30 se adhiere a la iniciativa conjunta SPRING - Plan de Pensiones de Empleo (PC30)","isPartOf":{"@id":"https:\/\/www.fpecaixa.info\/#website"},"primaryImageOfPage":{"@id":"https:\/\/www.fpecaixa.info\/pc30-se-adhiere-a-la-iniciativa-conjunta-spring\/#primaryimage"},"image":{"@id":"https:\/\/www.fpecaixa.info\/pc30-se-adhiere-a-la-iniciativa-conjunta-spring\/#primaryimage"},"thumbnailUrl":"https:\/\/www.fpecaixa.info\/wp-content\/uploads\/2024\/02\/image.png","datePublished":"2024-02-14T09:45:09+00:00","dateModified":"2025-02-21T08:43:35+00:00","author":{"@id":"https:\/\/www.fpecaixa.info\/#\/schema\/person\/aa69608ee32bb66f1154144f2e88b216"},"breadcrumb":{"@id":"https:\/\/www.fpecaixa.info\/pc30-se-adhiere-a-la-iniciativa-conjunta-spring\/#breadcrumb"},"inLanguage":"en-US","potentialAction":[{"@type":"ReadAction","target":["https:\/\/www.fpecaixa.info\/pc30-se-adhiere-a-la-iniciativa-conjunta-spring\/"]}]},{"@type":"ImageObject","inLanguage":"en-US","@id":"https:\/\/www.fpecaixa.info\/pc30-se-adhiere-a-la-iniciativa-conjunta-spring\/#primaryimage","url":"https:\/\/www.fpecaixa.info\/wp-content\/uploads\/2024\/02\/image.png","contentUrl":"https:\/\/www.fpecaixa.info\/wp-content\/uploads\/2024\/02\/image.png","width":465,"height":198},{"@type":"BreadcrumbList","@id":"https:\/\/www.fpecaixa.info\/pc30-se-adhiere-a-la-iniciativa-conjunta-spring\/#breadcrumb","itemListElement":[{"@type":"ListItem","position":1,"name":"Home","item":"https:\/\/www.fpecaixa.info\/en\/"},{"@type":"ListItem","position":2,"name":"Noticias","item":"https:\/\/www.fpecaixa.info\/category\/noticias\/"},{"@type":"ListItem","position":3,"name":"PC30 se adhiere a la iniciativa conjunta SPRING"}]},{"@type":"WebSite","@id":"https:\/\/www.fpecaixa.info\/#website","url":"https:\/\/www.fpecaixa.info\/","name":"Plan de Pensiones de Empleo (PC30)","description":"Web informativa para el Plan de Pensiones de Empleo (PC30) de trabajadores de Caixabank","potentialAction":[{"@type":"SearchAction","target":{"@type":"EntryPoint","urlTemplate":"https:\/\/www.fpecaixa.info\/?s={search_term_string}"},"query-input":{"@type":"PropertyValueSpecification","valueRequired":true,"valueName":"search_term_string"}}],"inLanguage":"en-US"},{"@type":"Person","@id":"https:\/\/www.fpecaixa.info\/#\/schema\/person\/aa69608ee32bb66f1154144f2e88b216","name":"ijhernandez","image":{"@type":"ImageObject","inLanguage":"en-US","@id":"https:\/\/secure.gravatar.com\/avatar\/fc12ba80fe04063a2c363a116cf1b94dc0270db700aa98301e2345b84be9a049?s=96&d=mm&r=g","url":"https:\/\/secure.gravatar.com\/avatar\/fc12ba80fe04063a2c363a116cf1b94dc0270db700aa98301e2345b84be9a049?s=96&d=mm&r=g","contentUrl":"https:\/\/secure.gravatar.com\/avatar\/fc12ba80fe04063a2c363a116cf1b94dc0270db700aa98301e2345b84be9a049?s=96&d=mm&r=g","caption":"ijhernandez"},"url":"https:\/\/www.fpecaixa.info\/en\/author\/ijhernandez\/"}]}},"_links":{"self":[{"href":"https:\/\/www.fpecaixa.info\/en\/wp-json\/wp\/v2\/posts\/5127","targetHints":{"allow":["GET"]}}],"collection":[{"href":"https:\/\/www.fpecaixa.info\/en\/wp-json\/wp\/v2\/posts"}],"about":[{"href":"https:\/\/www.fpecaixa.info\/en\/wp-json\/wp\/v2\/types\/post"}],"author":[{"embeddable":true,"href":"https:\/\/www.fpecaixa.info\/en\/wp-json\/wp\/v2\/users\/6"}],"replies":[{"embeddable":true,"href":"https:\/\/www.fpecaixa.info\/en\/wp-json\/wp\/v2\/comments?post=5127"}],"version-history":[{"count":2,"href":"https:\/\/www.fpecaixa.info\/en\/wp-json\/wp\/v2\/posts\/5127\/revisions"}],"predecessor-version":[{"id":5178,"href":"https:\/\/www.fpecaixa.info\/en\/wp-json\/wp\/v2\/posts\/5127\/revisions\/5178"}],"wp:featuredmedia":[{"embeddable":true,"href":"https:\/\/www.fpecaixa.info\/en\/wp-json\/wp\/v2\/media\/5128"}],"wp:attachment":[{"href":"https:\/\/www.fpecaixa.info\/en\/wp-json\/wp\/v2\/media?parent=5127"}],"wp:term":[{"taxonomy":"category","embeddable":true,"href":"https:\/\/www.fpecaixa.info\/en\/wp-json\/wp\/v2\/categories?post=5127"},{"taxonomy":"post_tag","embeddable":true,"href":"https:\/\/www.fpecaixa.info\/en\/wp-json\/wp\/v2\/tags?post=5127"}],"curies":[{"name":"wp","href":"https:\/\/api.w.org\/{rel}","templated":true}]}}