{"id":5718,"date":"2025-05-13T10:35:10","date_gmt":"2025-05-13T10:35:10","guid":{"rendered":"https:\/\/www.fpecaixa.info\/?p=5718"},"modified":"2025-08-28T12:54:19","modified_gmt":"2025-08-28T12:54:19","slug":"evento-pc30-2025-para-participes-y-beneficiarios","status":"publish","type":"post","link":"https:\/\/www.fpecaixa.info\/en\/evento-pc30-2025-para-participes-y-beneficiarios\/","title":{"rendered":"EVENTO PC30 2025 PARA PARTICIPES Y BENEFICIARIOS"},"content":{"rendered":"\n<h2 class=\"wp-block-heading\"><strong>\u00a1Celebra con nosotros los 25 a\u00f1os del Plan de Pensiones de Empleo<\/strong>!<\/h2>\n\n\n\n<p><strong>Y conoce c\u00f3mo la volatilidad de los mercados y el contexto internacional puede afectar a la rentabilidad de tu plan de pensiones<\/strong>.<\/p>\n\n\n\n<p>Este a\u00f1o, el Evento Anual de Part\u00edcipes y Beneficiarios del Plan de Pensiones de Empleo de CaixaBank, el mayor del Estado<strong>, <\/strong>ser\u00e1 m\u00e1s especial que nunca: <strong>\u00a1celebramos el 25 aniversario del PC30! <\/strong>Un hito que nos invita no solo a celebrar, sino tambi\u00e9n a reflexionar sobre c\u00f3mo el plan ha contribuido a nuestro bienestar colectivo y a planificar con m\u00e1s seguridad nuestro futuro financiero.<\/p>\n\n\n\n<ul class=\"wp-block-list\">\n<li><strong>FECHA. Jueves 29 Mayo<\/strong><\/li>\n\n\n\n<li><strong>HORA. 16:30 h Horario Pen\u00ednsula (duraci\u00f3n 55 minutos)<\/strong><\/li>\n\n\n\n<li><strong>MODALIDAD. Telem\u00e1tica<\/strong><\/li>\n<\/ul>\n\n\n\n<p class=\"has-text-align-left\">Si eres part\u00edcipe o beneficiario<strong><mark class=\"has-inline-color has-pale-cyan-blue-color\"> <\/mark><mark class=\"has-inline-color has-black-color\">INSCR\u00cdBETE<a href=\"https:\/\/web-eur.cvent.com\/event\/f63344a2-1d99-4a19-829f-479dc7fdc374\/summary?RefId=eventodelpc30\"> <\/a><\/mark><\/strong><a href=\"https:\/\/web-eur.cvent.com\/event\/f63344a2-1d99-4a19-829f-479dc7fdc374\/summary?RefId=eventodelpc30\"><mark class=\"has-inline-color has-black-color\"><strong>AQU\u00cd <\/strong><\/mark><\/a><\/p>\n\n\n\n<p><\/p>\n\n\n\n<figure class=\"wp-block-embed is-type-video is-provider-youtube wp-block-embed-youtube wp-embed-aspect-16-9 wp-has-aspect-ratio\"><div class=\"wp-block-embed__wrapper\">\n<iframe loading=\"lazy\" title=\"PC30 2025 V\u00eddeo teaser Evento\" width=\"500\" height=\"281\" src=\"https:\/\/www.youtube.com\/embed\/NUoZLNQF6Io?feature=oembed\" frameborder=\"0\" allow=\"accelerometer; autoplay; clipboard-write; encrypted-media; gyroscope; picture-in-picture; web-share\" referrerpolicy=\"strict-origin-when-cross-origin\" allowfullscreen><\/iframe>\n<\/div><\/figure>\n\n\n\n<p>En esta edici\u00f3n analizaremos el <strong>contexto econ\u00f3mico internacional y c\u00f3mo la volatilidad de los mercados puede afectar a la rentabilidad<\/strong>, profundizaremos en <strong>el valor de la inversi\u00f3n a largo plazo<\/strong> y habr\u00e1 un espacio de <strong>interacci\u00f3n con los asistentes<s>.<\/s><\/strong><s><\/s><\/p>\n\n\n\n<p>Por \u00faltimo, habr\u00e1 un espacio de <strong>interacci\u00f3n con los asistentes, <\/strong>donde compartiremos ideas, resolveremos dudas y abordaremos las preguntas m\u00e1s habituales de los part\u00edcipes y beneficiarios.<\/p>\n\n\n\n<p>Y, como no pod\u00eda ser de otra forma, el <strong>25 aniversario estar\u00e1 muy presente durante todo el encuentro<\/strong>. Habr\u00e1 <strong>momentos especiales y conmemorativos <\/strong>pensados para celebrar el camino recorrido juntos. \u00a1No te lo querr\u00e1s perder!<\/p>\n\n\n\n<p class=\"has-medium-font-size\"><strong>Te animamos a que participes en este encuentro para que conozcas c\u00f3mo, desde tu fondo de pensiones, se trabaja por ti, de cara a tu jubilaci\u00f3n.<\/strong><\/p>\n\n\n<div class=\"wp-block-image\">\n<figure class=\"aligncenter size-medium\"><img loading=\"lazy\" decoding=\"async\" width=\"300\" height=\"146\" src=\"https:\/\/www.fpecaixa.info\/wp-content\/uploads\/2025\/04\/logo-castellano--300x146.png\" alt=\"\" class=\"wp-image-5672\" srcset=\"https:\/\/www.fpecaixa.info\/wp-content\/uploads\/2025\/04\/logo-castellano--300x146.png 300w, https:\/\/www.fpecaixa.info\/wp-content\/uploads\/2025\/04\/logo-castellano-.png 702w\" sizes=\"auto, (max-width: 300px) 100vw, 300px\" \/><\/figure>\n<\/div>\n\n\n<p><\/p>\n","protected":false},"excerpt":{"rendered":"<p>\u00a1Celebra con nosotros los 25 a\u00f1os del Plan de Pensiones de Empleo! Y conoce c\u00f3mo la volatilidad de los mercados y el contexto internacional puede afectar a la rentabilidad de tu plan de pensiones. Este a\u00f1o, el Evento Anual de Part\u00edcipes y Beneficiarios del Plan de Pensiones de Empleo de CaixaBank, el mayor del Estado, [&hellip;]<\/p>\n","protected":false},"author":11,"featured_media":5672,"comment_status":"closed","ping_status":"open","sticky":false,"template":"","format":"standard","meta":{"_acf_changed":false,"_monsterinsights_skip_tracking":false,"_monsterinsights_sitenote_active":false,"_monsterinsights_sitenote_note":"","_monsterinsights_sitenote_category":0,"footnotes":""},"categories":[10],"tags":[],"class_list":["post-5718","post","type-post","status-publish","format-standard","has-post-thumbnail","hentry","category-noticias"],"acf":[],"yoast_head":"<!-- This site is optimized with the Yoast SEO plugin v27.5 - https:\/\/yoast.com\/product\/yoast-seo-wordpress\/ -->\n<title>EVENTO PC30 2025 PARA PARTICIPES Y BENEFICIARIOS - Plan de Pensiones de Empleo (PC30)<\/title>\n<meta name=\"robots\" content=\"index, follow, max-snippet:-1, max-image-preview:large, max-video-preview:-1\" \/>\n<link rel=\"canonical\" href=\"https:\/\/www.fpecaixa.info\/evento-pc30-2025-para-participes-y-beneficiarios\/\" \/>\n<meta property=\"og:locale\" content=\"en_US\" \/>\n<meta property=\"og:type\" content=\"article\" \/>\n<meta property=\"og:title\" content=\"EVENTO PC30 2025 PARA PARTICIPES Y BENEFICIARIOS - Plan de Pensiones de Empleo (PC30)\" \/>\n<meta property=\"og:description\" content=\"\u00a1Celebra con nosotros los 25 a\u00f1os del Plan de Pensiones de Empleo! Y conoce c\u00f3mo la volatilidad de los mercados y el contexto internacional puede afectar a la rentabilidad de tu plan de pensiones. Este a\u00f1o, el Evento Anual de Part\u00edcipes y Beneficiarios del Plan de Pensiones de Empleo de CaixaBank, el mayor del Estado, [&hellip;]\" \/>\n<meta property=\"og:url\" content=\"https:\/\/www.fpecaixa.info\/evento-pc30-2025-para-participes-y-beneficiarios\/\" \/>\n<meta property=\"og:site_name\" content=\"Plan de Pensiones de Empleo (PC30)\" \/>\n<meta property=\"article:published_time\" content=\"2025-05-13T10:35:10+00:00\" \/>\n<meta property=\"article:modified_time\" content=\"2025-08-28T12:54:19+00:00\" \/>\n<meta property=\"og:image\" content=\"https:\/\/www.fpecaixa.info\/wp-content\/uploads\/2025\/04\/logo-castellano-.png\" \/>\n\t<meta property=\"og:image:width\" content=\"702\" \/>\n\t<meta property=\"og:image:height\" content=\"341\" \/>\n\t<meta property=\"og:image:type\" content=\"image\/png\" \/>\n<meta name=\"author\" content=\"yblanch\" \/>\n<meta name=\"twitter:card\" content=\"summary_large_image\" \/>\n<meta name=\"twitter:label1\" content=\"Written by\" \/>\n\t<meta name=\"twitter:data1\" content=\"yblanch\" \/>\n\t<meta name=\"twitter:label2\" content=\"Est. reading time\" \/>\n\t<meta name=\"twitter:data2\" content=\"2 minutes\" \/>\n<script type=\"application\/ld+json\" class=\"yoast-schema-graph\">{\"@context\":\"https:\\\/\\\/schema.org\",\"@graph\":[{\"@type\":\"Article\",\"@id\":\"https:\\\/\\\/www.fpecaixa.info\\\/evento-pc30-2025-para-participes-y-beneficiarios\\\/#article\",\"isPartOf\":{\"@id\":\"https:\\\/\\\/www.fpecaixa.info\\\/evento-pc30-2025-para-participes-y-beneficiarios\\\/\"},\"author\":{\"name\":\"yblanch\",\"@id\":\"https:\\\/\\\/www.fpecaixa.info\\\/#\\\/schema\\\/person\\\/276aa8e6247bc28c8f474b3e30c15c99\"},\"headline\":\"EVENTO PC30 2025 PARA PARTICIPES Y BENEFICIARIOS\",\"datePublished\":\"2025-05-13T10:35:10+00:00\",\"dateModified\":\"2025-08-28T12:54:19+00:00\",\"mainEntityOfPage\":{\"@id\":\"https:\\\/\\\/www.fpecaixa.info\\\/evento-pc30-2025-para-participes-y-beneficiarios\\\/\"},\"wordCount\":275,\"image\":{\"@id\":\"https:\\\/\\\/www.fpecaixa.info\\\/evento-pc30-2025-para-participes-y-beneficiarios\\\/#primaryimage\"},\"thumbnailUrl\":\"https:\\\/\\\/www.fpecaixa.info\\\/wp-content\\\/uploads\\\/2025\\\/04\\\/logo-castellano-.png\",\"articleSection\":[\"Noticias\"],\"inLanguage\":\"en-US\"},{\"@type\":\"WebPage\",\"@id\":\"https:\\\/\\\/www.fpecaixa.info\\\/evento-pc30-2025-para-participes-y-beneficiarios\\\/\",\"url\":\"https:\\\/\\\/www.fpecaixa.info\\\/evento-pc30-2025-para-participes-y-beneficiarios\\\/\",\"name\":\"EVENTO PC30 2025 PARA PARTICIPES Y BENEFICIARIOS - Plan de Pensiones de Empleo (PC30)\",\"isPartOf\":{\"@id\":\"https:\\\/\\\/www.fpecaixa.info\\\/#website\"},\"primaryImageOfPage\":{\"@id\":\"https:\\\/\\\/www.fpecaixa.info\\\/evento-pc30-2025-para-participes-y-beneficiarios\\\/#primaryimage\"},\"image\":{\"@id\":\"https:\\\/\\\/www.fpecaixa.info\\\/evento-pc30-2025-para-participes-y-beneficiarios\\\/#primaryimage\"},\"thumbnailUrl\":\"https:\\\/\\\/www.fpecaixa.info\\\/wp-content\\\/uploads\\\/2025\\\/04\\\/logo-castellano-.png\",\"datePublished\":\"2025-05-13T10:35:10+00:00\",\"dateModified\":\"2025-08-28T12:54:19+00:00\",\"author\":{\"@id\":\"https:\\\/\\\/www.fpecaixa.info\\\/#\\\/schema\\\/person\\\/276aa8e6247bc28c8f474b3e30c15c99\"},\"breadcrumb\":{\"@id\":\"https:\\\/\\\/www.fpecaixa.info\\\/evento-pc30-2025-para-participes-y-beneficiarios\\\/#breadcrumb\"},\"inLanguage\":\"en-US\",\"potentialAction\":[{\"@type\":\"ReadAction\",\"target\":[\"https:\\\/\\\/www.fpecaixa.info\\\/evento-pc30-2025-para-participes-y-beneficiarios\\\/\"]}]},{\"@type\":\"ImageObject\",\"inLanguage\":\"en-US\",\"@id\":\"https:\\\/\\\/www.fpecaixa.info\\\/evento-pc30-2025-para-participes-y-beneficiarios\\\/#primaryimage\",\"url\":\"https:\\\/\\\/www.fpecaixa.info\\\/wp-content\\\/uploads\\\/2025\\\/04\\\/logo-castellano-.png\",\"contentUrl\":\"https:\\\/\\\/www.fpecaixa.info\\\/wp-content\\\/uploads\\\/2025\\\/04\\\/logo-castellano-.png\",\"width\":702,\"height\":341},{\"@type\":\"BreadcrumbList\",\"@id\":\"https:\\\/\\\/www.fpecaixa.info\\\/evento-pc30-2025-para-participes-y-beneficiarios\\\/#breadcrumb\",\"itemListElement\":[{\"@type\":\"ListItem\",\"position\":1,\"name\":\"Home\",\"item\":\"https:\\\/\\\/www.fpecaixa.info\\\/en\\\/\"},{\"@type\":\"ListItem\",\"position\":2,\"name\":\"Noticias\",\"item\":\"https:\\\/\\\/www.fpecaixa.info\\\/category\\\/noticias\\\/\"},{\"@type\":\"ListItem\",\"position\":3,\"name\":\"EVENTO PC30 2025 PARA PARTICIPES Y BENEFICIARIOS\"}]},{\"@type\":\"WebSite\",\"@id\":\"https:\\\/\\\/www.fpecaixa.info\\\/#website\",\"url\":\"https:\\\/\\\/www.fpecaixa.info\\\/\",\"name\":\"Plan de Pensiones de Empleo (PC30)\",\"description\":\"Web informativa para el Plan de Pensiones de Empleo (PC30) de trabajadores de Caixabank\",\"potentialAction\":[{\"@type\":\"SearchAction\",\"target\":{\"@type\":\"EntryPoint\",\"urlTemplate\":\"https:\\\/\\\/www.fpecaixa.info\\\/?s={search_term_string}\"},\"query-input\":{\"@type\":\"PropertyValueSpecification\",\"valueRequired\":true,\"valueName\":\"search_term_string\"}}],\"inLanguage\":\"en-US\"},{\"@type\":\"Person\",\"@id\":\"https:\\\/\\\/www.fpecaixa.info\\\/#\\\/schema\\\/person\\\/276aa8e6247bc28c8f474b3e30c15c99\",\"name\":\"yblanch\",\"image\":{\"@type\":\"ImageObject\",\"inLanguage\":\"en-US\",\"@id\":\"https:\\\/\\\/secure.gravatar.com\\\/avatar\\\/cf47a2caaa03985056d0c2f0c334709ce05432979b4a5332a281a6514e472491?s=96&d=mm&r=g\",\"url\":\"https:\\\/\\\/secure.gravatar.com\\\/avatar\\\/cf47a2caaa03985056d0c2f0c334709ce05432979b4a5332a281a6514e472491?s=96&d=mm&r=g\",\"contentUrl\":\"https:\\\/\\\/secure.gravatar.com\\\/avatar\\\/cf47a2caaa03985056d0c2f0c334709ce05432979b4a5332a281a6514e472491?s=96&d=mm&r=g\",\"caption\":\"yblanch\"},\"url\":\"https:\\\/\\\/www.fpecaixa.info\\\/en\\\/author\\\/yblanch\\\/\"}]}<\/script>\n<!-- \/ Yoast SEO plugin. -->","yoast_head_json":{"title":"EVENTO PC30 2025 PARA PARTICIPES Y BENEFICIARIOS - Plan de Pensiones de Empleo (PC30)","robots":{"index":"index","follow":"follow","max-snippet":"max-snippet:-1","max-image-preview":"max-image-preview:large","max-video-preview":"max-video-preview:-1"},"canonical":"https:\/\/www.fpecaixa.info\/evento-pc30-2025-para-participes-y-beneficiarios\/","og_locale":"en_US","og_type":"article","og_title":"EVENTO PC30 2025 PARA PARTICIPES Y BENEFICIARIOS - Plan de Pensiones de Empleo (PC30)","og_description":"\u00a1Celebra con nosotros los 25 a\u00f1os del Plan de Pensiones de Empleo! Y conoce c\u00f3mo la volatilidad de los mercados y el contexto internacional puede afectar a la rentabilidad de tu plan de pensiones. Este a\u00f1o, el Evento Anual de Part\u00edcipes y Beneficiarios del Plan de Pensiones de Empleo de CaixaBank, el mayor del Estado, [&hellip;]","og_url":"https:\/\/www.fpecaixa.info\/evento-pc30-2025-para-participes-y-beneficiarios\/","og_site_name":"Plan de Pensiones de Empleo (PC30)","article_published_time":"2025-05-13T10:35:10+00:00","article_modified_time":"2025-08-28T12:54:19+00:00","og_image":[{"width":702,"height":341,"url":"https:\/\/www.fpecaixa.info\/wp-content\/uploads\/2025\/04\/logo-castellano-.png","type":"image\/png"}],"author":"yblanch","twitter_card":"summary_large_image","twitter_misc":{"Written by":"yblanch","Est. reading time":"2 minutes"},"schema":{"@context":"https:\/\/schema.org","@graph":[{"@type":"Article","@id":"https:\/\/www.fpecaixa.info\/evento-pc30-2025-para-participes-y-beneficiarios\/#article","isPartOf":{"@id":"https:\/\/www.fpecaixa.info\/evento-pc30-2025-para-participes-y-beneficiarios\/"},"author":{"name":"yblanch","@id":"https:\/\/www.fpecaixa.info\/#\/schema\/person\/276aa8e6247bc28c8f474b3e30c15c99"},"headline":"EVENTO PC30 2025 PARA PARTICIPES Y BENEFICIARIOS","datePublished":"2025-05-13T10:35:10+00:00","dateModified":"2025-08-28T12:54:19+00:00","mainEntityOfPage":{"@id":"https:\/\/www.fpecaixa.info\/evento-pc30-2025-para-participes-y-beneficiarios\/"},"wordCount":275,"image":{"@id":"https:\/\/www.fpecaixa.info\/evento-pc30-2025-para-participes-y-beneficiarios\/#primaryimage"},"thumbnailUrl":"https:\/\/www.fpecaixa.info\/wp-content\/uploads\/2025\/04\/logo-castellano-.png","articleSection":["Noticias"],"inLanguage":"en-US"},{"@type":"WebPage","@id":"https:\/\/www.fpecaixa.info\/evento-pc30-2025-para-participes-y-beneficiarios\/","url":"https:\/\/www.fpecaixa.info\/evento-pc30-2025-para-participes-y-beneficiarios\/","name":"EVENTO PC30 2025 PARA PARTICIPES Y BENEFICIARIOS - Plan de Pensiones de Empleo (PC30)","isPartOf":{"@id":"https:\/\/www.fpecaixa.info\/#website"},"primaryImageOfPage":{"@id":"https:\/\/www.fpecaixa.info\/evento-pc30-2025-para-participes-y-beneficiarios\/#primaryimage"},"image":{"@id":"https:\/\/www.fpecaixa.info\/evento-pc30-2025-para-participes-y-beneficiarios\/#primaryimage"},"thumbnailUrl":"https:\/\/www.fpecaixa.info\/wp-content\/uploads\/2025\/04\/logo-castellano-.png","datePublished":"2025-05-13T10:35:10+00:00","dateModified":"2025-08-28T12:54:19+00:00","author":{"@id":"https:\/\/www.fpecaixa.info\/#\/schema\/person\/276aa8e6247bc28c8f474b3e30c15c99"},"breadcrumb":{"@id":"https:\/\/www.fpecaixa.info\/evento-pc30-2025-para-participes-y-beneficiarios\/#breadcrumb"},"inLanguage":"en-US","potentialAction":[{"@type":"ReadAction","target":["https:\/\/www.fpecaixa.info\/evento-pc30-2025-para-participes-y-beneficiarios\/"]}]},{"@type":"ImageObject","inLanguage":"en-US","@id":"https:\/\/www.fpecaixa.info\/evento-pc30-2025-para-participes-y-beneficiarios\/#primaryimage","url":"https:\/\/www.fpecaixa.info\/wp-content\/uploads\/2025\/04\/logo-castellano-.png","contentUrl":"https:\/\/www.fpecaixa.info\/wp-content\/uploads\/2025\/04\/logo-castellano-.png","width":702,"height":341},{"@type":"BreadcrumbList","@id":"https:\/\/www.fpecaixa.info\/evento-pc30-2025-para-participes-y-beneficiarios\/#breadcrumb","itemListElement":[{"@type":"ListItem","position":1,"name":"Home","item":"https:\/\/www.fpecaixa.info\/en\/"},{"@type":"ListItem","position":2,"name":"Noticias","item":"https:\/\/www.fpecaixa.info\/category\/noticias\/"},{"@type":"ListItem","position":3,"name":"EVENTO PC30 2025 PARA PARTICIPES Y BENEFICIARIOS"}]},{"@type":"WebSite","@id":"https:\/\/www.fpecaixa.info\/#website","url":"https:\/\/www.fpecaixa.info\/","name":"Plan de Pensiones de Empleo (PC30)","description":"Web informativa para el Plan de Pensiones de Empleo (PC30) de trabajadores de Caixabank","potentialAction":[{"@type":"SearchAction","target":{"@type":"EntryPoint","urlTemplate":"https:\/\/www.fpecaixa.info\/?s={search_term_string}"},"query-input":{"@type":"PropertyValueSpecification","valueRequired":true,"valueName":"search_term_string"}}],"inLanguage":"en-US"},{"@type":"Person","@id":"https:\/\/www.fpecaixa.info\/#\/schema\/person\/276aa8e6247bc28c8f474b3e30c15c99","name":"yblanch","image":{"@type":"ImageObject","inLanguage":"en-US","@id":"https:\/\/secure.gravatar.com\/avatar\/cf47a2caaa03985056d0c2f0c334709ce05432979b4a5332a281a6514e472491?s=96&d=mm&r=g","url":"https:\/\/secure.gravatar.com\/avatar\/cf47a2caaa03985056d0c2f0c334709ce05432979b4a5332a281a6514e472491?s=96&d=mm&r=g","contentUrl":"https:\/\/secure.gravatar.com\/avatar\/cf47a2caaa03985056d0c2f0c334709ce05432979b4a5332a281a6514e472491?s=96&d=mm&r=g","caption":"yblanch"},"url":"https:\/\/www.fpecaixa.info\/en\/author\/yblanch\/"}]}},"_links":{"self":[{"href":"https:\/\/www.fpecaixa.info\/en\/wp-json\/wp\/v2\/posts\/5718","targetHints":{"allow":["GET"]}}],"collection":[{"href":"https:\/\/www.fpecaixa.info\/en\/wp-json\/wp\/v2\/posts"}],"about":[{"href":"https:\/\/www.fpecaixa.info\/en\/wp-json\/wp\/v2\/types\/post"}],"author":[{"embeddable":true,"href":"https:\/\/www.fpecaixa.info\/en\/wp-json\/wp\/v2\/users\/11"}],"replies":[{"embeddable":true,"href":"https:\/\/www.fpecaixa.info\/en\/wp-json\/wp\/v2\/comments?post=5718"}],"version-history":[{"count":13,"href":"https:\/\/www.fpecaixa.info\/en\/wp-json\/wp\/v2\/posts\/5718\/revisions"}],"predecessor-version":[{"id":5753,"href":"https:\/\/www.fpecaixa.info\/en\/wp-json\/wp\/v2\/posts\/5718\/revisions\/5753"}],"wp:featuredmedia":[{"embeddable":true,"href":"https:\/\/www.fpecaixa.info\/en\/wp-json\/wp\/v2\/media\/5672"}],"wp:attachment":[{"href":"https:\/\/www.fpecaixa.info\/en\/wp-json\/wp\/v2\/media?parent=5718"}],"wp:term":[{"taxonomy":"category","embeddable":true,"href":"https:\/\/www.fpecaixa.info\/en\/wp-json\/wp\/v2\/categories?post=5718"},{"taxonomy":"post_tag","embeddable":true,"href":"https:\/\/www.fpecaixa.info\/en\/wp-json\/wp\/v2\/tags?post=5718"}],"curies":[{"name":"wp","href":"https:\/\/api.w.org\/{rel}","templated":true}]}}