{"id":5886,"date":"2025-12-05T13:12:34","date_gmt":"2025-12-05T13:12:34","guid":{"rendered":"https:\/\/www.fpecaixa.info\/?p=5886"},"modified":"2025-12-05T13:12:35","modified_gmt":"2025-12-05T13:12:35","slug":"18o-foro-de-comisiones-de-control","status":"publish","type":"post","link":"https:\/\/www.fpecaixa.info\/en\/18o-foro-de-comisiones-de-control\/","title":{"rendered":"18\u00ba FORO de Comisiones de Control"},"content":{"rendered":"\n<p>El Foro de Comisiones de Control 2025, organizado conjuntamente por <strong>Vidacaixa y la Comisi\u00f3n de Control de PC30,<\/strong>\u00a0 celebr\u00f3 los 25 a\u00f1os del Plan de Pensiones de Empleados de CaixaBank bajo el lema <strong>\u201cLead the Future\u201d<\/strong>, con una jornada dedicada a la innovaci\u00f3n, la colaboraci\u00f3n y el bienestar financiero.<\/p>\n\n\n\n<p>La apertura combin\u00f3 visi\u00f3n de futuro y tecnolog\u00eda con <strong>Sara Escudero<\/strong> y la IA <strong>ELAIA<\/strong>, seguida de la bienvenida de <strong>Tom\u00e1s Muniesa <\/strong>(Caixabank) y la introducci\u00f3n de <strong>Yolanda Blanch <\/strong>(Comisi\u00f3n de Control de PC30<strong>).<\/strong><\/p>\n\n\n\n<p>El evento continu\u00f3 con varios paneles de tem\u00e1tica diversa:<\/p>\n\n\n\n<ul class=\"wp-block-list\">\n<li><strong>Contexto global:<\/strong> an\u00e1lisis de tendencias internacionales con <strong>Carlota Garc\u00eda Encina<\/strong> (Real Instituto Elcano).<\/li>\n\n\n\n<li><strong>Inversi\u00f3n con visi\u00f3n de futuro:<\/strong> estrategias sostenibles y resilientes con <strong>Eduardo Mart\u00ednez de Arag\u00f3n<\/strong> (VidaCaixa), <strong>Kim Catechis<\/strong> (Franklin Templeton Institute) y <strong>Jordi Ribalta<\/strong> (Comisi\u00f3n de Control de PC30).<\/li>\n\n\n\n<li><strong>Impulsar el ahorro colectivo:<\/strong> comunicaci\u00f3n y econonom\u00eda conductual con <strong>Robert Roig<\/strong> (VidaCaixa), <strong>Diego Valero<\/strong> (Novaster) y <strong>Mar\u00eda Jos\u00e9 Valbuena<\/strong> (Comisi\u00f3n de Control de PC30).<\/li>\n\n\n\n<li><strong>Innovaci\u00f3n y aprendizaje global:<\/strong> experiencia en UK con <strong>Clara Armengol<\/strong> (VidaCaixa) y <strong>Charlotte Clark<\/strong> (Association of British Insurers).<\/li>\n\n\n\n<li><strong>Neurociencia y bienestar:<\/strong> c\u00f3mo entrenar el cerebro para tomar mejores decisiones\u00a0 con <strong>Ana Ib\u00e1\u00f1ez<\/strong> (Neurociencia)<\/li>\n\n\n\n<li><strong>Regulaci\u00f3n y futuro del sistema:<\/strong> regulaci\u00f3n y retos con <strong>Jos\u00e9 Antonio Fern\u00e1ndez de Pinto<\/strong> (DGSFP).<\/li>\n<\/ul>\n\n\n\n<p>El encuentro concluy\u00f3 con <strong>Javier Valle<\/strong> (Vidacaixa) destacando el consenso, la comunicaci\u00f3n y la educaci\u00f3n financiera como pilares para seguir construyendo un sistema s\u00f3lido y centrado en las personas.<\/p>\n\n\n\n<p>En el foro aprendimos que vivimos en un entorno global cada vez m\u00e1s complejo e interconectado, donde la incertidumbre en los mercados y en otros \u00e1mbitos, incluido el impacto de la inteligencia artificial, plantea desaf\u00edos significativos para la capacidad de an\u00e1lisis y toma de decisiones del ser humano. Y que una buena manera de afrontar esta realidad es liderar desde la presencia y la inteligencia colectiva.<\/p>\n\n\n\n<p><strong>Nos quedamos con un recuerdo imborrable y con el deseo de seguir creciendo juntos 25 a\u00f1os m\u00e1s.<\/strong><\/p>\n\n\n<div class=\"wp-block-image\">\n<figure class=\"aligncenter size-full\"><img loading=\"lazy\" decoding=\"async\" width=\"640\" height=\"640\" src=\"https:\/\/www.fpecaixa.info\/wp-content\/uploads\/2025\/12\/foro-CdC-2025.jpg\" alt=\"\" class=\"wp-image-5887\" srcset=\"https:\/\/www.fpecaixa.info\/wp-content\/uploads\/2025\/12\/foro-CdC-2025.jpg 640w, https:\/\/www.fpecaixa.info\/wp-content\/uploads\/2025\/12\/foro-CdC-2025-300x300.jpg 300w, https:\/\/www.fpecaixa.info\/wp-content\/uploads\/2025\/12\/foro-CdC-2025-150x150.jpg 150w\" sizes=\"auto, (max-width: 640px) 100vw, 640px\" \/><\/figure>\n<\/div>","protected":false},"excerpt":{"rendered":"<p>El Foro de Comisiones de Control 2025, organizado conjuntamente por Vidacaixa y la Comisi\u00f3n de Control de PC30,\u00a0 celebr\u00f3 los 25 a\u00f1os del Plan de Pensiones de Empleados de CaixaBank bajo el lema \u201cLead the Future\u201d, con una jornada dedicada a la innovaci\u00f3n, la colaboraci\u00f3n y el bienestar financiero. La apertura combin\u00f3 visi\u00f3n de futuro [&hellip;]<\/p>\n","protected":false},"author":11,"featured_media":5887,"comment_status":"closed","ping_status":"open","sticky":false,"template":"","format":"standard","meta":{"_acf_changed":false,"_monsterinsights_skip_tracking":false,"_monsterinsights_sitenote_active":false,"_monsterinsights_sitenote_note":"","_monsterinsights_sitenote_category":0,"footnotes":""},"categories":[10],"tags":[],"class_list":["post-5886","post","type-post","status-publish","format-standard","has-post-thumbnail","hentry","category-noticias"],"acf":[],"yoast_head":"<!-- This site is optimized with the Yoast SEO plugin v27.5 - https:\/\/yoast.com\/product\/yoast-seo-wordpress\/ -->\n<title>18\u00ba FORO de Comisiones de Control - Plan de Pensiones de Empleo (PC30)<\/title>\n<meta name=\"robots\" content=\"index, follow, max-snippet:-1, max-image-preview:large, max-video-preview:-1\" \/>\n<link rel=\"canonical\" href=\"https:\/\/www.fpecaixa.info\/18o-foro-de-comisiones-de-control\/\" \/>\n<meta property=\"og:locale\" content=\"en_US\" \/>\n<meta property=\"og:type\" content=\"article\" \/>\n<meta property=\"og:title\" content=\"18\u00ba FORO de Comisiones de Control - Plan de Pensiones de Empleo (PC30)\" \/>\n<meta property=\"og:description\" content=\"El Foro de Comisiones de Control 2025, organizado conjuntamente por Vidacaixa y la Comisi\u00f3n de Control de PC30,\u00a0 celebr\u00f3 los 25 a\u00f1os del Plan de Pensiones de Empleados de CaixaBank bajo el lema \u201cLead the Future\u201d, con una jornada dedicada a la innovaci\u00f3n, la colaboraci\u00f3n y el bienestar financiero. La apertura combin\u00f3 visi\u00f3n de futuro [&hellip;]\" \/>\n<meta property=\"og:url\" content=\"https:\/\/www.fpecaixa.info\/18o-foro-de-comisiones-de-control\/\" \/>\n<meta property=\"og:site_name\" content=\"Plan de Pensiones de Empleo (PC30)\" \/>\n<meta property=\"article:published_time\" content=\"2025-12-05T13:12:34+00:00\" \/>\n<meta property=\"article:modified_time\" content=\"2025-12-05T13:12:35+00:00\" \/>\n<meta property=\"og:image\" content=\"https:\/\/www.fpecaixa.info\/wp-content\/uploads\/2025\/12\/foro-CdC-2025.jpg\" \/>\n\t<meta property=\"og:image:width\" content=\"640\" \/>\n\t<meta property=\"og:image:height\" content=\"640\" \/>\n\t<meta property=\"og:image:type\" content=\"image\/jpeg\" \/>\n<meta name=\"author\" content=\"yblanch\" \/>\n<meta name=\"twitter:card\" content=\"summary_large_image\" \/>\n<meta name=\"twitter:label1\" content=\"Written by\" \/>\n\t<meta name=\"twitter:data1\" content=\"yblanch\" \/>\n\t<meta name=\"twitter:label2\" content=\"Est. reading time\" \/>\n\t<meta name=\"twitter:data2\" content=\"2 minutes\" \/>\n<script type=\"application\/ld+json\" class=\"yoast-schema-graph\">{\"@context\":\"https:\\\/\\\/schema.org\",\"@graph\":[{\"@type\":\"Article\",\"@id\":\"https:\\\/\\\/www.fpecaixa.info\\\/18o-foro-de-comisiones-de-control\\\/#article\",\"isPartOf\":{\"@id\":\"https:\\\/\\\/www.fpecaixa.info\\\/18o-foro-de-comisiones-de-control\\\/\"},\"author\":{\"name\":\"yblanch\",\"@id\":\"https:\\\/\\\/www.fpecaixa.info\\\/#\\\/schema\\\/person\\\/276aa8e6247bc28c8f474b3e30c15c99\"},\"headline\":\"18\u00ba FORO de Comisiones de Control\",\"datePublished\":\"2025-12-05T13:12:34+00:00\",\"dateModified\":\"2025-12-05T13:12:35+00:00\",\"mainEntityOfPage\":{\"@id\":\"https:\\\/\\\/www.fpecaixa.info\\\/18o-foro-de-comisiones-de-control\\\/\"},\"wordCount\":354,\"image\":{\"@id\":\"https:\\\/\\\/www.fpecaixa.info\\\/18o-foro-de-comisiones-de-control\\\/#primaryimage\"},\"thumbnailUrl\":\"https:\\\/\\\/www.fpecaixa.info\\\/wp-content\\\/uploads\\\/2025\\\/12\\\/foro-CdC-2025.jpg\",\"articleSection\":[\"Noticias\"],\"inLanguage\":\"en-US\"},{\"@type\":\"WebPage\",\"@id\":\"https:\\\/\\\/www.fpecaixa.info\\\/18o-foro-de-comisiones-de-control\\\/\",\"url\":\"https:\\\/\\\/www.fpecaixa.info\\\/18o-foro-de-comisiones-de-control\\\/\",\"name\":\"18\u00ba FORO de Comisiones de Control - Plan de Pensiones de Empleo (PC30)\",\"isPartOf\":{\"@id\":\"https:\\\/\\\/www.fpecaixa.info\\\/#website\"},\"primaryImageOfPage\":{\"@id\":\"https:\\\/\\\/www.fpecaixa.info\\\/18o-foro-de-comisiones-de-control\\\/#primaryimage\"},\"image\":{\"@id\":\"https:\\\/\\\/www.fpecaixa.info\\\/18o-foro-de-comisiones-de-control\\\/#primaryimage\"},\"thumbnailUrl\":\"https:\\\/\\\/www.fpecaixa.info\\\/wp-content\\\/uploads\\\/2025\\\/12\\\/foro-CdC-2025.jpg\",\"datePublished\":\"2025-12-05T13:12:34+00:00\",\"dateModified\":\"2025-12-05T13:12:35+00:00\",\"author\":{\"@id\":\"https:\\\/\\\/www.fpecaixa.info\\\/#\\\/schema\\\/person\\\/276aa8e6247bc28c8f474b3e30c15c99\"},\"breadcrumb\":{\"@id\":\"https:\\\/\\\/www.fpecaixa.info\\\/18o-foro-de-comisiones-de-control\\\/#breadcrumb\"},\"inLanguage\":\"en-US\",\"potentialAction\":[{\"@type\":\"ReadAction\",\"target\":[\"https:\\\/\\\/www.fpecaixa.info\\\/18o-foro-de-comisiones-de-control\\\/\"]}]},{\"@type\":\"ImageObject\",\"inLanguage\":\"en-US\",\"@id\":\"https:\\\/\\\/www.fpecaixa.info\\\/18o-foro-de-comisiones-de-control\\\/#primaryimage\",\"url\":\"https:\\\/\\\/www.fpecaixa.info\\\/wp-content\\\/uploads\\\/2025\\\/12\\\/foro-CdC-2025.jpg\",\"contentUrl\":\"https:\\\/\\\/www.fpecaixa.info\\\/wp-content\\\/uploads\\\/2025\\\/12\\\/foro-CdC-2025.jpg\",\"width\":640,\"height\":640},{\"@type\":\"BreadcrumbList\",\"@id\":\"https:\\\/\\\/www.fpecaixa.info\\\/18o-foro-de-comisiones-de-control\\\/#breadcrumb\",\"itemListElement\":[{\"@type\":\"ListItem\",\"position\":1,\"name\":\"Home\",\"item\":\"https:\\\/\\\/www.fpecaixa.info\\\/en\\\/\"},{\"@type\":\"ListItem\",\"position\":2,\"name\":\"Noticias\",\"item\":\"https:\\\/\\\/www.fpecaixa.info\\\/category\\\/noticias\\\/\"},{\"@type\":\"ListItem\",\"position\":3,\"name\":\"18\u00ba FORO de Comisiones de Control\"}]},{\"@type\":\"WebSite\",\"@id\":\"https:\\\/\\\/www.fpecaixa.info\\\/#website\",\"url\":\"https:\\\/\\\/www.fpecaixa.info\\\/\",\"name\":\"Plan de Pensiones de Empleo (PC30)\",\"description\":\"Web informativa para el Plan de Pensiones de Empleo (PC30) de trabajadores de Caixabank\",\"potentialAction\":[{\"@type\":\"SearchAction\",\"target\":{\"@type\":\"EntryPoint\",\"urlTemplate\":\"https:\\\/\\\/www.fpecaixa.info\\\/?s={search_term_string}\"},\"query-input\":{\"@type\":\"PropertyValueSpecification\",\"valueRequired\":true,\"valueName\":\"search_term_string\"}}],\"inLanguage\":\"en-US\"},{\"@type\":\"Person\",\"@id\":\"https:\\\/\\\/www.fpecaixa.info\\\/#\\\/schema\\\/person\\\/276aa8e6247bc28c8f474b3e30c15c99\",\"name\":\"yblanch\",\"image\":{\"@type\":\"ImageObject\",\"inLanguage\":\"en-US\",\"@id\":\"https:\\\/\\\/secure.gravatar.com\\\/avatar\\\/cf47a2caaa03985056d0c2f0c334709ce05432979b4a5332a281a6514e472491?s=96&d=mm&r=g\",\"url\":\"https:\\\/\\\/secure.gravatar.com\\\/avatar\\\/cf47a2caaa03985056d0c2f0c334709ce05432979b4a5332a281a6514e472491?s=96&d=mm&r=g\",\"contentUrl\":\"https:\\\/\\\/secure.gravatar.com\\\/avatar\\\/cf47a2caaa03985056d0c2f0c334709ce05432979b4a5332a281a6514e472491?s=96&d=mm&r=g\",\"caption\":\"yblanch\"},\"url\":\"https:\\\/\\\/www.fpecaixa.info\\\/en\\\/author\\\/yblanch\\\/\"}]}<\/script>\n<!-- \/ Yoast SEO plugin. -->","yoast_head_json":{"title":"18\u00ba FORO de Comisiones de Control - Plan de Pensiones de Empleo (PC30)","robots":{"index":"index","follow":"follow","max-snippet":"max-snippet:-1","max-image-preview":"max-image-preview:large","max-video-preview":"max-video-preview:-1"},"canonical":"https:\/\/www.fpecaixa.info\/18o-foro-de-comisiones-de-control\/","og_locale":"en_US","og_type":"article","og_title":"18\u00ba FORO de Comisiones de Control - Plan de Pensiones de Empleo (PC30)","og_description":"El Foro de Comisiones de Control 2025, organizado conjuntamente por Vidacaixa y la Comisi\u00f3n de Control de PC30,\u00a0 celebr\u00f3 los 25 a\u00f1os del Plan de Pensiones de Empleados de CaixaBank bajo el lema \u201cLead the Future\u201d, con una jornada dedicada a la innovaci\u00f3n, la colaboraci\u00f3n y el bienestar financiero. La apertura combin\u00f3 visi\u00f3n de futuro [&hellip;]","og_url":"https:\/\/www.fpecaixa.info\/18o-foro-de-comisiones-de-control\/","og_site_name":"Plan de Pensiones de Empleo (PC30)","article_published_time":"2025-12-05T13:12:34+00:00","article_modified_time":"2025-12-05T13:12:35+00:00","og_image":[{"width":640,"height":640,"url":"https:\/\/www.fpecaixa.info\/wp-content\/uploads\/2025\/12\/foro-CdC-2025.jpg","type":"image\/jpeg"}],"author":"yblanch","twitter_card":"summary_large_image","twitter_misc":{"Written by":"yblanch","Est. reading time":"2 minutes"},"schema":{"@context":"https:\/\/schema.org","@graph":[{"@type":"Article","@id":"https:\/\/www.fpecaixa.info\/18o-foro-de-comisiones-de-control\/#article","isPartOf":{"@id":"https:\/\/www.fpecaixa.info\/18o-foro-de-comisiones-de-control\/"},"author":{"name":"yblanch","@id":"https:\/\/www.fpecaixa.info\/#\/schema\/person\/276aa8e6247bc28c8f474b3e30c15c99"},"headline":"18\u00ba FORO de Comisiones de Control","datePublished":"2025-12-05T13:12:34+00:00","dateModified":"2025-12-05T13:12:35+00:00","mainEntityOfPage":{"@id":"https:\/\/www.fpecaixa.info\/18o-foro-de-comisiones-de-control\/"},"wordCount":354,"image":{"@id":"https:\/\/www.fpecaixa.info\/18o-foro-de-comisiones-de-control\/#primaryimage"},"thumbnailUrl":"https:\/\/www.fpecaixa.info\/wp-content\/uploads\/2025\/12\/foro-CdC-2025.jpg","articleSection":["Noticias"],"inLanguage":"en-US"},{"@type":"WebPage","@id":"https:\/\/www.fpecaixa.info\/18o-foro-de-comisiones-de-control\/","url":"https:\/\/www.fpecaixa.info\/18o-foro-de-comisiones-de-control\/","name":"18\u00ba FORO de Comisiones de Control - Plan de Pensiones de Empleo (PC30)","isPartOf":{"@id":"https:\/\/www.fpecaixa.info\/#website"},"primaryImageOfPage":{"@id":"https:\/\/www.fpecaixa.info\/18o-foro-de-comisiones-de-control\/#primaryimage"},"image":{"@id":"https:\/\/www.fpecaixa.info\/18o-foro-de-comisiones-de-control\/#primaryimage"},"thumbnailUrl":"https:\/\/www.fpecaixa.info\/wp-content\/uploads\/2025\/12\/foro-CdC-2025.jpg","datePublished":"2025-12-05T13:12:34+00:00","dateModified":"2025-12-05T13:12:35+00:00","author":{"@id":"https:\/\/www.fpecaixa.info\/#\/schema\/person\/276aa8e6247bc28c8f474b3e30c15c99"},"breadcrumb":{"@id":"https:\/\/www.fpecaixa.info\/18o-foro-de-comisiones-de-control\/#breadcrumb"},"inLanguage":"en-US","potentialAction":[{"@type":"ReadAction","target":["https:\/\/www.fpecaixa.info\/18o-foro-de-comisiones-de-control\/"]}]},{"@type":"ImageObject","inLanguage":"en-US","@id":"https:\/\/www.fpecaixa.info\/18o-foro-de-comisiones-de-control\/#primaryimage","url":"https:\/\/www.fpecaixa.info\/wp-content\/uploads\/2025\/12\/foro-CdC-2025.jpg","contentUrl":"https:\/\/www.fpecaixa.info\/wp-content\/uploads\/2025\/12\/foro-CdC-2025.jpg","width":640,"height":640},{"@type":"BreadcrumbList","@id":"https:\/\/www.fpecaixa.info\/18o-foro-de-comisiones-de-control\/#breadcrumb","itemListElement":[{"@type":"ListItem","position":1,"name":"Home","item":"https:\/\/www.fpecaixa.info\/en\/"},{"@type":"ListItem","position":2,"name":"Noticias","item":"https:\/\/www.fpecaixa.info\/category\/noticias\/"},{"@type":"ListItem","position":3,"name":"18\u00ba FORO de Comisiones de Control"}]},{"@type":"WebSite","@id":"https:\/\/www.fpecaixa.info\/#website","url":"https:\/\/www.fpecaixa.info\/","name":"Plan de Pensiones de Empleo (PC30)","description":"Web informativa para el Plan de Pensiones de Empleo (PC30) de trabajadores de Caixabank","potentialAction":[{"@type":"SearchAction","target":{"@type":"EntryPoint","urlTemplate":"https:\/\/www.fpecaixa.info\/?s={search_term_string}"},"query-input":{"@type":"PropertyValueSpecification","valueRequired":true,"valueName":"search_term_string"}}],"inLanguage":"en-US"},{"@type":"Person","@id":"https:\/\/www.fpecaixa.info\/#\/schema\/person\/276aa8e6247bc28c8f474b3e30c15c99","name":"yblanch","image":{"@type":"ImageObject","inLanguage":"en-US","@id":"https:\/\/secure.gravatar.com\/avatar\/cf47a2caaa03985056d0c2f0c334709ce05432979b4a5332a281a6514e472491?s=96&d=mm&r=g","url":"https:\/\/secure.gravatar.com\/avatar\/cf47a2caaa03985056d0c2f0c334709ce05432979b4a5332a281a6514e472491?s=96&d=mm&r=g","contentUrl":"https:\/\/secure.gravatar.com\/avatar\/cf47a2caaa03985056d0c2f0c334709ce05432979b4a5332a281a6514e472491?s=96&d=mm&r=g","caption":"yblanch"},"url":"https:\/\/www.fpecaixa.info\/en\/author\/yblanch\/"}]}},"_links":{"self":[{"href":"https:\/\/www.fpecaixa.info\/en\/wp-json\/wp\/v2\/posts\/5886","targetHints":{"allow":["GET"]}}],"collection":[{"href":"https:\/\/www.fpecaixa.info\/en\/wp-json\/wp\/v2\/posts"}],"about":[{"href":"https:\/\/www.fpecaixa.info\/en\/wp-json\/wp\/v2\/types\/post"}],"author":[{"embeddable":true,"href":"https:\/\/www.fpecaixa.info\/en\/wp-json\/wp\/v2\/users\/11"}],"replies":[{"embeddable":true,"href":"https:\/\/www.fpecaixa.info\/en\/wp-json\/wp\/v2\/comments?post=5886"}],"version-history":[{"count":4,"href":"https:\/\/www.fpecaixa.info\/en\/wp-json\/wp\/v2\/posts\/5886\/revisions"}],"predecessor-version":[{"id":5891,"href":"https:\/\/www.fpecaixa.info\/en\/wp-json\/wp\/v2\/posts\/5886\/revisions\/5891"}],"wp:featuredmedia":[{"embeddable":true,"href":"https:\/\/www.fpecaixa.info\/en\/wp-json\/wp\/v2\/media\/5887"}],"wp:attachment":[{"href":"https:\/\/www.fpecaixa.info\/en\/wp-json\/wp\/v2\/media?parent=5886"}],"wp:term":[{"taxonomy":"category","embeddable":true,"href":"https:\/\/www.fpecaixa.info\/en\/wp-json\/wp\/v2\/categories?post=5886"},{"taxonomy":"post_tag","embeddable":true,"href":"https:\/\/www.fpecaixa.info\/en\/wp-json\/wp\/v2\/tags?post=5886"}],"curies":[{"name":"wp","href":"https:\/\/api.w.org\/{rel}","templated":true}]}}